{"id":10095,"date":"2022-12-31T12:09:59","date_gmt":"2022-12-31T15:09:59","guid":{"rendered":"https:\/\/ejornais.com.br\/?p=10095"},"modified":"2022-12-31T12:09:59","modified_gmt":"2022-12-31T15:09:59","slug":"com-auxilio-de-municipes-humanizacao-acolhe-26-pessoas-em-situacao-de-rua-nesta-sexta-feira-30-agencia-de-noticias","status":"publish","type":"post","link":"https:\/\/ejornais.com.br\/index.php\/2022\/12\/31\/com-auxilio-de-municipes-humanizacao-acolhe-26-pessoas-em-situacao-de-rua-nesta-sexta-feira-30-agencia-de-noticias\/","title":{"rendered":"Com aux\u00edlio de mun\u00edcipes, \u201cHumanizA\u00e7\u00e3o\u201d acolhe 26 pessoas em situa\u00e7\u00e3o de rua nesta sexta-feira (30) &#8211; Ag\u00eancia de Not\u00edcias"},"content":{"rendered":"<\/p>\n<p>As equipes do programa \u201cHumaniza\u00e7\u00e3o\u201d realizaram mais uma a\u00e7\u00e3o de abordagem social, nesta sexta-feira (30), atendendo um total de 45 pessoas em situa\u00e7\u00e3o de rua, em diferentes pontos da cidade, sendo que 26 delas aceitaram receber acolhimento no Servi\u00e7o de Obras Sociais (SOS). No local, tiveram \u00e0 disposi\u00e7\u00e3o, al\u00e9m do pernoite, alimenta\u00e7\u00e3o completa, roupas e toalhas limpas, banho quente e cuidados de higiene.<\/p>\n<p>Contando tamb\u00e9m com informa\u00e7\u00f5es de mun\u00edcipes, foram percorridos os seguintes endere\u00e7os: Av. Afonso Vergueiro, imedia\u00e7\u00f5es do Cemit\u00e9rio da Saudade e da UPH Zona Norte, Rua S\u00e3o Bento, Rua Sete de Setembro, Rua Hermelino Matarazzo, Av. Moreira C\u00e9sar, Av. Vin\u00edcius de Moraes, Pra\u00e7a Cel. Fernando Prestes; Rua da Penha, Rodovi\u00e1ria, Rua Saldanha Marinho, Rua Santana, Av. Nogueira Padilha, Pra\u00e7a Tadeu Strunck, Viaduto Raul Jos\u00e9 Jebaili, Av. D. Aguirre e Av. S\u00e3o Paulo.<\/p>\n<p>Realizado de forma integrada, o programa municipal re\u00fane profissionais da Secretaria de Seguran\u00e7a Urbana (Sesu), da Secretaria da Cidadania (Secid), com sua Coordenadoria de \u00c1lcool e Outras Drogas junto \u00e0 Divis\u00e3o de Pol\u00edtica para Pessoas em Situa\u00e7\u00e3o de Rua, al\u00e9m da Secretaria da Sa\u00fade (SES). Tamb\u00e9m conta com o importante aux\u00edlio da Guarda Civil Municipal (GCM), da Secretaria de Servi\u00e7os P\u00fablicos e Obras (Serpo) e da Urbes \u2013 Tr\u00e2nsito e Transportes.<\/p>\n<p>Os mun\u00edcipes podem sempre colaborar com o programa municipal, informando os locais da cidade onde haja pessoas em situa\u00e7\u00e3o de rua necessitando de cuidados e acolhimento, assim como doando roupas, cobertores e alimentos. O contato pode ser feito pelo WhatsApp (15) 99666-2636, que pode ser acessado 24h por dia, ou pelos telefones: (15) 3229-0777, do SOS; (15) 3212-6900, da Secretaria da Cidadania (Secid) e 153, da Guarda Civil Municipal (GCM).<\/p>\n<p><strong>Foto: GCM\/Divulga\u00e7\u00e3o<\/strong><\/p>\n","protected":false},"excerpt":{"rendered":"<p>As equipes do programa \u201cHumaniza\u00e7\u00e3o\u201d realizaram mais uma a\u00e7\u00e3o de abordagem social, nesta sexta-feira (30), atendendo um total de 45<\/p>\n","protected":false},"author":1,"featured_media":0,"comment_status":"closed","ping_status":"closed","sticky":false,"template":"","format":"standard","meta":{"colormag_page_container_layout":"default_layout","colormag_page_sidebar_layout":"default_layout","footnotes":""},"categories":[46],"tags":[],"class_list":["post-10095","post","type-post","status-publish","format-standard","hentry","category-noticias"],"aioseo_notices":[],"amp_enabled":true,"_links":{"self":[{"href":"https:\/\/ejornais.com.br\/index.php\/wp-json\/wp\/v2\/posts\/10095","targetHints":{"allow":["GET"]}}],"collection":[{"href":"https:\/\/ejornais.com.br\/index.php\/wp-json\/wp\/v2\/posts"}],"about":[{"href":"https:\/\/ejornais.com.br\/index.php\/wp-json\/wp\/v2\/types\/post"}],"author":[{"embeddable":true,"href":"https:\/\/ejornais.com.br\/index.php\/wp-json\/wp\/v2\/users\/1"}],"replies":[{"embeddable":true,"href":"https:\/\/ejornais.com.br\/index.php\/wp-json\/wp\/v2\/comments?post=10095"}],"version-history":[{"count":1,"href":"https:\/\/ejornais.com.br\/index.php\/wp-json\/wp\/v2\/posts\/10095\/revisions"}],"predecessor-version":[{"id":10096,"href":"https:\/\/ejornais.com.br\/index.php\/wp-json\/wp\/v2\/posts\/10095\/revisions\/10096"}],"wp:attachment":[{"href":"https:\/\/ejornais.com.br\/index.php\/wp-json\/wp\/v2\/media?parent=10095"}],"wp:term":[{"taxonomy":"category","embeddable":true,"href":"https:\/\/ejornais.com.br\/index.php\/wp-json\/wp\/v2\/categories?post=10095"},{"taxonomy":"post_tag","embeddable":true,"href":"https:\/\/ejornais.com.br\/index.php\/wp-json\/wp\/v2\/tags?post=10095"}],"curies":[{"name":"wp","href":"https:\/\/api.w.org\/{rel}","templated":true}]}}