{"id":10295,"date":"2023-01-09T07:09:47","date_gmt":"2023-01-09T10:09:47","guid":{"rendered":"https:\/\/ejornais.com.br\/?p=10295"},"modified":"2023-01-09T07:09:47","modified_gmt":"2023-01-09T10:09:47","slug":"dezesseis-jovens-sao-detidos-por-agentes-do-brt-seguro-por-cometerem-vandalismo-no-brt-prefeitura-da-cidade-do-rio-de-janeiro-prefeitura-rio","status":"publish","type":"post","link":"https:\/\/ejornais.com.br\/index.php\/2023\/01\/09\/dezesseis-jovens-sao-detidos-por-agentes-do-brt-seguro-por-cometerem-vandalismo-no-brt-prefeitura-da-cidade-do-rio-de-janeiro-prefeitura-rio\/","title":{"rendered":"Dezesseis jovens s\u00e3o detidos por agentes do BRT Seguro por cometerem vandalismo no BRT &#8211; Prefeitura da Cidade do Rio de Janeiro &#8211; prefeitura.rio"},"content":{"rendered":"\n<p>Agentes do BRT Seguro, da Secretaria de Ordem P\u00fablica (Seop), detiveram 16 jovens por pr\u00e1tica de vandalismo dentro de um BRT da nova frota, na noite de s\u00e1bado (7\/1). Eles embarcaram na esta\u00e7\u00e3o do BRT Marechal Fontenelle, no corredor Transol\u00edmpica, e cometeram v\u00e1rias a\u00e7\u00f5es de vandalismo dentro do \u00f4nibus, arrancando at\u00e9 os martelinhos de emerg\u00eancia para as janelas. Os agentes do BRT Seguro foram avisados pelo Centro de Controle Operacional da Mobi-Rio, ap\u00f3s informa\u00e7\u00e3o do motorista articulado, detendo rapidamente o grupo, que desembarcou na esta\u00e7\u00e3o do BRT Via Parque. Os jovens foram encaminhados para 16\u00aa delegacia e cinco martelinhos, recuperados.<\/p>\n<p>Tamb\u00e9m na noite de s\u00e1bado, no Terminal Alvorada, um funcion\u00e1rio da Mobi-Rio flagrou dentro de um articulado novo que fazia a linha 53 (Alvorada x Sulacap expresso) a destrui\u00e7\u00e3o da caixa do martelinho de seguran\u00e7a e sua retirada. Ele deteve o autor do vandalismo e chamou um agente do BRT Seguro. Foi feito registro de ocorr\u00eancia na 16\u00aa DP, onde o autor, um menor, ficou apreendido.<\/p>\n<p>Essas a\u00e7\u00f5es acabam atrapalhando com a rotina operacional do transporte e na vida da popula\u00e7\u00e3o que usa o BRT. A Mobi-Rio tem um gasto mensal de R$ 450 mil com vandalismo na frota, e a Seop refor\u00e7a a import\u00e2ncia das pessoas ajudarem denunciando a\u00e7\u00f5es como essa durante as viagens.<\/p>\n<p><strong>A\u00e7\u00f5es do BRT Seguro em 2022<\/strong><\/p>\n<p>Os agentes do BRT Seguro conduziram 1.479 pessoas \u00e0 delegacia, por furto ou vandalismo, nas esta\u00e7\u00f5es e terminais. O programa \u00e9 respons\u00e1vel por refor\u00e7ar o patrulhamento nas esta\u00e7\u00f5es deste meio de transporte com a presen\u00e7a de guardas municipais e policiais militares.<\/p>\n<h4>Compartilhe<\/h4>\n<p>Categoria: <\/p>\n<li>8 de janeiro de 2023<\/li>\n<p> \t\t\t\t\t \t\t\t\t\t \t\t\t    \t\t\t\t \t\t\t\t\tMarca\u00e7\u00f5es: apreens\u00e3o BRT seguro MOBI-Rio Ordem P\u00fablica sistema BRT Vandalismo\t\t\t\t \t\t\t              \t\t\t \t\t\t\t \t\t\t\t\t\t \t\t\t\t\t\t\t<\/p>\n<h3><\/h3>\n<h3>Not\u00edcias<\/h3>\n<h4>Riotur abre inscri\u00e7\u00f5es para a sele\u00e7\u00e3o Rio Digital Influencer 2023<\/h4>\n<p>  \t\t\t\t\t  8 de janeiro de 2023                  \t\t\t                 \t\t\t\t\t  <\/p>\n<h4>Esta\u00e7\u00e3o Ilha de Guaratiba ser\u00e1 interditada no sentido Alvorada para obras na pista exclusiva<\/h4>\n<p>  \t\t\t\t\t  8 de janeiro de 2023                  \t\t\t                 \t\t\t\t\t  <\/p>\n<h4>JUVRio inaugura na ter\u00e7a-feira Espa\u00e7o da Juventude na Cidade de Deus com 150 vagas para cursos em tecnologia 4.0<\/h4>\n<p>  \t\t\t\t\t  8 de janeiro de 2023                  \t\t\t                 \t\t\t\t\t  <\/p>\n<h4>Rio inicia na segunda-feira a vacina\u00e7\u00e3o da dose de refor\u00e7o contra a Covid-19 em crian\u00e7as de 5 a 11 anos<\/h4>\n<p>  \t\t\t\t\t  7 de janeiro de 2023                  \t\t\t                 \t\t\t\t\t  <\/p>\n<h4>Chafariz da Pra\u00e7a Seca \u00e9 devolvido \u00e0 popula\u00e7\u00e3o<\/h4>\n<p>  \t\t\t\t\t  7 de janeiro de 2023                  \t\t\t<\/ul>\n<p>         \t                                             &lt; Voltar              <\/p>\n","protected":false},"excerpt":{"rendered":"<p>Agentes do BRT Seguro, da Secretaria de Ordem P\u00fablica (Seop), detiveram 16 jovens por pr\u00e1tica de vandalismo dentro de um<\/p>\n","protected":false},"author":1,"featured_media":0,"comment_status":"closed","ping_status":"closed","sticky":false,"template":"","format":"standard","meta":{"colormag_page_container_layout":"default_layout","colormag_page_sidebar_layout":"default_layout","footnotes":""},"categories":[46],"tags":[],"class_list":["post-10295","post","type-post","status-publish","format-standard","hentry","category-noticias"],"aioseo_notices":[],"amp_enabled":true,"_links":{"self":[{"href":"https:\/\/ejornais.com.br\/index.php\/wp-json\/wp\/v2\/posts\/10295","targetHints":{"allow":["GET"]}}],"collection":[{"href":"https:\/\/ejornais.com.br\/index.php\/wp-json\/wp\/v2\/posts"}],"about":[{"href":"https:\/\/ejornais.com.br\/index.php\/wp-json\/wp\/v2\/types\/post"}],"author":[{"embeddable":true,"href":"https:\/\/ejornais.com.br\/index.php\/wp-json\/wp\/v2\/users\/1"}],"replies":[{"embeddable":true,"href":"https:\/\/ejornais.com.br\/index.php\/wp-json\/wp\/v2\/comments?post=10295"}],"version-history":[{"count":1,"href":"https:\/\/ejornais.com.br\/index.php\/wp-json\/wp\/v2\/posts\/10295\/revisions"}],"predecessor-version":[{"id":10296,"href":"https:\/\/ejornais.com.br\/index.php\/wp-json\/wp\/v2\/posts\/10295\/revisions\/10296"}],"wp:attachment":[{"href":"https:\/\/ejornais.com.br\/index.php\/wp-json\/wp\/v2\/media?parent=10295"}],"wp:term":[{"taxonomy":"category","embeddable":true,"href":"https:\/\/ejornais.com.br\/index.php\/wp-json\/wp\/v2\/categories?post=10295"},{"taxonomy":"post_tag","embeddable":true,"href":"https:\/\/ejornais.com.br\/index.php\/wp-json\/wp\/v2\/tags?post=10295"}],"curies":[{"name":"wp","href":"https:\/\/api.w.org\/{rel}","templated":true}]}}