{"id":10449,"date":"2023-01-16T06:11:48","date_gmt":"2023-01-16T09:11:48","guid":{"rendered":"https:\/\/ejornais.com.br\/?p=10449"},"modified":"2023-01-16T06:11:48","modified_gmt":"2023-01-16T09:11:48","slug":"equipes-do-humanizacao-acolhem-37-pessoas-em-situacao-de-rua-na-noite-de-sabado-14-agencia-de-noticias","status":"publish","type":"post","link":"https:\/\/ejornais.com.br\/index.php\/2023\/01\/16\/equipes-do-humanizacao-acolhem-37-pessoas-em-situacao-de-rua-na-noite-de-sabado-14-agencia-de-noticias\/","title":{"rendered":"Equipes do \u201cHumanizA\u00e7\u00e3o\u201d acolhem 37 pessoas em situa\u00e7\u00e3o de rua na noite de s\u00e1bado (14) &#8211; Ag\u00eancia de Not\u00edcias"},"content":{"rendered":"<\/p>\n<p>Em mais uma a\u00e7\u00e3o de abordagem social especializada, as equipes do \u201cHumanizA\u00e7\u00e3o\u201d realizaram, na noite de s\u00e1bado (14), atendimentos a 78 pessoas em situa\u00e7\u00e3o de rua, sendo que 37 delas aceitaram receber acolhimento no Servi\u00e7o de Obras Sociais (SOS). L\u00e1, s\u00e3o disponibilizados aos abrigados, al\u00e9m do pernoite, alimenta\u00e7\u00e3o completa, roupas e toalhas limpas, banho quente e cuidados de higiene.<\/p>\n<p>As equipes percorreram os seguintes endere\u00e7os: Pra\u00e7a Frei Bara\u00fana; Rua Moacyr Figueira; Pra\u00e7a Frank Speers; ; Pra\u00e7a Central; Pra\u00e7a do Rel\u00f3gio; Av. S\u00e3o Paulo; Rodovi\u00e1ria; Rua Pocha Pombo; Rua Inglaterra; Rua Rio de Janeiro; Pra\u00e7a M\u00e3e Preta; Pra\u00e7a Dom Tadeu Strunck; Av. Dom Aguirre; Pra\u00e7a Lions; Pra\u00e7a do Rel\u00f3gio; Av. Afonso Vergueiro; Mosteiro S\u00e3o Bento; imedia\u00e7\u00f5es da UPH Zona Oeste, UPH Zona norte e Cemit\u00e9rio da Saudade.<\/p>\n<p>Realizado de forma integrada, o programa municipal re\u00fane profissionais da Secretaria de Seguran\u00e7a Urbana (Sesu), da Secretaria da Cidadania (Secid), com sua Coordenadoria de \u00c1lcool e Outras Drogas junto \u00e0 Divis\u00e3o de Pol\u00edtica para Pessoas em Situa\u00e7\u00e3o de Rua, al\u00e9m da Secretaria da Sa\u00fade (SES). Tamb\u00e9m conta com o importante aux\u00edlio da Guarda Civil Municipal (GCM), da Secretaria de Servi\u00e7os P\u00fablicos e Obras (Serpo) e da Urbes \u2013 Tr\u00e2nsito e Transportes.<\/p>\n<p><strong>Saiba como ajudar<\/strong><\/p>\n<p>A popula\u00e7\u00e3o pode sempre colaborar com as atividades do programa, informando os locais da cidade onde haja pessoas em situa\u00e7\u00e3o de rua necessitando de cuidados e acolhimento, assim como doando roupas, cobertores e alimentos. O contato pode ser feito pelo WhatsApp (15) 99666-2636, que pode ser acessado 24h por dia, ou pelos telefones: (15) 3229-0777, do SOS; (15) 3212-6900, da Secretaria da Cidadania (Secid) e 153, da Guarda Civil Municipal (GCM).<\/p>\n","protected":false},"excerpt":{"rendered":"<p>Em mais uma a\u00e7\u00e3o de abordagem social especializada, as equipes do \u201cHumanizA\u00e7\u00e3o\u201d realizaram, na noite de s\u00e1bado (14), atendimentos a<\/p>\n","protected":false},"author":1,"featured_media":0,"comment_status":"closed","ping_status":"closed","sticky":false,"template":"","format":"standard","meta":{"colormag_page_container_layout":"default_layout","colormag_page_sidebar_layout":"default_layout","footnotes":""},"categories":[46],"tags":[],"class_list":["post-10449","post","type-post","status-publish","format-standard","hentry","category-noticias"],"aioseo_notices":[],"amp_enabled":true,"_links":{"self":[{"href":"https:\/\/ejornais.com.br\/index.php\/wp-json\/wp\/v2\/posts\/10449","targetHints":{"allow":["GET"]}}],"collection":[{"href":"https:\/\/ejornais.com.br\/index.php\/wp-json\/wp\/v2\/posts"}],"about":[{"href":"https:\/\/ejornais.com.br\/index.php\/wp-json\/wp\/v2\/types\/post"}],"author":[{"embeddable":true,"href":"https:\/\/ejornais.com.br\/index.php\/wp-json\/wp\/v2\/users\/1"}],"replies":[{"embeddable":true,"href":"https:\/\/ejornais.com.br\/index.php\/wp-json\/wp\/v2\/comments?post=10449"}],"version-history":[{"count":1,"href":"https:\/\/ejornais.com.br\/index.php\/wp-json\/wp\/v2\/posts\/10449\/revisions"}],"predecessor-version":[{"id":10450,"href":"https:\/\/ejornais.com.br\/index.php\/wp-json\/wp\/v2\/posts\/10449\/revisions\/10450"}],"wp:attachment":[{"href":"https:\/\/ejornais.com.br\/index.php\/wp-json\/wp\/v2\/media?parent=10449"}],"wp:term":[{"taxonomy":"category","embeddable":true,"href":"https:\/\/ejornais.com.br\/index.php\/wp-json\/wp\/v2\/categories?post=10449"},{"taxonomy":"post_tag","embeddable":true,"href":"https:\/\/ejornais.com.br\/index.php\/wp-json\/wp\/v2\/tags?post=10449"}],"curies":[{"name":"wp","href":"https:\/\/api.w.org\/{rel}","templated":true}]}}