{"id":10749,"date":"2023-01-30T00:09:48","date_gmt":"2023-01-30T03:09:48","guid":{"rendered":"https:\/\/ejornais.com.br\/?p=10749"},"modified":"2023-01-30T00:09:48","modified_gmt":"2023-01-30T03:09:48","slug":"prefeitura-reinaugura-mais-uma-upa-na-zona-oeste-prefeitura-da-cidade-do-rio-de-janeiro-prefeitura-rio","status":"publish","type":"post","link":"https:\/\/ejornais.com.br\/index.php\/2023\/01\/30\/prefeitura-reinaugura-mais-uma-upa-na-zona-oeste-prefeitura-da-cidade-do-rio-de-janeiro-prefeitura-rio\/","title":{"rendered":"Prefeitura reinaugura mais uma UPA na Zona Oeste &#8211; Prefeitura da Cidade do Rio de Janeiro &#8211; prefeitura.rio"},"content":{"rendered":"<p>                                                      A unidade passou por reformas estruturais para oferecer mais conforto e um servi\u00e7o de qualidade &#8211; Edu Kapps\/Prefeitura do Rio                                     <\/p>\n<p>A Secretaria Municipal de Sa\u00fade do Rio de Janeiro (SMS) reinaugurou, neste domingo (29\/1), a UPA de Senador Camar\u00e1, na Zona Oeste da cidade. A unidade passou por reformas estruturais para oferecer mais conforto e um servi\u00e7o de qualidade aos usu\u00e1rios, al\u00e9m de melhores condi\u00e7\u00f5es de trabalho aos profissionais de sa\u00fade. As obras foram feitas sem que o atendimento \u00e0 popula\u00e7\u00e3o fosse interrompido.<\/p>\n<p>As melhorias inclu\u00edram troca de piso e telhado, pintura, instala\u00e7\u00e3o de novos aparelhos de ar condicionado \u2013 garantindo a climatiza\u00e7\u00e3o total do ambiente \u2013, aquisi\u00e7\u00e3o de mobili\u00e1rio e equipamentos e nova comunica\u00e7\u00e3o visual.<\/p>\n<p>&#8211; Hoje estamos reinaugurando a UPA Senador Camar\u00e1, unidade que foi abandonada na antiga gest\u00e3o. Eram muitos problemas estruturais, com piso afundando, telhado vazando. Mas agora ela est\u00e1 em condi\u00e7\u00f5es de oferecer o atendimento que a popula\u00e7\u00e3o carioca merece &#8211; destacou o secret\u00e1rio municipal de Sa\u00fade, Daniel Soranz.<\/p>\n<p>A unidade realiza, em m\u00e9dia, 10 mil atendimentos por m\u00eas e possui estrutura completa, com seis consult\u00f3rios m\u00e9dicos (quatro de cl\u00ednica m\u00e9dica e dois pedi\u00e1tricos); um odontol\u00f3gico; dois consult\u00f3rios de classifica\u00e7\u00e3o de risco; e um de servi\u00e7o social; al\u00e9m de 17 leitos. S\u00e3o disponibilizados aos pacientes exames de raio-x e cl\u00ednicos.<\/p>\n<p> A unidade realiza, em m\u00e9dia, 10 mil atendimentos por m\u00eas e possui estrutura completa &#8211; Edu Kapps\/Prefeitura do Rio <\/p>\n<p>&nbsp;<\/p>\n<p>L\u00edder comunit\u00e1ria do Rio da Prata, Alessandra Oliveira, de 49 anos, comemorou as melhorias da unidade:<\/p>\n<p>&#8211; N\u00e3o tenho do que reclamar, tanto da UPA Senador Camar\u00e1 quanto das cl\u00ednicas da fam\u00edlia. Est\u00e1 melhorando muito. Antes n\u00e3o tinha m\u00e9dico, agora t\u00e1 toda completa, e novinha.<\/p>\n<p>Al\u00e9m da inaugura\u00e7\u00e3o da UPA de Del Castilho, e das reformas das UPAs de Engenho de Dentro e Senador Camar\u00e1, todas as demais 12 UPAs da rede municipal est\u00e3o passando por melhorias, v\u00e1rias delas por reformas completas.<\/p>\n<p>A UPA Senador Camar\u00e1 funciona 24 horas por dia, atendendo a casos de urg\u00eancia e emerg\u00eancia. A unidade est\u00e1 localizada na Avenida de Santa Cruz, 6.486, em Senador Camar\u00e1.<\/p>\n<p> A UPA possui dois consult\u00f3rios pedi\u00e1tricos &#8211; Edu Kapps\/Prefeitura do Rio                \t\t\t\t \t\t\t\t \t\t\t \t\t               \t\t\t      <\/p>\n<h4>Compartilhe<\/h4>\n<p>Categoria: <\/p>\n<li>29 de janeiro de 2023<\/li>\n<p> \t\t\t\t\t \t\t\t\t\t \t\t\t    \t\t\t\t \t\t\t\t\tMarca\u00e7\u00f5es: Prefeitura do Rio reforma reinaugura\u00e7\u00e3o sa\u00fade UPA Senador Camar\u00e1\t\t\t\t \t\t\t              \t\t\t \t\t\t\t \t\t\t\t\t\t \t\t\t\t\t\t\t<\/p>\n<h3><\/h3>\n<h3>Not\u00edcias<\/h3>\n<h4>Prefeitura reforma duas quadras poliesportivas, nas comunidades do Salgueiro e da Casa Branca, al\u00e9m de pra\u00e7as na grande Tijuca<\/h4>\n<p>  \t\t\t\t\t  29 de janeiro de 2023                  \t\t\t                 \t\t\t\t\t  <\/p>\n<h4>Prefeitura entrega a revitaliza\u00e7\u00e3o do Monte das Ora\u00e7\u00f5es, na Ilha do Governador, e outras obras pela cidade<\/h4>\n<p>  \t\t\t\t\t  28 de janeiro de 2023                  \t\t\t                 \t\t\t\t\t  <\/p>\n<h4>Seop autua estabelecimentos por perturba\u00e7\u00e3o do sossego, na Ilha do Governador e Jacarepagu\u00e1<\/h4>\n<p>  \t\t\t\t\t  28 de janeiro de 2023                  \t\t\t                 \t\t\t\t\t  <\/p>\n<h4>Prefeitura inaugura Super Centro Carioca de Vacina\u00e7\u00e3o<\/h4>\n<p>  \t\t\t\t\t  28 de janeiro de 2023                  \t\t\t                 \t\t\t\t\t  <\/p>\n<h4>Comlurb prepara opera\u00e7\u00e3o de limpeza para sa\u00edda de blocos no fim de semana<\/h4>\n<p>  \t\t\t\t\t  27 de janeiro de 2023                  \t\t\t<\/ul>\n<p>         \t                                             &lt; Voltar              <\/p>\n","protected":false},"excerpt":{"rendered":"<p>A unidade passou por reformas estruturais para oferecer mais conforto e um servi\u00e7o de qualidade &#8211; Edu Kapps\/Prefeitura do Rio<\/p>\n","protected":false},"author":1,"featured_media":0,"comment_status":"closed","ping_status":"closed","sticky":false,"template":"","format":"standard","meta":{"colormag_page_container_layout":"default_layout","colormag_page_sidebar_layout":"default_layout","footnotes":""},"categories":[46],"tags":[],"class_list":["post-10749","post","type-post","status-publish","format-standard","hentry","category-noticias"],"aioseo_notices":[],"amp_enabled":true,"_links":{"self":[{"href":"https:\/\/ejornais.com.br\/index.php\/wp-json\/wp\/v2\/posts\/10749","targetHints":{"allow":["GET"]}}],"collection":[{"href":"https:\/\/ejornais.com.br\/index.php\/wp-json\/wp\/v2\/posts"}],"about":[{"href":"https:\/\/ejornais.com.br\/index.php\/wp-json\/wp\/v2\/types\/post"}],"author":[{"embeddable":true,"href":"https:\/\/ejornais.com.br\/index.php\/wp-json\/wp\/v2\/users\/1"}],"replies":[{"embeddable":true,"href":"https:\/\/ejornais.com.br\/index.php\/wp-json\/wp\/v2\/comments?post=10749"}],"version-history":[{"count":1,"href":"https:\/\/ejornais.com.br\/index.php\/wp-json\/wp\/v2\/posts\/10749\/revisions"}],"predecessor-version":[{"id":10750,"href":"https:\/\/ejornais.com.br\/index.php\/wp-json\/wp\/v2\/posts\/10749\/revisions\/10750"}],"wp:attachment":[{"href":"https:\/\/ejornais.com.br\/index.php\/wp-json\/wp\/v2\/media?parent=10749"}],"wp:term":[{"taxonomy":"category","embeddable":true,"href":"https:\/\/ejornais.com.br\/index.php\/wp-json\/wp\/v2\/categories?post=10749"},{"taxonomy":"post_tag","embeddable":true,"href":"https:\/\/ejornais.com.br\/index.php\/wp-json\/wp\/v2\/tags?post=10749"}],"curies":[{"name":"wp","href":"https:\/\/api.w.org\/{rel}","templated":true}]}}