{"id":11075,"date":"2023-02-13T09:09:50","date_gmt":"2023-02-13T12:09:50","guid":{"rendered":"https:\/\/ejornais.com.br\/?p=11075"},"modified":"2023-02-13T09:09:50","modified_gmt":"2023-02-13T12:09:50","slug":"the-masked-singer-3-descobrimos-quem-e-circo","status":"publish","type":"post","link":"https:\/\/ejornais.com.br\/index.php\/2023\/02\/13\/the-masked-singer-3-descobrimos-quem-e-circo\/","title":{"rendered":"THE MASKED SINGER 3: DESCOBRIMOS QUEM \u00c9 CIRCO"},"content":{"rendered":"<p>Mais um dia de The Masked Singer Brasil \u00e9 o p\u00fablico quer saber quem s\u00e3o os personagens de hoje.\u00a0 Ent\u00e3o, alguns n\u00f3s descobrimos e outros s\u00e3o palpites.<\/p>\n<p>Nosso palpite: Diego Hip\u00f3lito que \u00e9 esta come\u00e7ando carreira art\u00edstica e essa \u00e9 uma das d8cas<\/p>\n<p><strong>Circo \u00e9 mesmo Fernando Fernandes\u00a0<\/strong><\/p>\n<p>&nbsp;<\/p>\n<p><strong>Filtro de Barro \u2013<\/strong> Rodrigo Simas, Arlindinho, Diego Hyp\u00f3lito.<\/p>\n<p>Nosso palpite: Diego Hip\u00f3lito que \u00e9 esta come\u00e7ando carreira art\u00edstica e essa \u00e9 uma das d8cas<\/p>\n<p><strong>DJ Vit\u00f3ria R\u00e9gia \u2013<\/strong>\u00a0Flay, Leilah Moreno, Lu\u00edza Sonza<\/p>\n<p><strong>Circo \u2013<\/strong>\u00a0Marcos Frota, Fernando Fernandes<\/p>\n<p>&nbsp;<\/p>\n<h2>QUEM \u00c9 O GALO<\/h2>\n<p>De acordo com as informa\u00e7\u00f5es de Andr\u00e9 Romano, do Observat\u00f3rio da TV, alguns dos famosos que est\u00e3o dentro dessas fantasias s\u00e3o: Solange Couto, Marisa Orth, Daniel Boaventura, Flay, Larissa Luz, Richarlison, Nanda Costa, Leandro Hassum, Babu Santana e mais alguns.<\/p>\n<p>Tudo indica que a dupla, Romeu e Julieta \u00e9 formada pelos atores Marisa Orth e Daniel Boaventura. Os famosos trabalharam juntos no musical A Familia Adams, que ficou em cartaz em S\u00e3o Paulo por mais de um ano.<\/p>\n<p>Tamb\u00e9m h\u00e1 boatos de que Arthur Aguiar \u00e9 um dos famosos por tr\u00e1s de uma das fantasias. Contudo, essa informa\u00e7\u00e3o n\u00e3o foi confirmada pelas fontes.<\/p>\n<h2>Quem \u00e9 a DJ Vit\u00f3ria-R\u00e9gia do &#8216;The Masked Singer Brasil&#8217;?<\/h2>\n<p>Segundo o colunista Andr\u00e9 Romano, do &#8220;Observat\u00f3rio da TV&#8221;, quem usa a fantasia de DJ Vit\u00f3ria-R\u00e9gia \u00e9 a ex-BBB Flay, nascida Flayslane Raiane Pereira da Silva em 19 de outubro de 1994 em Nova Floresta, na Para\u00edba. A ex-BBB come\u00e7ou a trabalhar aos 13 anos e, cinco anos depois, deixou a casa dos pais para seguir na carre art\u00edstica.<\/p>\n<p>&nbsp;<\/p>\n<p>Outros palpites:<\/p>\n<p><strong>Quem \u00e9 a Vit\u00f3ria-R\u00e9gia?<\/strong> Karol Conk\u00e1 Sophie Charlotte Luisa Sonza Flay Ana Castela<\/p>\n<p>&nbsp;<\/p>\n<p><strong>Nosso Palpite e Suculentos \u2013 <\/strong>Banda Melim<\/p>\n<h2>Milho<\/h2>\n<p>Palpite esse ainda n\u00e3o descobrimos,\u00a0 mas apostamos ser Milho de Milh\u00f5es&#8230; Marcelo Serrado. Ele foi o \u00faltimo eliminado<\/p>\n<h2>CAPIVARA<\/h2>\n<p><strong>Capivara (Solange Couto). Ela ser\u00e1 eliminada hoje ou a pr\u00f3xima semana<\/strong><\/p>\n<p>&nbsp;<\/p>\n<p>De jeans rasgado, guitarra e spikes, o Dinossauro chega ao &#8216;The Masked Singer&#8217; cheio de estilo. Ele\u00a0<b>\u00e9 uma estrela do rock e est\u00e1 sempre preparado para fazer um grande show com seu cabelo moicano<\/b>.<\/p>\n<p>S\u00e3o eles:<strong>\u00a0Broco Lee (Erica Januza)<\/strong>,\u00a0<strong>Capivara (Solange Couto)<\/strong>, Circo, Coruja, Dinossauro,\u00a0<strong>DJ Vit\u00f3ria-R\u00e9gia (Flay)<\/strong>, Filtro de Barro, Galo, Milho de Milh\u00f5es, Vov\u00f3 Tartaruga, Abelha-Rainha,\u00a0<strong>Coelho (Paulo Betti)<\/strong>,<strong>\u00a0a dupla Romeu e Julieta (Marisa Orth e Daniel Boaventura)<\/strong>\u00a0e, pela primeira vez, o trio\u00a0<strong>Os Suculentos\u00a0<\/strong>v\u00e3o encantar e despistar suas verdadeiras identidades do p\u00fablico e dos jurados\u00a0<strong>Sabrina Sato, Ta\u00eds Araujo, Mateus Solano e Eduardo Sterblitch.<\/strong><\/p>\n<h2><strong>Quem \u00e9 a vov\u00f3 tartaruga?\u00a0<\/strong><\/h2>\n<p>Durante a estreia da nova temporada do\u00a0<b>&#8220;The Masked Singer Brasil&#8221;<\/b>, nas telinhas da Globo no domingo (22), a produ\u00e7\u00e3o ati\u00e7ou a curiosidade do p\u00fablico em torno da\u00a0<b>tartaruga<\/b>\u00a0mascarada que subiu ao palco e fez com que boa parte dos f\u00e3s especulassem que pode se tratar de\u00a0<b>Heloisa P\u00e9riss\u00e9<\/b> \u2014 que j\u00e1 participou da atra\u00e7\u00e3o.<\/p>\n<p>MAis uma temporada incr\u00edvel do The MAsked Singer e n\u00f3s estamos trabalhando para tentar descobrir quem s\u00e3o os mascarados. Claro, n\u00e3o \u00e9 f\u00e1cil, pois h\u00e1 um contrato de confidencialidade a ponto de que, quem n\u00e3o cumpr\u00ed-lo pode perder o cach\u00ea e ainda ter que pagar uma multa.<\/p>\n<h2>Terceira TEmporada<\/h2>\n<p>\u201cEssa \u00e9 a terceira temporada, e esse programa \u00e9 um sucesso! Tem muita pot\u00eancia art\u00edstica e de entretenimento. E, partindo das experi\u00eancias das temporadas anteriores, agora dinamizaram ainda mais. Para ser um mascarado tem que acreditar na fantasia e tem que se divertir. Eu vi muita gente que saiu e falou: \u2018a dan\u00e7a n\u00e3o era o meu forte, a m\u00fasica n\u00e3o era o meu forte, essa experi\u00eancia n\u00e3o era o meu forte\u2019. E acabou vivendo uma experi\u00eancia muito linda, vitoriosa e com muitas descobertas. Ent\u00e3o, eu acho que o \u2018The Masked Singer Brasil\u2019 \u00e9 sobre acreditar que \u00e9 poss\u00edvel fazer as coisas\u201d, comemora Ivete Sangalo.<\/p>\n<p>&nbsp;<\/p>\n<h2>Qual o valor da multa de confidencialidade entre a TV Globo e o participante do Masked Singer Brasil?<\/h2>\n<p>Se o artista vazar informa\u00e7\u00e3o do projeto de Ivete Sangalo para a imprensa, o mascarado \u00e9 obrigado a pagar uma multa no valor de 500 mil reais para a empresa dos Marinho.<\/p>\n<h2>Quem s\u00e3o os personagens desta temporada?<\/h2>\n<p>S\u00e3o eles: Broco Lee, Capivara, Circo, Coruja, Dinossauro, DJ Vit\u00f3ria-R\u00e9gia, Filtro de Barro, Galo, Milho de Milh\u00f5es, Vov\u00f3 Tartaruga, Abelha-Rainha, Coelho, a dupla Romeu e Julieta e, pela primeira vez, o trio Os Suculentos v\u00e3o encantar e despistar suas verdadeiras identidades do p\u00fablico e dos jurados Sabrina Sato, Ta\u00eds Araujo, Mateus Solano e Eduardo Sterblitch.<\/p>\n<p>O The Masked Singer Brasil \u00e9 uma coprodu\u00e7\u00e3o TV Globo e Endemol Shine Brasil, baseado no formato sul-coreano criado pela Mun Hwa Broadcasting Corp, tem dire\u00e7\u00e3o art\u00edstica de Adriano Ricco (TV Globo) e dire\u00e7\u00e3o de Marcelo Amiky (Endemol Shine Brasil).<\/p>\n<h2>Quem s\u00e3o eles?<\/h2>\n<p>Entre os artistas convidados para essa edi\u00e7\u00e3o do The Masked Singer Brasil est\u00e3o: Solange Couto (Capivara), Erika Januza, Marisa Orth, Daniel Boaventura, Flay, Tereza Cristina, Richarlison, Pocah, Leandro Hassum, Babu Santana, Paulo Betti, Lucas Lucco, entre outros.<\/p>\n<h3>Compartilhe isso:<\/h3>\n<h4> TV MRNews N\u00e3o perca tamb\u00e9m:<\/h4>\n<p>\n","protected":false},"excerpt":{"rendered":"<p>Mais um dia de The Masked Singer Brasil \u00e9 o p\u00fablico quer saber quem s\u00e3o os personagens de hoje.\u00a0 Ent\u00e3o,<\/p>\n","protected":false},"author":1,"featured_media":0,"comment_status":"closed","ping_status":"closed","sticky":false,"template":"","format":"standard","meta":{"colormag_page_container_layout":"default_layout","colormag_page_sidebar_layout":"default_layout","footnotes":""},"categories":[46],"tags":[],"class_list":["post-11075","post","type-post","status-publish","format-standard","hentry","category-noticias"],"aioseo_notices":[],"amp_enabled":true,"_links":{"self":[{"href":"https:\/\/ejornais.com.br\/index.php\/wp-json\/wp\/v2\/posts\/11075","targetHints":{"allow":["GET"]}}],"collection":[{"href":"https:\/\/ejornais.com.br\/index.php\/wp-json\/wp\/v2\/posts"}],"about":[{"href":"https:\/\/ejornais.com.br\/index.php\/wp-json\/wp\/v2\/types\/post"}],"author":[{"embeddable":true,"href":"https:\/\/ejornais.com.br\/index.php\/wp-json\/wp\/v2\/users\/1"}],"replies":[{"embeddable":true,"href":"https:\/\/ejornais.com.br\/index.php\/wp-json\/wp\/v2\/comments?post=11075"}],"version-history":[{"count":1,"href":"https:\/\/ejornais.com.br\/index.php\/wp-json\/wp\/v2\/posts\/11075\/revisions"}],"predecessor-version":[{"id":11076,"href":"https:\/\/ejornais.com.br\/index.php\/wp-json\/wp\/v2\/posts\/11075\/revisions\/11076"}],"wp:attachment":[{"href":"https:\/\/ejornais.com.br\/index.php\/wp-json\/wp\/v2\/media?parent=11075"}],"wp:term":[{"taxonomy":"category","embeddable":true,"href":"https:\/\/ejornais.com.br\/index.php\/wp-json\/wp\/v2\/categories?post=11075"},{"taxonomy":"post_tag","embeddable":true,"href":"https:\/\/ejornais.com.br\/index.php\/wp-json\/wp\/v2\/tags?post=11075"}],"curies":[{"name":"wp","href":"https:\/\/api.w.org\/{rel}","templated":true}]}}