{"id":12488,"date":"2023-03-07T03:10:09","date_gmt":"2023-03-07T06:10:09","guid":{"rendered":"https:\/\/ejornais.com.br\/?p=12488"},"modified":"2023-03-07T03:10:09","modified_gmt":"2023-03-07T06:10:09","slug":"seop-multa-oito-bares-durante-a-operacao-perturbacao-do-sossego-neste-fim-de-semana-prefeitura-da-cidade-do-rio-de-janeiro-prefeitura-rio","status":"publish","type":"post","link":"https:\/\/ejornais.com.br\/index.php\/2023\/03\/07\/seop-multa-oito-bares-durante-a-operacao-perturbacao-do-sossego-neste-fim-de-semana-prefeitura-da-cidade-do-rio-de-janeiro-prefeitura-rio\/","title":{"rendered":"Seop multa oito bares durante a opera\u00e7\u00e3o Perturba\u00e7\u00e3o do sossego, neste fim de semana &#8211; Prefeitura da Cidade do Rio de Janeiro &#8211; prefeitura.rio"},"content":{"rendered":"<p>                                                     Autua\u00e7\u00f5es realizadas pelos agendas da Seop totalizam R$ 40 mil &#8211; Divulga\u00e7\u00e3o                                      <\/p>\n<p>A Secretaria de Ordem P\u00fablica (Seop) multou oito estabelecimentos neste fim de semana por desrespeitarem as regras que determinam a lei do sil\u00eancio, dando um total de R$40 mil. Neste domingo (5\/3), agentes estiveram na Tijuca, onde foram fiscalizados dez bares e um foi infracionado por estar com o som acima do permitido. J\u00e1 no s\u00e1bado (4\/3), a opera\u00e7\u00e3o Perturba\u00e7\u00e3o do Sossego foi realizada na Lapa, no Centro do Rio, e sete bares foram multados, sendo um deles interditado por estar funcionando sem alvar\u00e1.<\/p>\n<p>Os agentes da Seop t\u00eam realizado opera\u00e7\u00f5es com frequ\u00eancia e, desde quinta-feira (2\/3), foram feitas a\u00e7\u00f5es em dois bares no Baixo M\u00e9ier, sendo os dois multados. J\u00e1 no Cachambi, mais dois estabelecimentos foram fiscalizados e ambos estavam respeitando as regras da Prefeitura.\u00a0 Na sexta-feira (3\/3), as a\u00e7\u00f5es foram realizadas em Vila Valqueire, na Zona Oeste da cidade. Foram cinco estabelecimentos inspecionados e apenas um autuado. Os agentes apreenderam tamb\u00e9m cinco coletes de flanelinhas irregulares.<\/p>\n<p><strong>BRT Seguro prende cinco ao longo do fim de semana<\/strong><\/p>\n<p>Al\u00e9m disso, a Seop, por meio do Programa BRT Seguro, encaminhou s\u00f3 neste domingo, cinco pessoas, em diferentes ocorr\u00eancias: agress\u00e3o a equipe, tentativa de furto, vandaliza\u00e7\u00e3o das esta\u00e7\u00f5es e evas\u00e3o de passagem. Devido ao trabalho de intelig\u00eancia realizado pela equipe do BRT Seguro, na madrugada de domingo, os agentes prenderam um cidad\u00e3o que vinha cometendo vandalismo e furtos nas esta\u00e7\u00f5es. Esse homem foi identificado pelas c\u00e2meras, e rapidamente a equipe se deslocou at\u00e9 a esta\u00e7\u00e3o do BRT Andr\u00e9 Rocha, onde ele se encontrava parado. Ele portava uma faca, foi conduzido \u00e0 32\u00aa DP e j\u00e1 possu\u00eda outras passagens na delegacia.<\/p>\n<p>Na madrugada de domingo, um casal tamb\u00e9m foi visto, por meio das c\u00e2meras de monitoramento do Centro de Opera\u00e7\u00f5es do BRT, dentro da esta\u00e7\u00e3o Bosque Marapendi na tentativa de roubar fios. Os agentes do Programa BRT Seguro foram acionados rapidamente abordando o casal e identificando que uma tampa do quadro de luz foi danificada. Nenhum fio foi furtado e os dois foram conduzidos \u00e0 16\u00aa DP.<\/p>\n<p>Com a forma\u00e7\u00e3o dos novos agentes para atuarem no programa, um novo formato operacional foi iniciado neste s\u00e1bado, e que trouxe um reconhecimento e aceita\u00e7\u00e3o bem positiva da popula\u00e7\u00e3o. Parte da equipe do BRT Seguro come\u00e7ou a embarcar no \u00f4nibus das linhas 35, 38 e 46, permanecendo at\u00e9 o t\u00e9rmino do servi\u00e7o. Na tarde de domingo, num desses patrulhamentos, quando o \u00f4nibus j\u00e1 estava pr\u00f3ximo a esta\u00e7\u00e3o BRT Sarah, a agente que estava realizando a a\u00e7\u00e3o embarcada no \u00f4nibus articulado advertiu um ambulante que estava comercializando ilegalmente no interior do articulado. Este, por sua vez, n\u00e3o gostou da repress\u00e3o, se recusou a parar de vender e agrediu a equipe que estava atuando naquele momento, composta por duas agentes mulheres. Ap\u00f3s luta corporal com as agentes, o cidad\u00e3o foi contido por passageiros. Todos os envolvidos foram conduzidos para a UPA e para a 32\u00aa DP. As agentes receberam muitos socos, o que acabou lesionando o antebra\u00e7o e m\u00e3o de uma delas.<\/p>\n<p>E por fim, no meio da tarde de domingo, um homem tentou acessar a esta\u00e7\u00e3o BRT Gilka Machado sem efetuar o pagamento da passagem. O agente do BRT Seguro tentou intervir e foi amea\u00e7ado pelo cidad\u00e3o. Ele desejou fazer o registro da amea\u00e7a sofrida e conduziu o homem para a 42\u00aa DP.<\/p>\n<h4>Compartilhe<\/h4>\n<p>Categoria: <\/p>\n<li>6 de mar\u00e7o de 2023<\/li>\n<p> \t\t\t\t\t \t\t\t\t\t \t\t\t    \t\t\t\t \t\t\t\t\tMarca\u00e7\u00f5es: bares BRT seguro multas opera\u00e7\u00e3o Perturba\u00e7\u00e3o do Sossego Ordem P\u00fablica\t\t\t\t \t\t\t              \t\t\t \t\t\t\t \t\t\t\t\t\t \t\t\t\t\t\t\t<\/p>\n<h3><\/h3>\n<h3>Not\u00edcias<\/h3>\n<h4>Prefeitura homenageia mulheres idosas com passeios pelo Rio<\/h4>\n<p>  \t\t\t\t\t  6 de mar\u00e7o de 2023                  \t\t\t                 \t\t\t\t\t  <\/p>\n<h4>Bangu faz 350 anos com zumba, jazz, charme, artesanato e caf\u00e9 da manh\u00e3 especial pelo Dia Internacional da Mulher<\/h4>\n<p>  \t\t\t\t\t  6 de mar\u00e7o de 2023                  \t\t\t                 \t\t\t\t\t  <\/p>\n<h4>Com atua\u00e7\u00e3o em \u00e1rea do M\u00e9ier, Conjunto de Estrat\u00e9gias de Preven\u00e7\u00e3o apresenta redu\u00e7\u00e3o de 33% das ocorr\u00eancias de roubos e furtos<\/h4>\n<p>  \t\t\t\t\t  6 de mar\u00e7o de 2023                  \t\t\t                 \t\t\t\t\t  <\/p>\n<h4>Est\u00e1gio forense: Procuradoria do Munic\u00edpio do Rio prorroga prazo para inscri\u00e7\u00e3o<\/h4>\n<p>  \t\t\t\t\t  6 de mar\u00e7o de 2023                  \t\t\t                 \t\t\t\t\t  <\/p>\n<h4>Secretaria de Trabalho e Renda divulga 540 vagas de emprego no munic\u00edpio<\/h4>\n<p>  \t\t\t\t\t  6 de mar\u00e7o de 2023                  \t\t\t<\/ul>\n<p>         \t                                             &lt; Voltar              <\/p>\n","protected":false},"excerpt":{"rendered":"<p>Autua\u00e7\u00f5es realizadas pelos agendas da Seop totalizam R$ 40 mil &#8211; Divulga\u00e7\u00e3o A Secretaria de Ordem P\u00fablica (Seop) multou oito<\/p>\n","protected":false},"author":1,"featured_media":0,"comment_status":"closed","ping_status":"closed","sticky":false,"template":"","format":"standard","meta":{"colormag_page_container_layout":"default_layout","colormag_page_sidebar_layout":"default_layout","footnotes":""},"categories":[46],"tags":[],"class_list":["post-12488","post","type-post","status-publish","format-standard","hentry","category-noticias"],"aioseo_notices":[],"amp_enabled":true,"_links":{"self":[{"href":"https:\/\/ejornais.com.br\/index.php\/wp-json\/wp\/v2\/posts\/12488","targetHints":{"allow":["GET"]}}],"collection":[{"href":"https:\/\/ejornais.com.br\/index.php\/wp-json\/wp\/v2\/posts"}],"about":[{"href":"https:\/\/ejornais.com.br\/index.php\/wp-json\/wp\/v2\/types\/post"}],"author":[{"embeddable":true,"href":"https:\/\/ejornais.com.br\/index.php\/wp-json\/wp\/v2\/users\/1"}],"replies":[{"embeddable":true,"href":"https:\/\/ejornais.com.br\/index.php\/wp-json\/wp\/v2\/comments?post=12488"}],"version-history":[{"count":1,"href":"https:\/\/ejornais.com.br\/index.php\/wp-json\/wp\/v2\/posts\/12488\/revisions"}],"predecessor-version":[{"id":12489,"href":"https:\/\/ejornais.com.br\/index.php\/wp-json\/wp\/v2\/posts\/12488\/revisions\/12489"}],"wp:attachment":[{"href":"https:\/\/ejornais.com.br\/index.php\/wp-json\/wp\/v2\/media?parent=12488"}],"wp:term":[{"taxonomy":"category","embeddable":true,"href":"https:\/\/ejornais.com.br\/index.php\/wp-json\/wp\/v2\/categories?post=12488"},{"taxonomy":"post_tag","embeddable":true,"href":"https:\/\/ejornais.com.br\/index.php\/wp-json\/wp\/v2\/tags?post=12488"}],"curies":[{"name":"wp","href":"https:\/\/api.w.org\/{rel}","templated":true}]}}