{"id":13500,"date":"2023-03-20T12:09:51","date_gmt":"2023-03-20T15:09:51","guid":{"rendered":"https:\/\/ejornais.com.br\/?p=13500"},"modified":"2023-03-20T12:09:51","modified_gmt":"2023-03-20T15:09:51","slug":"tunel-santa-barbara-sera-interditado-sentido-laranjeiras-para-manutencao-de-rotina-prefeitura-da-cidade-do-rio-de-janeiro-prefeitura-rio","status":"publish","type":"post","link":"https:\/\/ejornais.com.br\/index.php\/2023\/03\/20\/tunel-santa-barbara-sera-interditado-sentido-laranjeiras-para-manutencao-de-rotina-prefeitura-da-cidade-do-rio-de-janeiro-prefeitura-rio\/","title":{"rendered":"T\u00fanel Santa B\u00e1rbara ser\u00e1 interditado, sentido Laranjeiras, para manuten\u00e7\u00e3o de rotina &#8211; Prefeitura da Cidade do Rio de Janeiro &#8211; prefeitura.rio"},"content":{"rendered":"<p>                                                     O T\u00fanel Santa B\u00e1rbara ser\u00e1 interditado, no sentido Laranjeiras &#8211; Arquivo\/Prefeitura do Rio                                     <\/p>\n<p>A CET-Rio informa que o T\u00fanel Santa B\u00e1rbara ser\u00e1 fechado, no sentido Laranjeiras, nesta segunda-feira (20\/3), das 23h30 \u00e0s 4h30, para manuten\u00e7\u00e3o de rotina.<\/p>\n<p>Esta programa\u00e7\u00e3o poder\u00e1 ser suspensa em virtude de chuva ou outras demandas da cidade.<\/p>\n<h4>Compartilhe<\/h4>\n<p>Categoria: <\/p>\n<li>20 de mar\u00e7o de 2023<\/li>\n<p> \t\t\t\t\t \t\t\t\t\t \t\t\t    \t\t\t\t \t\t\t\t\tMarca\u00e7\u00f5es: Interdi\u00e7\u00e3o Laranjeiras manuten\u00e7\u00e3o rotina T\u00fanel Santa B\u00e1rbara\t\t\t\t \t\t\t              \t\t\t \t\t\t\t \t\t\t\t\t\t \t\t\t\t\t\t\t<\/p>\n<h3><\/h3>\n<h3>Not\u00edcias<\/h3>\n<h4>Dia Mundial da Sa\u00fade Bucal: Rio registra avan\u00e7os na assist\u00eancia odontol\u00f3gica<\/h4>\n<p>  \t\t\t\t\t  20 de mar\u00e7o de 2023                  \t\t\t                 \t\t\t\t\t  <\/p>\n<h4>Secretaria Municipal de Trabalho e Renda divulga 703\u00a0vagas de emprego<\/h4>\n<p>  \t\t\t\t\t  20 de mar\u00e7o de 2023                  \t\t\t                 \t\t\t\t\t  <\/p>\n<h4>Prefeitura entrega obras de drenagem na comunidade do Batan, em Realengo<\/h4>\n<p>  \t\t\t\t\t  19 de mar\u00e7o de 2023                  \t\t\t                 \t\t\t\t\t  <\/p>\n<h4>Prefeitura lan\u00e7a o quarto n\u00facleo do programa Ac\u00e3odemia Carioca, em Bangu<\/h4>\n<p>  \t\t\t\t\t  19 de mar\u00e7o de 2023                  \t\t\t                 \t\t\t\t\t  <\/p>\n<h4>Prefeito visita obras dos programas\u00a0Casa Carioca, Conjunto Maravilha e Morar Carioca, na Zona Norte\u00a0<\/h4>\n<p>  \t\t\t\t\t  18 de mar\u00e7o de 2023                  \t\t\t<\/ul>\n<p>         \t                                             &lt; Voltar              <\/p>\n","protected":false},"excerpt":{"rendered":"<p>O T\u00fanel Santa B\u00e1rbara ser\u00e1 interditado, no sentido Laranjeiras &#8211; Arquivo\/Prefeitura do Rio A CET-Rio informa que o T\u00fanel Santa<\/p>\n","protected":false},"author":1,"featured_media":0,"comment_status":"closed","ping_status":"closed","sticky":false,"template":"","format":"standard","meta":{"colormag_page_container_layout":"default_layout","colormag_page_sidebar_layout":"default_layout","footnotes":""},"categories":[46],"tags":[],"class_list":["post-13500","post","type-post","status-publish","format-standard","hentry","category-noticias"],"aioseo_notices":[],"amp_enabled":true,"_links":{"self":[{"href":"https:\/\/ejornais.com.br\/index.php\/wp-json\/wp\/v2\/posts\/13500","targetHints":{"allow":["GET"]}}],"collection":[{"href":"https:\/\/ejornais.com.br\/index.php\/wp-json\/wp\/v2\/posts"}],"about":[{"href":"https:\/\/ejornais.com.br\/index.php\/wp-json\/wp\/v2\/types\/post"}],"author":[{"embeddable":true,"href":"https:\/\/ejornais.com.br\/index.php\/wp-json\/wp\/v2\/users\/1"}],"replies":[{"embeddable":true,"href":"https:\/\/ejornais.com.br\/index.php\/wp-json\/wp\/v2\/comments?post=13500"}],"version-history":[{"count":1,"href":"https:\/\/ejornais.com.br\/index.php\/wp-json\/wp\/v2\/posts\/13500\/revisions"}],"predecessor-version":[{"id":13501,"href":"https:\/\/ejornais.com.br\/index.php\/wp-json\/wp\/v2\/posts\/13500\/revisions\/13501"}],"wp:attachment":[{"href":"https:\/\/ejornais.com.br\/index.php\/wp-json\/wp\/v2\/media?parent=13500"}],"wp:term":[{"taxonomy":"category","embeddable":true,"href":"https:\/\/ejornais.com.br\/index.php\/wp-json\/wp\/v2\/categories?post=13500"},{"taxonomy":"post_tag","embeddable":true,"href":"https:\/\/ejornais.com.br\/index.php\/wp-json\/wp\/v2\/tags?post=13500"}],"curies":[{"name":"wp","href":"https:\/\/api.w.org\/{rel}","templated":true}]}}