{"id":13716,"date":"2023-03-27T04:10:21","date_gmt":"2023-03-27T07:10:21","guid":{"rendered":"https:\/\/ejornais.com.br\/?p=13716"},"modified":"2023-03-27T04:10:21","modified_gmt":"2023-03-27T07:10:21","slug":"cuidados-com-a-saude-da-mulher-sao-foco-de-acao-realizada-no-caranda-e-altos-do-ipanema-agencia-de-noticias","status":"publish","type":"post","link":"https:\/\/ejornais.com.br\/index.php\/2023\/03\/27\/cuidados-com-a-saude-da-mulher-sao-foco-de-acao-realizada-no-caranda-e-altos-do-ipanema-agencia-de-noticias\/","title":{"rendered":"Cuidados com a sa\u00fade da mulher s\u00e3o foco de a\u00e7\u00e3o realizada no Carand\u00e1 e Altos do Ipanema &#8211; Ag\u00eancia de Not\u00edcias"},"content":{"rendered":"<\/p>\n<p>Os bairros Carand\u00e1 e Altos do Ipanema receberam, entre os dias 13 e 24 de mar\u00e7o, representantes do Fundo Social de Solidariedade (FSS) e da Secretaria da Sa\u00fade (SES) da Prefeitura de Sorocaba, em seus condom\u00ednios.<\/p>\n<p>Nos locais, as equipes conversaram com aproximadamente 500 moradoras e abordaram temas, como os cuidados com a sa\u00fade da mulher. Todas as participantes j\u00e1 agendaram, na UBS dos bairros, conforme a necessidade, a coleta de exame Papanicolau.<\/p>\n<p>Papanicolau \u00e9 o exame que deve ser feito por todas as mulheres com vida sexualmente ativa, pelo menos, uma vez ao ano. A avalia\u00e7\u00e3o n\u00e3o \u00e9 somente uma forma de diagnosticar o c\u00e2ncer ginecol\u00f3gico, mas serve, principalmente, para determinar o risco de uma mulher vir a desenvolver a doen\u00e7a.<\/p>\n<p>A iniciativa fez parte da programa\u00e7\u00e3o especial do M\u00eas das Mulheres em Sorocaba, realizada pelo Fundo Social de Solidariedade, em parceria com v\u00e1rias secretarias municipais.<\/p>\n<p>\u201cEste \u00e9 um m\u00eas muito especial e o Fundo Social est\u00e1 se unindo a v\u00e1rias Secretarias Municipais, com o objetivo de proporcionar o melhor para as mulheres, em diferentes \u00e1reas, como, nesta a\u00e7\u00e3o, ao lado da Secretaria da Sa\u00fade\u201d, comenta a presidente do Fundo Social de Solidariedade, Rosangela Perecini.<\/p>\n<p>Na pr\u00f3xima ter\u00e7a-feira (28), ser\u00e1 a vez de o FSS, em parceria com o Sebrae (Servi\u00e7o de Apoio \u00e0s Micro e Pequenas Empresas), organizar o encontro \u201cCaf\u00e9 com as primeiras-damas\u201d, reunindo primeiras-damas e presidentes dos Fundos Sociais de Solidariedade de toda a Regi\u00e3o Administrativa de Sorocaba, para refletir e discutir sobre a relev\u00e2ncia do papel do Fundo Social no desenvolvimento das cidades. O evento ser\u00e1 na sede do Sebrae Sorocaba, no bairro Al\u00e9m Ponte.<\/p>\n<p>&nbsp;<\/p>\n<p><strong>Fotos: Adriana Massa\/FSS<\/strong><\/p>\n","protected":false},"excerpt":{"rendered":"<p>Os bairros Carand\u00e1 e Altos do Ipanema receberam, entre os dias 13 e 24 de mar\u00e7o, representantes do Fundo Social<\/p>\n","protected":false},"author":1,"featured_media":0,"comment_status":"closed","ping_status":"closed","sticky":false,"template":"","format":"standard","meta":{"colormag_page_container_layout":"default_layout","colormag_page_sidebar_layout":"default_layout","footnotes":""},"categories":[46],"tags":[],"class_list":["post-13716","post","type-post","status-publish","format-standard","hentry","category-noticias"],"aioseo_notices":[],"amp_enabled":true,"_links":{"self":[{"href":"https:\/\/ejornais.com.br\/index.php\/wp-json\/wp\/v2\/posts\/13716","targetHints":{"allow":["GET"]}}],"collection":[{"href":"https:\/\/ejornais.com.br\/index.php\/wp-json\/wp\/v2\/posts"}],"about":[{"href":"https:\/\/ejornais.com.br\/index.php\/wp-json\/wp\/v2\/types\/post"}],"author":[{"embeddable":true,"href":"https:\/\/ejornais.com.br\/index.php\/wp-json\/wp\/v2\/users\/1"}],"replies":[{"embeddable":true,"href":"https:\/\/ejornais.com.br\/index.php\/wp-json\/wp\/v2\/comments?post=13716"}],"version-history":[{"count":1,"href":"https:\/\/ejornais.com.br\/index.php\/wp-json\/wp\/v2\/posts\/13716\/revisions"}],"predecessor-version":[{"id":13717,"href":"https:\/\/ejornais.com.br\/index.php\/wp-json\/wp\/v2\/posts\/13716\/revisions\/13717"}],"wp:attachment":[{"href":"https:\/\/ejornais.com.br\/index.php\/wp-json\/wp\/v2\/media?parent=13716"}],"wp:term":[{"taxonomy":"category","embeddable":true,"href":"https:\/\/ejornais.com.br\/index.php\/wp-json\/wp\/v2\/categories?post=13716"},{"taxonomy":"post_tag","embeddable":true,"href":"https:\/\/ejornais.com.br\/index.php\/wp-json\/wp\/v2\/tags?post=13716"}],"curies":[{"name":"wp","href":"https:\/\/api.w.org\/{rel}","templated":true}]}}