{"id":13778,"date":"2023-03-29T19:10:09","date_gmt":"2023-03-29T22:10:09","guid":{"rendered":"https:\/\/ejornais.com.br\/?p=13778"},"modified":"2023-03-29T19:10:09","modified_gmt":"2023-03-29T22:10:09","slug":"sorocaba-fecha-1o-bimestre-do-ano-com-desemprenho-positivo-em-geracao-de-empregos-e-cresce-acima-de-20-na-comparacao-com-janeiro-agencia-de-noticias","status":"publish","type":"post","link":"https:\/\/ejornais.com.br\/index.php\/2023\/03\/29\/sorocaba-fecha-1o-bimestre-do-ano-com-desemprenho-positivo-em-geracao-de-empregos-e-cresce-acima-de-20-na-comparacao-com-janeiro-agencia-de-noticias\/","title":{"rendered":"Sorocaba fecha 1\u00ba bimestre do ano com desemprenho positivo em gera\u00e7\u00e3o de empregos e cresce acima de 20% na compara\u00e7\u00e3o com janeiro &#8211; Ag\u00eancia de Not\u00edcias"},"content":{"rendered":"<\/p>\n<p>Pelo segundo m\u00eas consecutivo em 2023, Sorocaba apresentou desempenho positivo na cria\u00e7\u00e3o de novos empregos com carteira assinada, segundo dados do Cadastro Geral de Empregados e Desempregados (Caged). Os indicadores apontam que, no primeiro bimestre do ano, foram recolocados no mercado 20.194 trabalhadores, ante 18.783 desligamentos, o que gerou um saldo positivo de 1.311 postos de trabalho ativos.<\/p>\n<p>Somente no m\u00eas de fevereiro, foram criados 9.787 novos empregos, ante 9.071 demiss\u00f5es, gerando o saldo positivo de 716 postos de trabalho. Isso significa um aumento de 20,33% em rela\u00e7\u00e3o ao m\u00eas de janeiro de 2023, em que foram 10.307 admitidos, ante 9.712 desligamentos, com resultado positivo de 867 postos de trabalhos.<\/p>\n<p>O desempenho positivo em gera\u00e7\u00e3o de empregos em Sorocaba ficou \u00e0 frente, at\u00e9 mesmo, de cidades de maior ou igual porte, como S\u00e3o Jos\u00e9 dos Campos (489), S\u00e3o Caetano do Sul (435), Santo Andr\u00e9 (321) e Jundia\u00ed (24).<\/p>\n<p>\u201cN\u00e3o h\u00e1 d\u00favidas de que Sorocaba est\u00e1 com sua economia aquecida nos \u00faltimos anos. Isso se d\u00e1, dentre outros fatores, gra\u00e7as ao trabalho integrado das pastas municipais, resgatando a confian\u00e7a dos empres\u00e1rios em investir na cidade. Assim, mais empresas se instalam no munic\u00edpio e, com isso, a oferta de empregos se torna ainda maior\u201d, ressalta o prefeito de Sorocaba, Rodrigo Manga.<\/p>\n<p>O setor que mais empregou no m\u00eas de fevereiro foi o de Servi\u00e7os, com 4.996 vagas; seguido do Com\u00e9rcio, com 2.532; da Ind\u00fastria, com 1.572; da Constru\u00e7\u00e3o Civil, com 680 e, por fim, da Agropecu\u00e1ria, com seis admiss\u00f5es.<\/p>\n<p>\u201cSorocaba tem diversos programas que auxiliam seus mun\u00edcipes na busca por uma recoloca\u00e7\u00e3o no mercado de trabalho, por meio das vagas do Posto de Atendimento ao Trabalhador (PAT) ou pelo \u2018Mutir\u00e3o de Empregos de Sorocaba\u2019, que j\u00e1 est\u00e1 em sua 15\u00aa edi\u00e7\u00e3o. Tamb\u00e9m trabalhamos arduamente para que todos tenham acesso \u00e0 qualifica\u00e7\u00e3o profissional totalmente gratuita, por meio da Universidade do Trabalhador, Empreendedor e Neg\u00f3cios (Uniten)\u201d, destaca o secret\u00e1rio de Desenvolvimento Econ\u00f4mico, Trabalho e Turismo (Sedettur), Paulo Henrique Marcelo.<\/p>\n<p>A Prefeitura de Sorocaba igualmente disponibiliza os servi\u00e7os do PAT\/Sine para todo cidad\u00e3o que deseja realizar o cadastro e a consulta sobre vagas de emprego. O cadastro pode ser realizado pelo site: empregabrasil.mte.gov.br, pelo aplicativo para celular Sinefacil ou pessoalmente no PAT (Posto de Atendimento ao Trabalhador ), que fica situado na Rua Cel. Cavalheiros, 353, no Centro, e funciona de segunda a sexta-feira, das 8h \u00e0s 16h.<\/p>\n","protected":false},"excerpt":{"rendered":"<p>Pelo segundo m\u00eas consecutivo em 2023, Sorocaba apresentou desempenho positivo na cria\u00e7\u00e3o de novos empregos com carteira assinada, segundo dados<\/p>\n","protected":false},"author":1,"featured_media":0,"comment_status":"closed","ping_status":"closed","sticky":false,"template":"","format":"standard","meta":{"colormag_page_container_layout":"default_layout","colormag_page_sidebar_layout":"default_layout","footnotes":""},"categories":[46],"tags":[],"class_list":["post-13778","post","type-post","status-publish","format-standard","hentry","category-noticias"],"aioseo_notices":[],"aioseo_head":"\n\t\t<!-- All in One SEO 5.0.1.1 - aioseo.com -->\n\t<meta name=\"description\" content=\"Pelo segundo m\u00eas consecutivo em 2023, Sorocaba apresentou desempenho positivo na cria\u00e7\u00e3o de novos empregos com carteira assinada, segundo dados do Cadastro Geral de Empregados e Desempregados (Caged). Os indicadores apontam que, no primeiro bimestre do ano, foram recolocados no mercado 20.194 trabalhadores, ante 18.783 desligamentos, o que gerou um saldo positivo de 1.311 postos\" \/>\n\t<meta name=\"robots\" content=\"max-image-preview:large\" \/>\n\t<link rel=\"canonical\" href=\"https:\/\/ejornais.com.br\/index.php\/2023\/03\/29\/sorocaba-fecha-1o-bimestre-do-ano-com-desemprenho-positivo-em-geracao-de-empregos-e-cresce-acima-de-20-na-comparacao-com-janeiro-agencia-de-noticias\/\" \/>\n\t<meta name=\"generator\" content=\"All in One SEO (AIOSEO) 5.0.1.1\" \/>\n\t\t<meta property=\"og:locale\" content=\"pt_BR\" \/>\n\t\t<meta property=\"og:site_name\" content=\"eJornais - Cat\u00e1logo de Jornais no mundo, Not\u00edcias, Blog e Esportes ao vivo\" \/>\n\t\t<meta property=\"og:type\" content=\"article\" \/>\n\t\t<meta property=\"og:title\" content=\"Sorocaba fecha 1\u00ba bimestre do ano com desemprenho positivo em gera\u00e7\u00e3o de empregos e cresce acima de 20% na compara\u00e7\u00e3o com janeiro \u2013 Ag\u00eancia de Not\u00edcias - eJornais\" \/>\n\t\t<meta property=\"og:description\" content=\"Pelo segundo m\u00eas consecutivo em 2023, Sorocaba apresentou desempenho positivo na cria\u00e7\u00e3o de novos empregos com carteira assinada, segundo dados do Cadastro Geral de Empregados e Desempregados (Caged). Os indicadores apontam que, no primeiro bimestre do ano, foram recolocados no mercado 20.194 trabalhadores, ante 18.783 desligamentos, o que gerou um saldo positivo de 1.311 postos\" \/>\n\t\t<meta property=\"og:url\" content=\"https:\/\/ejornais.com.br\/index.php\/2023\/03\/29\/sorocaba-fecha-1o-bimestre-do-ano-com-desemprenho-positivo-em-geracao-de-empregos-e-cresce-acima-de-20-na-comparacao-com-janeiro-agencia-de-noticias\/\" \/>\n\t\t<meta property=\"article:published_time\" content=\"2023-03-29T22:10:09+00:00\" \/>\n\t\t<meta property=\"article:modified_time\" content=\"2023-03-29T22:10:09+00:00\" \/>\n\t\t<meta name=\"twitter:card\" content=\"summary_large_image\" \/>\n\t\t<meta name=\"twitter:title\" content=\"Sorocaba fecha 1\u00ba bimestre do ano com desemprenho positivo em gera\u00e7\u00e3o de empregos e cresce acima de 20% na compara\u00e7\u00e3o com janeiro \u2013 Ag\u00eancia de Not\u00edcias - eJornais\" \/>\n\t\t<meta name=\"twitter:description\" content=\"Pelo segundo m\u00eas consecutivo em 2023, Sorocaba apresentou desempenho positivo na cria\u00e7\u00e3o de novos empregos com carteira assinada, segundo dados do Cadastro Geral de Empregados e Desempregados (Caged). Os indicadores apontam que, no primeiro bimestre do ano, foram recolocados no mercado 20.194 trabalhadores, ante 18.783 desligamentos, o que gerou um saldo positivo de 1.311 postos\" \/>\n\t\t<script type=\"application\/ld+json\" class=\"aioseo-schema\">\n\t\t\t{\"@context\":\"https:\\\/\\\/schema.org\",\"@graph\":[{\"@type\":\"BlogPosting\",\"@id\":\"https:\\\/\\\/ejornais.com.br\\\/index.php\\\/2023\\\/03\\\/29\\\/sorocaba-fecha-1o-bimestre-do-ano-com-desemprenho-positivo-em-geracao-de-empregos-e-cresce-acima-de-20-na-comparacao-com-janeiro-agencia-de-noticias\\\/#blogposting\",\"name\":\"Sorocaba fecha 1\\u00ba bimestre do ano com desemprenho positivo em gera\\u00e7\\u00e3o de empregos e cresce acima de 20% na compara\\u00e7\\u00e3o com janeiro \\u2013 Ag\\u00eancia de Not\\u00edcias - eJornais\",\"headline\":\"Sorocaba fecha 1\\u00ba bimestre do ano com desemprenho positivo em gera\\u00e7\\u00e3o de empregos e cresce acima de 20% na compara\\u00e7\\u00e3o com janeiro &#8211; Ag\\u00eancia de Not\\u00edcias\",\"author\":{\"@id\":\"https:\\\/\\\/ejornais.com.br\\\/index.php\\\/author\\\/#author\"},\"publisher\":{\"@id\":\"https:\\\/\\\/ejornais.com.br\\\/#organization\"},\"datePublished\":\"2023-03-29T19:10:09-03:00\",\"dateModified\":\"2023-03-29T19:10:09-03:00\",\"inLanguage\":\"pt-BR\",\"mainEntityOfPage\":{\"@id\":\"https:\\\/\\\/ejornais.com.br\\\/index.php\\\/2023\\\/03\\\/29\\\/sorocaba-fecha-1o-bimestre-do-ano-com-desemprenho-positivo-em-geracao-de-empregos-e-cresce-acima-de-20-na-comparacao-com-janeiro-agencia-de-noticias\\\/#webpage\"},\"isPartOf\":{\"@id\":\"https:\\\/\\\/ejornais.com.br\\\/index.php\\\/2023\\\/03\\\/29\\\/sorocaba-fecha-1o-bimestre-do-ano-com-desemprenho-positivo-em-geracao-de-empregos-e-cresce-acima-de-20-na-comparacao-com-janeiro-agencia-de-noticias\\\/#webpage\"},\"articleSection\":\"NOTICIAS\"},{\"@type\":\"BreadcrumbList\",\"@id\":\"https:\\\/\\\/ejornais.com.br\\\/index.php\\\/2023\\\/03\\\/29\\\/sorocaba-fecha-1o-bimestre-do-ano-com-desemprenho-positivo-em-geracao-de-empregos-e-cresce-acima-de-20-na-comparacao-com-janeiro-agencia-de-noticias\\\/#breadcrumblist\",\"itemListElement\":[{\"@type\":\"ListItem\",\"@id\":\"https:\\\/\\\/ejornais.com.br#listItem\",\"position\":1,\"name\":\"In\\u00edcio\",\"item\":\"https:\\\/\\\/ejornais.com.br\",\"nextItem\":{\"@type\":\"ListItem\",\"@id\":\"https:\\\/\\\/ejornais.com.br\\\/index.php\\\/category\\\/noticias\\\/#listItem\",\"name\":\"NOTICIAS\"}},{\"@type\":\"ListItem\",\"@id\":\"https:\\\/\\\/ejornais.com.br\\\/index.php\\\/category\\\/noticias\\\/#listItem\",\"position\":2,\"name\":\"NOTICIAS\",\"item\":\"https:\\\/\\\/ejornais.com.br\\\/index.php\\\/category\\\/noticias\\\/\",\"nextItem\":{\"@type\":\"ListItem\",\"@id\":\"https:\\\/\\\/ejornais.com.br\\\/index.php\\\/2023\\\/03\\\/29\\\/sorocaba-fecha-1o-bimestre-do-ano-com-desemprenho-positivo-em-geracao-de-empregos-e-cresce-acima-de-20-na-comparacao-com-janeiro-agencia-de-noticias\\\/#listItem\",\"name\":\"Sorocaba fecha 1\\u00ba bimestre do ano com desemprenho positivo em gera\\u00e7\\u00e3o de empregos e cresce acima de 20% na compara\\u00e7\\u00e3o com janeiro &#8211; Ag\\u00eancia de Not\\u00edcias\"},\"previousItem\":{\"@type\":\"ListItem\",\"@id\":\"https:\\\/\\\/ejornais.com.br#listItem\",\"name\":\"In\\u00edcio\"}},{\"@type\":\"ListItem\",\"@id\":\"https:\\\/\\\/ejornais.com.br\\\/index.php\\\/2023\\\/03\\\/29\\\/sorocaba-fecha-1o-bimestre-do-ano-com-desemprenho-positivo-em-geracao-de-empregos-e-cresce-acima-de-20-na-comparacao-com-janeiro-agencia-de-noticias\\\/#listItem\",\"position\":3,\"name\":\"Sorocaba fecha 1\\u00ba bimestre do ano com desemprenho positivo em gera\\u00e7\\u00e3o de empregos e cresce acima de 20% na compara\\u00e7\\u00e3o com janeiro &#8211; Ag\\u00eancia de Not\\u00edcias\",\"previousItem\":{\"@type\":\"ListItem\",\"@id\":\"https:\\\/\\\/ejornais.com.br\\\/index.php\\\/category\\\/noticias\\\/#listItem\",\"name\":\"NOTICIAS\"}}]},{\"@type\":\"Organization\",\"@id\":\"https:\\\/\\\/ejornais.com.br\\\/#organization\",\"name\":\"eJornais\",\"description\":\"Cat\\u00e1logo de Jornais no mundo, Not\\u00edcias, Blog e Esportes ao vivo\",\"url\":\"https:\\\/\\\/ejornais.com.br\\\/\"},{\"@type\":\"Person\",\"@id\":\"https:\\\/\\\/ejornais.com.br\\\/index.php\\\/author\\\/#author\",\"url\":\"https:\\\/\\\/ejornais.com.br\\\/index.php\\\/author\\\/\"},{\"@type\":\"WebPage\",\"@id\":\"https:\\\/\\\/ejornais.com.br\\\/index.php\\\/2023\\\/03\\\/29\\\/sorocaba-fecha-1o-bimestre-do-ano-com-desemprenho-positivo-em-geracao-de-empregos-e-cresce-acima-de-20-na-comparacao-com-janeiro-agencia-de-noticias\\\/#webpage\",\"url\":\"https:\\\/\\\/ejornais.com.br\\\/index.php\\\/2023\\\/03\\\/29\\\/sorocaba-fecha-1o-bimestre-do-ano-com-desemprenho-positivo-em-geracao-de-empregos-e-cresce-acima-de-20-na-comparacao-com-janeiro-agencia-de-noticias\\\/\",\"name\":\"Sorocaba fecha 1\\u00ba bimestre do ano com desemprenho positivo em gera\\u00e7\\u00e3o de empregos e cresce acima de 20% na compara\\u00e7\\u00e3o com janeiro \\u2013 Ag\\u00eancia de Not\\u00edcias - eJornais\",\"description\":\"Pelo segundo m\\u00eas consecutivo em 2023, Sorocaba apresentou desempenho positivo na cria\\u00e7\\u00e3o de novos empregos com carteira assinada, segundo dados do Cadastro Geral de Empregados e Desempregados (Caged). Os indicadores apontam que, no primeiro bimestre do ano, foram recolocados no mercado 20.194 trabalhadores, ante 18.783 desligamentos, o que gerou um saldo positivo de 1.311 postos\",\"inLanguage\":\"pt-BR\",\"isPartOf\":{\"@id\":\"https:\\\/\\\/ejornais.com.br\\\/#website\"},\"breadcrumb\":{\"@id\":\"https:\\\/\\\/ejornais.com.br\\\/index.php\\\/2023\\\/03\\\/29\\\/sorocaba-fecha-1o-bimestre-do-ano-com-desemprenho-positivo-em-geracao-de-empregos-e-cresce-acima-de-20-na-comparacao-com-janeiro-agencia-de-noticias\\\/#breadcrumblist\"},\"author\":{\"@id\":\"https:\\\/\\\/ejornais.com.br\\\/index.php\\\/author\\\/#author\"},\"creator\":{\"@id\":\"https:\\\/\\\/ejornais.com.br\\\/index.php\\\/author\\\/#author\"},\"datePublished\":\"2023-03-29T19:10:09-03:00\",\"dateModified\":\"2023-03-29T19:10:09-03:00\"},{\"@type\":\"WebSite\",\"@id\":\"https:\\\/\\\/ejornais.com.br\\\/#website\",\"url\":\"https:\\\/\\\/ejornais.com.br\\\/\",\"name\":\"eJornais\",\"description\":\"Cat\\u00e1logo de Jornais no mundo, Not\\u00edcias, Blog e Esportes ao vivo\",\"inLanguage\":\"pt-BR\",\"publisher\":{\"@id\":\"https:\\\/\\\/ejornais.com.br\\\/#organization\"}}]}\n\t\t<\/script>\n\t\t<!-- All in One SEO -->\n\n","aioseo_head_json":{"title":"Sorocaba fecha 1\u00ba bimestre do ano com desemprenho positivo em gera\u00e7\u00e3o de empregos e cresce acima de 20% na compara\u00e7\u00e3o com janeiro \u2013 Ag\u00eancia de Not\u00edcias - eJornais","description":"Pelo segundo m\u00eas consecutivo em 2023, Sorocaba apresentou desempenho positivo na cria\u00e7\u00e3o de novos empregos com carteira assinada, segundo dados do Cadastro Geral de Empregados e Desempregados (Caged). Os indicadores apontam que, no primeiro bimestre do ano, foram recolocados no mercado 20.194 trabalhadores, ante 18.783 desligamentos, o que gerou um saldo positivo de 1.311 postos","canonical_url":"https:\/\/ejornais.com.br\/index.php\/2023\/03\/29\/sorocaba-fecha-1o-bimestre-do-ano-com-desemprenho-positivo-em-geracao-de-empregos-e-cresce-acima-de-20-na-comparacao-com-janeiro-agencia-de-noticias\/","robots":"max-image-preview:large","keywords":"","webmasterTools":{"miscellaneous":""},"schema":{"@context":"https:\/\/schema.org","@graph":[{"@type":"BlogPosting","@id":"https:\/\/ejornais.com.br\/index.php\/2023\/03\/29\/sorocaba-fecha-1o-bimestre-do-ano-com-desemprenho-positivo-em-geracao-de-empregos-e-cresce-acima-de-20-na-comparacao-com-janeiro-agencia-de-noticias\/#blogposting","name":"Sorocaba fecha 1\u00ba bimestre do ano com desemprenho positivo em gera\u00e7\u00e3o de empregos e cresce acima de 20% na compara\u00e7\u00e3o com janeiro \u2013 Ag\u00eancia de Not\u00edcias - eJornais","headline":"Sorocaba fecha 1\u00ba bimestre do ano com desemprenho positivo em gera\u00e7\u00e3o de empregos e cresce acima de 20% na compara\u00e7\u00e3o com janeiro &#8211; Ag\u00eancia de Not\u00edcias","author":{"@id":"https:\/\/ejornais.com.br\/index.php\/author\/#author"},"publisher":{"@id":"https:\/\/ejornais.com.br\/#organization"},"datePublished":"2023-03-29T19:10:09-03:00","dateModified":"2023-03-29T19:10:09-03:00","inLanguage":"pt-BR","mainEntityOfPage":{"@id":"https:\/\/ejornais.com.br\/index.php\/2023\/03\/29\/sorocaba-fecha-1o-bimestre-do-ano-com-desemprenho-positivo-em-geracao-de-empregos-e-cresce-acima-de-20-na-comparacao-com-janeiro-agencia-de-noticias\/#webpage"},"isPartOf":{"@id":"https:\/\/ejornais.com.br\/index.php\/2023\/03\/29\/sorocaba-fecha-1o-bimestre-do-ano-com-desemprenho-positivo-em-geracao-de-empregos-e-cresce-acima-de-20-na-comparacao-com-janeiro-agencia-de-noticias\/#webpage"},"articleSection":"NOTICIAS"},{"@type":"BreadcrumbList","@id":"https:\/\/ejornais.com.br\/index.php\/2023\/03\/29\/sorocaba-fecha-1o-bimestre-do-ano-com-desemprenho-positivo-em-geracao-de-empregos-e-cresce-acima-de-20-na-comparacao-com-janeiro-agencia-de-noticias\/#breadcrumblist","itemListElement":[{"@type":"ListItem","@id":"https:\/\/ejornais.com.br#listItem","position":1,"name":"In\u00edcio","item":"https:\/\/ejornais.com.br","nextItem":{"@type":"ListItem","@id":"https:\/\/ejornais.com.br\/index.php\/category\/noticias\/#listItem","name":"NOTICIAS"}},{"@type":"ListItem","@id":"https:\/\/ejornais.com.br\/index.php\/category\/noticias\/#listItem","position":2,"name":"NOTICIAS","item":"https:\/\/ejornais.com.br\/index.php\/category\/noticias\/","nextItem":{"@type":"ListItem","@id":"https:\/\/ejornais.com.br\/index.php\/2023\/03\/29\/sorocaba-fecha-1o-bimestre-do-ano-com-desemprenho-positivo-em-geracao-de-empregos-e-cresce-acima-de-20-na-comparacao-com-janeiro-agencia-de-noticias\/#listItem","name":"Sorocaba fecha 1\u00ba bimestre do ano com desemprenho positivo em gera\u00e7\u00e3o de empregos e cresce acima de 20% na compara\u00e7\u00e3o com janeiro &#8211; Ag\u00eancia de Not\u00edcias"},"previousItem":{"@type":"ListItem","@id":"https:\/\/ejornais.com.br#listItem","name":"In\u00edcio"}},{"@type":"ListItem","@id":"https:\/\/ejornais.com.br\/index.php\/2023\/03\/29\/sorocaba-fecha-1o-bimestre-do-ano-com-desemprenho-positivo-em-geracao-de-empregos-e-cresce-acima-de-20-na-comparacao-com-janeiro-agencia-de-noticias\/#listItem","position":3,"name":"Sorocaba fecha 1\u00ba bimestre do ano com desemprenho positivo em gera\u00e7\u00e3o de empregos e cresce acima de 20% na compara\u00e7\u00e3o com janeiro &#8211; Ag\u00eancia de Not\u00edcias","previousItem":{"@type":"ListItem","@id":"https:\/\/ejornais.com.br\/index.php\/category\/noticias\/#listItem","name":"NOTICIAS"}}]},{"@type":"Organization","@id":"https:\/\/ejornais.com.br\/#organization","name":"eJornais","description":"Cat\u00e1logo de Jornais no mundo, Not\u00edcias, Blog e Esportes ao vivo","url":"https:\/\/ejornais.com.br\/"},{"@type":"Person","@id":"https:\/\/ejornais.com.br\/index.php\/author\/#author","url":"https:\/\/ejornais.com.br\/index.php\/author\/"},{"@type":"WebPage","@id":"https:\/\/ejornais.com.br\/index.php\/2023\/03\/29\/sorocaba-fecha-1o-bimestre-do-ano-com-desemprenho-positivo-em-geracao-de-empregos-e-cresce-acima-de-20-na-comparacao-com-janeiro-agencia-de-noticias\/#webpage","url":"https:\/\/ejornais.com.br\/index.php\/2023\/03\/29\/sorocaba-fecha-1o-bimestre-do-ano-com-desemprenho-positivo-em-geracao-de-empregos-e-cresce-acima-de-20-na-comparacao-com-janeiro-agencia-de-noticias\/","name":"Sorocaba fecha 1\u00ba bimestre do ano com desemprenho positivo em gera\u00e7\u00e3o de empregos e cresce acima de 20% na compara\u00e7\u00e3o com janeiro \u2013 Ag\u00eancia de Not\u00edcias - eJornais","description":"Pelo segundo m\u00eas consecutivo em 2023, Sorocaba apresentou desempenho positivo na cria\u00e7\u00e3o de novos empregos com carteira assinada, segundo dados do Cadastro Geral de Empregados e Desempregados (Caged). Os indicadores apontam que, no primeiro bimestre do ano, foram recolocados no mercado 20.194 trabalhadores, ante 18.783 desligamentos, o que gerou um saldo positivo de 1.311 postos","inLanguage":"pt-BR","isPartOf":{"@id":"https:\/\/ejornais.com.br\/#website"},"breadcrumb":{"@id":"https:\/\/ejornais.com.br\/index.php\/2023\/03\/29\/sorocaba-fecha-1o-bimestre-do-ano-com-desemprenho-positivo-em-geracao-de-empregos-e-cresce-acima-de-20-na-comparacao-com-janeiro-agencia-de-noticias\/#breadcrumblist"},"author":{"@id":"https:\/\/ejornais.com.br\/index.php\/author\/#author"},"creator":{"@id":"https:\/\/ejornais.com.br\/index.php\/author\/#author"},"datePublished":"2023-03-29T19:10:09-03:00","dateModified":"2023-03-29T19:10:09-03:00"},{"@type":"WebSite","@id":"https:\/\/ejornais.com.br\/#website","url":"https:\/\/ejornais.com.br\/","name":"eJornais","description":"Cat\u00e1logo de Jornais no mundo, Not\u00edcias, Blog e Esportes ao vivo","inLanguage":"pt-BR","publisher":{"@id":"https:\/\/ejornais.com.br\/#organization"}}]},"og:locale":"pt_BR","og:site_name":"eJornais - Cat\u00e1logo de Jornais no mundo, Not\u00edcias, Blog e Esportes ao vivo","og:type":"article","og:title":"Sorocaba fecha 1\u00ba bimestre do ano com desemprenho positivo em gera\u00e7\u00e3o de empregos e cresce acima de 20% na compara\u00e7\u00e3o com janeiro \u2013 Ag\u00eancia de Not\u00edcias - eJornais","og:description":"Pelo segundo m\u00eas consecutivo em 2023, Sorocaba apresentou desempenho positivo na cria\u00e7\u00e3o de novos empregos com carteira assinada, segundo dados do Cadastro Geral de Empregados e Desempregados (Caged). Os indicadores apontam que, no primeiro bimestre do ano, foram recolocados no mercado 20.194 trabalhadores, ante 18.783 desligamentos, o que gerou um saldo positivo de 1.311 postos","og:url":"https:\/\/ejornais.com.br\/index.php\/2023\/03\/29\/sorocaba-fecha-1o-bimestre-do-ano-com-desemprenho-positivo-em-geracao-de-empregos-e-cresce-acima-de-20-na-comparacao-com-janeiro-agencia-de-noticias\/","article:published_time":"2023-03-29T22:10:09+00:00","article:modified_time":"2023-03-29T22:10:09+00:00","twitter:card":"summary_large_image","twitter:title":"Sorocaba fecha 1\u00ba bimestre do ano com desemprenho positivo em gera\u00e7\u00e3o de empregos e cresce acima de 20% na compara\u00e7\u00e3o com janeiro \u2013 Ag\u00eancia de Not\u00edcias - eJornais","twitter:description":"Pelo segundo m\u00eas consecutivo em 2023, Sorocaba apresentou desempenho positivo na cria\u00e7\u00e3o de novos empregos com carteira assinada, segundo dados do Cadastro Geral de Empregados e Desempregados (Caged). Os indicadores apontam que, no primeiro bimestre do ano, foram recolocados no mercado 20.194 trabalhadores, ante 18.783 desligamentos, o que gerou um saldo positivo de 1.311 postos"},"aioseo_meta_data":{"post_id":"13778","title":null,"description":null,"keywords":null,"keyphrases":null,"primary_term":null,"canonical_url":null,"og_title":null,"og_description":null,"og_object_type":"default","og_image_type":"default","og_image_url":null,"og_image_width":null,"og_image_height":null,"og_image_custom_url":null,"og_image_custom_fields":null,"og_video":null,"og_custom_url":null,"og_article_section":null,"og_article_tags":null,"twitter_use_og":false,"twitter_card":"default","twitter_image_type":"default","twitter_image_url":null,"twitter_image_custom_url":null,"twitter_image_custom_fields":null,"twitter_title":null,"twitter_description":null,"schema":{"blockGraphs":[],"customGraphs":[],"default":{"data":{"Article":[],"Course":[],"Dataset":[],"FAQPage":[],"Movie":[],"Person":[],"Product":[],"ProductReview":[],"Car":[],"Recipe":[],"Service":[],"SoftwareApplication":[],"WebPage":[]},"graphName":"","isEnabled":true},"graphs":[]},"schema_type":"default","schema_type_options":null,"pillar_content":false,"robots_default":true,"robots_noindex":false,"robots_noarchive":false,"robots_nosnippet":false,"robots_nofollow":false,"robots_noimageindex":false,"robots_noodp":false,"robots_notranslate":false,"robots_max_snippet":null,"robots_max_videopreview":null,"robots_max_imagepreview":"large","priority":null,"frequency":null,"local_seo":null,"breadcrumb_settings":null,"limit_modified_date":false,"ai":null,"created":"2023-03-29 22:26:02","updated":"2025-06-04 23:11:37","seo_analyzer_scan_date":null,"focus_keyword":null,"additional_keywords":null,"truseo_locale":null},"aioseo_breadcrumb":"<div class=\"aioseo-breadcrumbs\"><span class=\"aioseo-breadcrumb\">\n\t\t\t<a href=\"https:\/\/ejornais.com.br\" title=\"In\u00edcio\">In\u00edcio<\/a>\n\t\t<\/span><span class=\"aioseo-breadcrumb-separator\">&raquo;<\/span><span class=\"aioseo-breadcrumb\">\n\t\t\t<a href=\"https:\/\/ejornais.com.br\/index.php\/category\/noticias\/\" title=\"NOTICIAS\">NOTICIAS<\/a>\n\t\t<\/span><span class=\"aioseo-breadcrumb-separator\">&raquo;<\/span><span class=\"aioseo-breadcrumb\">\n\t\t\tSorocaba fecha 1\u00ba bimestre do ano com desemprenho positivo em gera\u00e7\u00e3o de empregos e cresce acima de 20% na compara\u00e7\u00e3o com janeiro \u2013 Ag\u00eancia de Not\u00edcias\n\t\t<\/span><\/div>","aioseo_breadcrumb_json":[{"label":"In\u00edcio","link":"https:\/\/ejornais.com.br"},{"label":"NOTICIAS","link":"https:\/\/ejornais.com.br\/index.php\/category\/noticias\/"},{"label":"Sorocaba fecha 1\u00ba bimestre do ano com desemprenho positivo em gera\u00e7\u00e3o de empregos e cresce acima de 20% na compara\u00e7\u00e3o com janeiro &#8211; Ag\u00eancia de Not\u00edcias","link":"https:\/\/ejornais.com.br\/index.php\/2023\/03\/29\/sorocaba-fecha-1o-bimestre-do-ano-com-desemprenho-positivo-em-geracao-de-empregos-e-cresce-acima-de-20-na-comparacao-com-janeiro-agencia-de-noticias\/"}],"amp_enabled":true,"_links":{"self":[{"href":"https:\/\/ejornais.com.br\/index.php\/wp-json\/wp\/v2\/posts\/13778","targetHints":{"allow":["GET"]}}],"collection":[{"href":"https:\/\/ejornais.com.br\/index.php\/wp-json\/wp\/v2\/posts"}],"about":[{"href":"https:\/\/ejornais.com.br\/index.php\/wp-json\/wp\/v2\/types\/post"}],"author":[{"embeddable":true,"href":"https:\/\/ejornais.com.br\/index.php\/wp-json\/wp\/v2\/users\/1"}],"replies":[{"embeddable":true,"href":"https:\/\/ejornais.com.br\/index.php\/wp-json\/wp\/v2\/comments?post=13778"}],"version-history":[{"count":1,"href":"https:\/\/ejornais.com.br\/index.php\/wp-json\/wp\/v2\/posts\/13778\/revisions"}],"predecessor-version":[{"id":13779,"href":"https:\/\/ejornais.com.br\/index.php\/wp-json\/wp\/v2\/posts\/13778\/revisions\/13779"}],"wp:attachment":[{"href":"https:\/\/ejornais.com.br\/index.php\/wp-json\/wp\/v2\/media?parent=13778"}],"wp:term":[{"taxonomy":"category","embeddable":true,"href":"https:\/\/ejornais.com.br\/index.php\/wp-json\/wp\/v2\/categories?post=13778"},{"taxonomy":"post_tag","embeddable":true,"href":"https:\/\/ejornais.com.br\/index.php\/wp-json\/wp\/v2\/tags?post=13778"}],"curies":[{"name":"wp","href":"https:\/\/api.w.org\/{rel}","templated":true}]}}