{"id":13852,"date":"2023-04-02T17:09:52","date_gmt":"2023-04-02T20:09:52","guid":{"rendered":"https:\/\/ejornais.com.br\/?p=13852"},"modified":"2023-04-02T17:09:52","modified_gmt":"2023-04-02T20:09:52","slug":"sob-forte-comocao-corpo-da-mae-do-cantor-daniel-e-velado-e-enterrado-morreu-assim","status":"publish","type":"post","link":"https:\/\/ejornais.com.br\/index.php\/2023\/04\/02\/sob-forte-comocao-corpo-da-mae-do-cantor-daniel-e-velado-e-enterrado-morreu-assim\/","title":{"rendered":"Sob forte como\u00e7\u00e3o, corpo da m\u00e3e do cantor Daniel \u00e9 velado e enterrado: &#039;Morreu assim&#039;"},"content":{"rendered":"<p>Dona Maria Aparecida, m\u00e3e do cantor Daniel, faleceu no s\u00e1bado, 01 de abril de 2023.<\/p>\n<p>O fim de semana n\u00e3o tem sido f\u00e1cil para o cantor Daniel e seus familiares ap\u00f3s grande e irrepar\u00e1vel perda da matriarca de 83 anos, dona Maria Aparecida Cantador Camillo.<\/p>\n<p>Conforme informa\u00e7\u00f5es publicadas pelo pr\u00f3prio cantor sua m\u00e3e faleceu no \u00faltimo s\u00e1bado, dia 01 de abril de 2023. As causas e circunstancias do falecimento de dona Maria Aparecida ainda n\u00e3o foram divulgadas, at\u00e9 o momento desta edi\u00e7\u00e3o.<\/p>\n<p>Desde as primeiras horas deste domingo, dia 02 de abril, familiares e amigos pr\u00f3ximos se reuniram para o \u00faltimo adeus \u00e0 m\u00e3e do cantor Daniel, que foi velada no Vel\u00f3rio Municipal, de Brotas (SP).<\/p>\n<p>Ap\u00f3s receber as \u00faltimas homenagens de entes queridos, o corpo de dona Maria Aparecida seguiu para o Cemit\u00e9rio Municipal, onde foi velado sob forte como\u00e7\u00e3o de dezenas de parentes e amigos da fam\u00edlia do cantor Daniel.<\/p>\n<p>&nbsp;<\/p>\n<p>O falecimento da m\u00e3e do cantor Daniel foi confirmado pelo pr\u00f3prio artista em uma publica\u00e7\u00e3o nas redes sociais no \u00faltimo s\u00e1bado dia 01 de abril, onde registou sua despedida em forma de texto, que emocionou seus amigos e f\u00e3s.<\/p>\n<p>A equipe do artista que se fez presente no vel\u00f3rio e enterro da m\u00e3e do cantor, anunciou nas redes sociais o adiamento do show que Daniel faria no Paran\u00e1.<\/p>\n<p>Nas redes sociais, f\u00e3s do cantor Daniel, famosos e amigos lamentam a grande e irrepar\u00e1vel perda da m\u00e3e do cantor, que \u00e9 muito admirado e querido pelos brasileiros.<\/p>\n<h2>Claudia Raia recebeu v\u00e1rias cr\u00edticas preconceituosas ap\u00f3s postar uma foto com o seu filho mais novo.<\/h2>\n<p>Claudia Raia \u00e9 uma famosa artista brasileira que conquistou o p\u00fablico por conta de suas atua\u00e7\u00f5es. E de forma recente, ela voltou a utilizar suas redes sociais para realizar publica\u00e7\u00f5es que mostram o seu filho.<\/p>\n<p>E acontece que a foto acabou gerando uma repercuss\u00e3o negativa, bem diferente dos elogios que surgiram quando ela mostrou a primeira fotografia de seu beb\u00ea.<\/p>\n<p>Muitos internautas se acharam no direito de criticar Claudia Raia, alegando que ela n\u00e3o estava t\u00e3o bonita quanto apareceu em outros registros anteriores. A atriz est\u00e1 com 56 anos de idade e est\u00e1 passando pela experi\u00eancia da maternidade pela terceira vez. Veja a foto que ela postou a seguir.<\/p>\n<p>Uma boa parte dos f\u00e3s n\u00e3o gostaram da foto em que ela apareceu sem maquiagem e com o cabelo levemente despenteado.<\/p>\n<p>De acordo com muitos coment\u00e1rios, a artista n\u00e3o estaria se cuidando da forma necess\u00e1ria e estaria deixando sua grande beleza de lado.<\/p>\n<p>\u201cNossa, n\u00e3o est\u00e1 se cuidando. Cara de 60\u201d, disparou um internauta.<\/p>\n<p>\u201cParece v\u00f3 da crian\u00e7a\u201d, alegou outro internauta.<\/p>\n<p>Mas, apesar de tantas cr\u00edticas, Claudia tamb\u00e9m recebeu coment\u00e1rios positivos sobre o seu beb\u00ea e muitos pediram para que ela n\u00e3o se importe com as falas negativas, alegando que se trata de invejosos que n\u00e3o conseguem ver pessoas felizes com suas vidas.<\/p>\n<p>Claudia engravidou ap\u00f3s os 50 anos de idade.<\/p>\n<p>&nbsp;<\/p>\n<p>&nbsp;<\/p>\n<p>&nbsp;<\/p>\n<\/p>\n<p>           View this post on Instagram                       <\/p>\n<p>A post shared by Claudia Raia (@claudiaraia)<\/p>\n<\/p>\n<h2>O beb\u00ea de Viviane<\/h2>\n<p>Pelo Instagram, atriz falou com os seguidores sobre assunto que acabou gerando pol\u00eamica.<\/p>\n<p>Desde que anunciou a primeira gesta\u00e7\u00e3o e nascimento de Joaquim, Viviane Ara\u00fajo vem compartilhando com os f\u00e3s a nova rotina como m\u00e3e. Acontece que em meio as novidades contadas aos internautas, a famosa acabou recebendo cr\u00edticas em rela\u00e7\u00e3o ao filho, pelo fato de o beb\u00ea ter duas bab\u00e1s. Nesta segunda-feira (17), a atriz desabafou a respeito do assunto e explicou seus motivos para contar com o aux\u00edlio das funcion\u00e1rias.<\/p>\n<p>Viviane Ara\u00fajo relatou que \u00e9 importante a mulher no p\u00f3s-parto e puerp\u00e9rio ter uma rede de apoio e fez pedido aos internautas. A atriz explicou que voltou a praticar atividades f\u00edsicas e que conta com a ajuda das funcion\u00e1rias nas horas em que n\u00e3o pode estar presente com Joaquim. Por\u00e9m, fez quest\u00e3o de dizer que fica com o filho na maior parte de seu tempo.<\/p>\n<p>Viviane Ara\u00fajo rebate cr\u00edticas por ter duas bab\u00e1s<\/p>\n<p>Ap\u00f3s pol\u00eamica se formar nas redes sociais, Viviane Ara\u00fajo contou que as bab\u00e1s n\u00e3o ficam 24h com Joaquim e que ela e o marido cuidam do beb\u00ea sozinhos durante a noite. \u201cN\u00e3o tem bab\u00e1, n\u00e3o tem enfermeira\u201d, explicou a atriz ao falar sobre o per\u00edodo noturno e informar que as funcion\u00e1rias se revezam nos cuidados com o filho. \u201cUm dia \u00e9 uma, outro dia \u00e9 outra\u201d, desabafou a atriz.<\/p>\n<p>Viviane Ara\u00fajo rebateu os coment\u00e1rios maldosos e pediu para que parassem com as cr\u00edticas a respeito do filho. \u201cCoisas que voc\u00eas n\u00e3o sabem\u201d, pontuou a famosa, pedindo para que os internautas vissem as coisas pelo lado positivo. \u201c\u00c9 muito chato!\u201d, lamentou a atriz.<\/p>\n<p>Apoio \u00e0 Viviane Ara\u00fajo ap\u00f3s desabafo Diante do desabafo, Viviane Ara\u00fajo contou com o apoio dos f\u00e3s e amigos famosos. Em cliques na companhia de Joaquim, a atriz recebe in\u00fameras mensagens de carinho, em contrapartida, cr\u00edticas de alguns internautas. Pelo fato de conseguir ter as funcion\u00e1rias que a auxiliam com o beb\u00ea, a atriz agradeceu a Deus por ter condi\u00e7\u00f5es de contar com a ajuda das bab\u00e1s e enfermeiras.<\/p>\n<p>&nbsp;<\/p>\n<h3>Compartilhe isso:<\/h3>\n","protected":false},"excerpt":{"rendered":"<p>Dona Maria Aparecida, m\u00e3e do cantor Daniel, faleceu no s\u00e1bado, 01 de abril de 2023. O fim de semana n\u00e3o<\/p>\n","protected":false},"author":1,"featured_media":0,"comment_status":"closed","ping_status":"closed","sticky":false,"template":"","format":"standard","meta":{"colormag_page_container_layout":"default_layout","colormag_page_sidebar_layout":"default_layout","footnotes":""},"categories":[46],"tags":[],"class_list":["post-13852","post","type-post","status-publish","format-standard","hentry","category-noticias"],"aioseo_notices":[],"amp_enabled":true,"_links":{"self":[{"href":"https:\/\/ejornais.com.br\/index.php\/wp-json\/wp\/v2\/posts\/13852","targetHints":{"allow":["GET"]}}],"collection":[{"href":"https:\/\/ejornais.com.br\/index.php\/wp-json\/wp\/v2\/posts"}],"about":[{"href":"https:\/\/ejornais.com.br\/index.php\/wp-json\/wp\/v2\/types\/post"}],"author":[{"embeddable":true,"href":"https:\/\/ejornais.com.br\/index.php\/wp-json\/wp\/v2\/users\/1"}],"replies":[{"embeddable":true,"href":"https:\/\/ejornais.com.br\/index.php\/wp-json\/wp\/v2\/comments?post=13852"}],"version-history":[{"count":1,"href":"https:\/\/ejornais.com.br\/index.php\/wp-json\/wp\/v2\/posts\/13852\/revisions"}],"predecessor-version":[{"id":13853,"href":"https:\/\/ejornais.com.br\/index.php\/wp-json\/wp\/v2\/posts\/13852\/revisions\/13853"}],"wp:attachment":[{"href":"https:\/\/ejornais.com.br\/index.php\/wp-json\/wp\/v2\/media?parent=13852"}],"wp:term":[{"taxonomy":"category","embeddable":true,"href":"https:\/\/ejornais.com.br\/index.php\/wp-json\/wp\/v2\/categories?post=13852"},{"taxonomy":"post_tag","embeddable":true,"href":"https:\/\/ejornais.com.br\/index.php\/wp-json\/wp\/v2\/tags?post=13852"}],"curies":[{"name":"wp","href":"https:\/\/api.w.org\/{rel}","templated":true}]}}