{"id":14034,"date":"2023-04-11T18:10:07","date_gmt":"2023-04-11T21:10:07","guid":{"rendered":"https:\/\/ejornais.com.br\/?p=14034"},"modified":"2023-04-11T18:10:07","modified_gmt":"2023-04-11T21:10:07","slug":"the-masked-singer-3-descobrimos-agora-quem-e-a-dj-vitoria-regia-finalista-2","status":"publish","type":"post","link":"https:\/\/ejornais.com.br\/index.php\/2023\/04\/11\/the-masked-singer-3-descobrimos-agora-quem-e-a-dj-vitoria-regia-finalista-2\/","title":{"rendered":"THE MASKED SINGER 3: DESCOBRIMOS AGORA QUEM \u00c9 A DJ VIT\u00d3RIA-R\u00c9GIA, FINALISTA"},"content":{"rendered":"<p>Aqui voc\u00ea descobre todos os mascarados do #TheMaskedSingerBrasil. Inclusive a #Djvitoriaregia. Desta forma, veja abaixo todos os participantes deste reality. O Programa deste domingo, 19 de mar\u00e7o, revelou que a DJ pode mesmo ser a vitoriosa.<\/p>\n<p>Segundo o colunista Andr\u00e9 Romano, do &#8220;Observat\u00f3rio da TV&#8221;, quem usa a fantasia de DJ Vit\u00f3ria-R\u00e9gia \u00e9 a ex-BBB <strong>Flay<\/strong>, nascida <strong>Flayslane Raiane<\/strong> Pereira da Silva em 19 de outubro de 1994 em Nova Floresta, na Para\u00edba. A ex-BBB come\u00e7ou a trabalhar aos 13 anos e, cinco anos depois, deixou a casa dos pais para seguir na carre art\u00edstica.<\/p>\n<h2>QUEM? VEJA OS DEMAIS PARTICIPANTES AQUI<\/h2>\n<p>Outros palpites:<\/p>\n<p><strong>Quem \u00e9 a Vit\u00f3ria-R\u00e9gia?<\/strong> Karol Conk\u00e1 Sophie Charlotte Luisa Sonza Flay Ana Castela<\/p>\n<p>Essa edi\u00e7\u00e3o de The Masked Singer Brasil foi uma das mais dif\u00edceis para descobrir. As dicas est\u00e3o menos incisivas, apesar de nada ser diferente da realidade do artista. N\u00e3o h\u00e1 d\u00favidas, entretanto, de quem s\u00e3o os artistas que est\u00e3o por tr\u00e1s das m\u00e1scaras e fantasias.<\/p>\n<p>Confira a seguir quem s\u00e3o os personagens por tr\u00e1s de cada uma das m\u00e1scaras.<\/p>\n<h2>QUEM \u00c9 A DJ VIT\u00d3RIA R\u00c9GIA?<\/h2>\n<p>A\u00a0DJ Vit\u00f3ria-R\u00e9gia do The Masked Singer Brasil \u00e9 a ex-BBB, que participou do BBB 20, que teve Telma como grande vencedora. Ainda n\u00e3o sabe quem \u00e9? Veja aqui: DJ VIT\u00d3RIA-R\u00c9GIA<\/p>\n<h2>QUEM \u00c9 A ABELHA RAINHA?<\/h2>\n<p>Juntamente com a DJ, essa \u00e9 uma cantora que \u00e9 favorita do programa. Ela \u00e9 uma cantora excepcional que foi descoberta pelo MRNews. Veja aqui ABELHA-RAINHA<\/p>\n<h2>QUEM \u00c9 DINOSSAURO?<\/h2>\n<p>O DInossauro \u00e9 um cantor sertanejo. J\u00e1 hav\u00edamos dito quem \u00e9 e voc\u00ea descobre o Dinossauro aqui. Mano \u00e9 ele mesmo!<\/p>\n<h2>QUEM \u00c9 O GALO?<\/h2>\n<p>Outro candidato que tem se sa\u00eddo muito bem. Ele \u00e9 ator e cantor de teatro, com grandes pe\u00e7as. J\u00e1 se envolveu em confus\u00e3o com Thiago Leifert. O GALO \u00e9&#8230; veja aqui<\/p>\n<h2>QUEM \u00c9 A VOV\u00d3 TARTARUGA?<\/h2>\n<p>Esse n\u00f3s erramos! Pensamos que era Helo\u00edse Peris\u00e9e, mas n\u00e3o \u00e9. Ela vai, na verdade participar de outro reality na emissora. A mulher \u00e9 uma atriz e voc\u00ea v\u00ea aqui. Quem \u00e9 a vov\u00f3 tartaruga \u00e9 Nan&#8230;<\/p>\n<p>&nbsp;<\/p>\n<h2>Personagens de 2023<\/h2>\n<h2>PARTICIPANTES<\/h2>\n<p>    <strong>SIGA-NOS<\/strong>\u00a0  <\/p>\n<h3>Abelha-Rainha<\/h3>\n<h3>Broco Lee<\/h3>\n<h3>Capivara<\/h3>\n<h3>Circo<\/h3>\n<h3>Coelho<\/h3>\n<h3>Coruja<\/h3>\n<h3>Dinossauro<\/h3>\n<h3>DJ Vit\u00f3ria-R\u00e9gia<\/h3>\n<h3>Filtro de Barro<\/h3>\n<h3>Galo<\/h3>\n<h3>Milho de Milh\u00f5es<\/h3>\n<h3>Os Suculentos<\/h3>\n<h3>Romeu e Julieta<\/h3>\n<h3>Vov\u00f3 Tartaruga<\/h3>\n<h3>Compartilhe isso:<\/h3>\n","protected":false},"excerpt":{"rendered":"<p>Aqui voc\u00ea descobre todos os mascarados do #TheMaskedSingerBrasil. Inclusive a #Djvitoriaregia. Desta forma, veja abaixo todos os participantes deste reality.<\/p>\n","protected":false},"author":1,"featured_media":0,"comment_status":"closed","ping_status":"closed","sticky":false,"template":"","format":"standard","meta":{"colormag_page_container_layout":"default_layout","colormag_page_sidebar_layout":"default_layout","footnotes":""},"categories":[46],"tags":[],"class_list":["post-14034","post","type-post","status-publish","format-standard","hentry","category-noticias"],"aioseo_notices":[],"amp_enabled":true,"_links":{"self":[{"href":"https:\/\/ejornais.com.br\/index.php\/wp-json\/wp\/v2\/posts\/14034","targetHints":{"allow":["GET"]}}],"collection":[{"href":"https:\/\/ejornais.com.br\/index.php\/wp-json\/wp\/v2\/posts"}],"about":[{"href":"https:\/\/ejornais.com.br\/index.php\/wp-json\/wp\/v2\/types\/post"}],"author":[{"embeddable":true,"href":"https:\/\/ejornais.com.br\/index.php\/wp-json\/wp\/v2\/users\/1"}],"replies":[{"embeddable":true,"href":"https:\/\/ejornais.com.br\/index.php\/wp-json\/wp\/v2\/comments?post=14034"}],"version-history":[{"count":1,"href":"https:\/\/ejornais.com.br\/index.php\/wp-json\/wp\/v2\/posts\/14034\/revisions"}],"predecessor-version":[{"id":14035,"href":"https:\/\/ejornais.com.br\/index.php\/wp-json\/wp\/v2\/posts\/14034\/revisions\/14035"}],"wp:attachment":[{"href":"https:\/\/ejornais.com.br\/index.php\/wp-json\/wp\/v2\/media?parent=14034"}],"wp:term":[{"taxonomy":"category","embeddable":true,"href":"https:\/\/ejornais.com.br\/index.php\/wp-json\/wp\/v2\/categories?post=14034"},{"taxonomy":"post_tag","embeddable":true,"href":"https:\/\/ejornais.com.br\/index.php\/wp-json\/wp\/v2\/tags?post=14034"}],"curies":[{"name":"wp","href":"https:\/\/api.w.org\/{rel}","templated":true}]}}