{"id":14096,"date":"2023-04-14T15:09:59","date_gmt":"2023-04-14T18:09:59","guid":{"rendered":"https:\/\/ejornais.com.br\/?p=14096"},"modified":"2023-04-14T15:09:59","modified_gmt":"2023-04-14T18:09:59","slug":"assistir-corinthians-x-america-mg-ao-vivo-com-imagens-brasileiro-sub-20-2023-hoje-14-04-palpites","status":"publish","type":"post","link":"https:\/\/ejornais.com.br\/index.php\/2023\/04\/14\/assistir-corinthians-x-america-mg-ao-vivo-com-imagens-brasileiro-sub-20-2023-hoje-14-04-palpites\/","title":{"rendered":"ASSISTIR Corinthians x Am\u00e9rica-MG AO VIVO COM IMAGENS BRASILEIRO Sub-20 2023, HOJE (14\/04), PALPITES"},"content":{"rendered":"<p>Come\u00e7ou o Campeonato <strong>Brasileiro SUB-20<\/strong><strong> de 2023. <\/strong>Assim, a partida <strong>entre Corinthians x Am\u00e9rica-MG <\/strong>do Brasileir\u00e3o SUB-20 acontece hoje,<strong> HOJE (14\/04) \u00e0s 15\u00a0 hs.\u00a0<\/strong> A partida acontece sob o mando de campo <strong>do Corinthians , <\/strong>que busca a vit\u00f3ria sob seus dom\u00ednios.<\/p>\n<h2>Corinthians x Am\u00e9rica-MG\u00a0 ASSISTA AO VIVO COM IMAGENS<\/h2>\n<p><strong>Assim sendo, mais pr\u00f3ximo da partida, basta clicar no play e assistir a partida aqui mesmo no MRNews.<\/strong><\/p>\n<\/p>\n<p>&nbsp;<\/p>\n<p>A partida <strong>acontece COMO NA DATA INFORMADA <\/strong>e ser\u00e1 um dos jogos mais emocionantes desta competi\u00e7\u00e3o, j\u00e1 que se trata de um cl\u00e1ssico do SUB-20 e do futebol nacional, por que n\u00e3o? Confira a seguir, onde haver\u00e1 transmiss\u00e3o dos jogos<strong>. <\/strong>A competi\u00e7\u00e3o de Juniores, ali\u00e1s, revelou v\u00e1rios jogadores importantes que hoje permeiam as grandes equipes de futebol nacional, como PEC (VASCO), Menino (Palmeiras), Patrick de Paula (Botafogo) e Muniz (Flamengo).<\/p>\n<p>O Brasileir\u00e3o SUB-20 come\u00e7a com grandes e importantes parcerias em rela\u00e7\u00e3o a transmiss\u00e3o. Em 2020, como o leitor do MRNews acompanhou, a CBF e o SPORTV fecharam parceria para transmitir toda a competi\u00e7\u00e3o. A BAND tamb\u00e9m transmitiu v\u00e1rios jogos.\u00a0 Este ano, n\u00e3o ser\u00e1 diferente, mas com novidades sutis e importantes para o torcedor. Portanto, a competi\u00e7\u00e3o ter\u00e1 transmiss\u00e3o da BAND ao vivo, em partidas que s\u00e3o transmitidas no final de semana (acompanhe a tabela aqui no site) e tamb\u00e9m, na CBF TV.<\/p>\n<h2><\/h2>\n<h2>PROV\u00c1VEIS ESCALA\u00c7\u00d5ES PALPITES JOGOS DE HOJE<\/h2>\n<p><b>breve<\/b><\/p>\n<p>&nbsp;<\/p>\n<h2>Onde assistir Corinthians x Am\u00e9rica-MG <strong>pelo Brasileiro SUB-20 2023, ao vivo Online ou pela TV e de gra\u00e7a, HOJE (14\/04) \u00e0s 15 hs<\/strong><\/h2>\n<p>  Portanto, como informado anteriormente, os parceiros da CBF em transmiss\u00e3o para o Campeonato Brasileiro SUB-20 s\u00e3o a BAND, o SPORTV, canal por assinatura da Globo e a pr\u00f3pria CBFTV que deve cobrir 100% dos jogos que n\u00e3o ter\u00e3o TV.\u00a0 O <strong>GE<\/strong><strong>.com<\/strong> tamb\u00e9m narra as partidas da competi\u00e7\u00e3o, para quem n\u00e3o pode assistir na TV.  <\/p>\n<p>&nbsp;<\/p>\n<p>    Canal Corinthians x Am\u00e9rica-MG   <strong>CBF TV<\/strong> <strong>N\u00c3O<\/strong>   <strong>SPORTV<\/strong> <strong>sim<\/strong>   <b>BAND<\/b> <strong>n\u00e3o<\/strong>   <strong>OUTROS CANAIS<\/strong> <b>MRNEWS NARRA\u00c7\u00c3O AO VIVO\u00a0\u00a0<\/b>     <\/p>\n<h2><\/h2>\n<p>&nbsp;<\/p>\n<\/p>\n<h2>Hist\u00f3ria do Brasileir\u00e3o SUB-20<\/h2>\n<p>Portanto, o campeonato nacional sub-20 foi apresentado durante um evento ocorrido na sede da Federa\u00e7\u00e3o Ga\u00facha de Futebol em 14 de mar\u00e7o de 2006. J\u00e1 na primeira edi\u00e7\u00e3o, houve a ades\u00e3o de 30 times. O primeiro campe\u00e3o foi o Internacional, em uma final com o Gr\u00eamio. Posteriormente, Cruzeiro e Am\u00e9rica Mineiro seguiram a linha sucess\u00f3ria de t\u00edtulos, quebrada novamente pelo Inter, em 2013. O Corinthians foi campe\u00e3o em 2018. Em 2019, o campe\u00e3o foi o Flamengo. J\u00e1, o atual campe\u00e3o \u00e9 o Atl\u00e9tico Mineiro, que venceu nos p\u00eanaltis o Athl\u00e9tico-PR. Os lances e melhores momentos desta partida, podem ser assistidos logo a seguir. Em 2021, o Campe\u00e3o foi o Internacional que bateu o S\u00e3o Paulo na Final!<\/p>\n<p>Assim, a competi\u00e7\u00e3o em 2022, se iniciou em junho de 2022.<\/p>\n<p>&nbsp;<\/p>\n<p>&nbsp;<\/p>\n<p>&nbsp;<\/p>\n<h3>Compartilhe isso:<\/h3>\n","protected":false},"excerpt":{"rendered":"<p>Come\u00e7ou o Campeonato Brasileiro SUB-20 de 2023. Assim, a partida entre Corinthians x Am\u00e9rica-MG do Brasileir\u00e3o SUB-20 acontece hoje, HOJE<\/p>\n","protected":false},"author":1,"featured_media":0,"comment_status":"closed","ping_status":"closed","sticky":false,"template":"","format":"standard","meta":{"colormag_page_container_layout":"default_layout","colormag_page_sidebar_layout":"default_layout","footnotes":""},"categories":[4],"tags":[],"class_list":["post-14096","post","type-post","status-publish","format-standard","hentry","category-esportes"],"aioseo_notices":[],"amp_enabled":true,"_links":{"self":[{"href":"https:\/\/ejornais.com.br\/index.php\/wp-json\/wp\/v2\/posts\/14096","targetHints":{"allow":["GET"]}}],"collection":[{"href":"https:\/\/ejornais.com.br\/index.php\/wp-json\/wp\/v2\/posts"}],"about":[{"href":"https:\/\/ejornais.com.br\/index.php\/wp-json\/wp\/v2\/types\/post"}],"author":[{"embeddable":true,"href":"https:\/\/ejornais.com.br\/index.php\/wp-json\/wp\/v2\/users\/1"}],"replies":[{"embeddable":true,"href":"https:\/\/ejornais.com.br\/index.php\/wp-json\/wp\/v2\/comments?post=14096"}],"version-history":[{"count":1,"href":"https:\/\/ejornais.com.br\/index.php\/wp-json\/wp\/v2\/posts\/14096\/revisions"}],"predecessor-version":[{"id":14097,"href":"https:\/\/ejornais.com.br\/index.php\/wp-json\/wp\/v2\/posts\/14096\/revisions\/14097"}],"wp:attachment":[{"href":"https:\/\/ejornais.com.br\/index.php\/wp-json\/wp\/v2\/media?parent=14096"}],"wp:term":[{"taxonomy":"category","embeddable":true,"href":"https:\/\/ejornais.com.br\/index.php\/wp-json\/wp\/v2\/categories?post=14096"},{"taxonomy":"post_tag","embeddable":true,"href":"https:\/\/ejornais.com.br\/index.php\/wp-json\/wp\/v2\/tags?post=14096"}],"curies":[{"name":"wp","href":"https:\/\/api.w.org\/{rel}","templated":true}]}}