{"id":14576,"date":"2023-05-11T09:11:46","date_gmt":"2023-05-11T12:11:46","guid":{"rendered":"https:\/\/ejornais.com.br\/?p=14576"},"modified":"2023-05-11T09:11:46","modified_gmt":"2023-05-11T12:11:46","slug":"avenidas-antonio-bardella-e-darci-carvalho-dafferner-no-alto-da-boa-vista-recebem-iluminacao-com-tecnologia-de-led-agencia-de-noticias","status":"publish","type":"post","link":"https:\/\/ejornais.com.br\/index.php\/2023\/05\/11\/avenidas-antonio-bardella-e-darci-carvalho-dafferner-no-alto-da-boa-vista-recebem-iluminacao-com-tecnologia-de-led-agencia-de-noticias\/","title":{"rendered":"Avenidas Antonio Bardella e Darci Carvalho Dafferner no Alto da Boa Vista recebem ilumina\u00e7\u00e3o com tecnologia de LED &#8211; Ag\u00eancia de Not\u00edcias"},"content":{"rendered":"<\/p>\n<p>&nbsp;<\/p>\n<p>A Prefeitura de Sorocaba, por meio da Secretaria de Servi\u00e7os P\u00fablicos e Obras (Serpo), realizou, nesta semana, entre os dias 9 e 10\/5, a troca de lumin\u00e1rias convencionais da ilumina\u00e7\u00e3o p\u00fablica por tecnologia de LED, na Avenida Ant\u00f4nio Bardella e na Avenida Darci Carvalho Dafferner, ambas no Alto da Boa Vista, na Zona Leste.<\/p>\n<p>O servi\u00e7o foi realizado por meio de medida mitigadora, em parceria com a empresa Ramires Motors Ltda., que instalou 39 novas lumin\u00e1rias de LED nesses locais.<\/p>\n<p>\u201cEste \u00e9 mais um ponto de troca da ilumina\u00e7\u00e3o p\u00fablica por tecnologia de LED, fazendo parte desse grande projeto que est\u00e1 contemplando toda a cidade, em parceria com a iniciativa privada, \u00e0 qual agradecemos muito, por todo o apoio prestado ao Poder P\u00fablico\u201d, diz o prefeito Rodrigo Manga.<\/p>\n<p>\u201cAgradecemos \u00e0 Ramires Motors, por meio dos Senhores Luiz Ramires e Vinicius Ramires, por mais essa melhoria importante nesta regi\u00e3o, com dezenas de novos pontos de ilumina\u00e7\u00e3o p\u00fablica em LED\u201d, ressalta o secret\u00e1rio da Serpo, Darwin Jos\u00e9 de Almeida Rosa.<\/p>\n<p>As lumin\u00e1rias de LED t\u00eam maior vida \u00fatil e resist\u00eancia a impactos e vibra\u00e7\u00f5es, al\u00e9m de custo de manuten\u00e7\u00e3o reduzido. Ademais, oferecem maior efici\u00eancia energ\u00e9tica, melhor nitidez e reprodu\u00e7\u00e3o de cor. Elas tamb\u00e9m s\u00e3o sustent\u00e1veis e ecologicamente corretas, gerando economia de cerca de 60% nos gastos p\u00fablicos com energia.<\/p>\n<p>Al\u00e9m das Avenidas Antonio Bardella e Darci Carvalho Dafferner, as demais avenidas, ruas e dispositivos j\u00e1 contemplados com a instala\u00e7\u00e3o de l\u00e2mpadas de LED no munic\u00edpio de Sorocaba, at\u00e9 o momento, s\u00e3o: Avenida Paran\u00e1; Rua Hermelino Matarazzo; Rua Comendador Oetterer; Avenida Ipanema, Rua Cel. Nogueira Padilha; Viaduto Fernando Dini; Viaduto Marcos Jacob; Avenida Itavuvu; Avenida Dom Aguirre; Avenida Ant\u00f4nio Silva Saladino; Avenida S\u00e3o Paulo; Rua Sadrac de Arruda; Avenida Prof. Fl\u00e1vio Fazano; primeiro trecho da Marginal do C\u00f3rrego Itangu\u00e1 (Avenida Jo\u00e3o Frate Neto); Avenida Eng. Carlos Reinaldo Mendes; Avenida Rudolf Dafferner e, na regi\u00e3o central, as ruas S\u00e3o Bento, XV de Novembro, Monsenhor Jo\u00e3o Soares, da Penha, Dr. \u00c1lvaro Soares, Sete de Setembro, Dr. Boulevard Braguinha, Padre Luiz, Francisco Scarpa, Miranda de Azevedo e Ces\u00e1rio Motta; trecho da Estrada do Ipatinga; Parque Campolim; mais o Corredor Oeste do BRT, que receber\u00e1 toda a ilumina\u00e7\u00e3o em LED, abrangendo as avenidas General Os\u00f3rio, Armando Pannunzio e Am\u00e9rico Figueiredo at\u00e9 o Ipiranga.<\/p>\n<p><strong>\u00a0Fotos:<\/strong> Michelle Alves\/Secom<\/p>\n","protected":false},"excerpt":{"rendered":"<p>&nbsp; A Prefeitura de Sorocaba, por meio da Secretaria de Servi\u00e7os P\u00fablicos e Obras (Serpo), realizou, nesta semana, entre os<\/p>\n","protected":false},"author":1,"featured_media":0,"comment_status":"closed","ping_status":"closed","sticky":false,"template":"","format":"standard","meta":{"colormag_page_container_layout":"default_layout","colormag_page_sidebar_layout":"default_layout","footnotes":""},"categories":[46],"tags":[],"class_list":["post-14576","post","type-post","status-publish","format-standard","hentry","category-noticias"],"aioseo_notices":[],"amp_enabled":true,"_links":{"self":[{"href":"https:\/\/ejornais.com.br\/index.php\/wp-json\/wp\/v2\/posts\/14576","targetHints":{"allow":["GET"]}}],"collection":[{"href":"https:\/\/ejornais.com.br\/index.php\/wp-json\/wp\/v2\/posts"}],"about":[{"href":"https:\/\/ejornais.com.br\/index.php\/wp-json\/wp\/v2\/types\/post"}],"author":[{"embeddable":true,"href":"https:\/\/ejornais.com.br\/index.php\/wp-json\/wp\/v2\/users\/1"}],"replies":[{"embeddable":true,"href":"https:\/\/ejornais.com.br\/index.php\/wp-json\/wp\/v2\/comments?post=14576"}],"version-history":[{"count":1,"href":"https:\/\/ejornais.com.br\/index.php\/wp-json\/wp\/v2\/posts\/14576\/revisions"}],"predecessor-version":[{"id":14577,"href":"https:\/\/ejornais.com.br\/index.php\/wp-json\/wp\/v2\/posts\/14576\/revisions\/14577"}],"wp:attachment":[{"href":"https:\/\/ejornais.com.br\/index.php\/wp-json\/wp\/v2\/media?parent=14576"}],"wp:term":[{"taxonomy":"category","embeddable":true,"href":"https:\/\/ejornais.com.br\/index.php\/wp-json\/wp\/v2\/categories?post=14576"},{"taxonomy":"post_tag","embeddable":true,"href":"https:\/\/ejornais.com.br\/index.php\/wp-json\/wp\/v2\/tags?post=14576"}],"curies":[{"name":"wp","href":"https:\/\/api.w.org\/{rel}","templated":true}]}}