{"id":14764,"date":"2023-05-20T10:10:24","date_gmt":"2023-05-20T13:10:24","guid":{"rendered":"https:\/\/ejornais.com.br\/?p=14764"},"modified":"2023-05-20T10:10:24","modified_gmt":"2023-05-20T13:10:24","slug":"prefeitura-de-sorocaba-anuncia-melhorias-e-leva-mercado-solidario-ao-bairro-caguacu-agencia-de-noticias","status":"publish","type":"post","link":"https:\/\/ejornais.com.br\/index.php\/2023\/05\/20\/prefeitura-de-sorocaba-anuncia-melhorias-e-leva-mercado-solidario-ao-bairro-caguacu-agencia-de-noticias\/","title":{"rendered":"Prefeitura de Sorocaba anuncia melhorias e leva &#8220;Mercado Solid\u00e1rio&#8221; ao bairro Cagua\u00e7u &#8211; Ag\u00eancia de Not\u00edcias"},"content":{"rendered":"<\/p>\n<p>Os moradores do Residencial Parque da Mata, unidade da CDHU (Companhia de Desenvolvimento Habitacional e Urbano) no bairro Cagua\u00e7u, Zona Norte da cidade, contaram, na noite desta sexta-feira (19), com o an\u00fancio de melhorias pela Prefeitura de Sorocaba, al\u00e9m da realiza\u00e7\u00e3o do projeto \u201cMercado Solid\u00e1rio\u201d, do Fundo Social de Solidariedade (FSS).<\/p>\n<p>Os im\u00f3veis de interesse social existentes no local j\u00e1 foram contemplados com a isen\u00e7\u00e3o do pagamento do IPTU (Imposto Predial e Territorial Urbano) e, na ocasi\u00e3o do evento no bairro, o prefeito Rodrigo Manga anunciou a vota\u00e7\u00e3o, em breve, de projeto de lei na C\u00e2mara Municipal, que prev\u00ea isentar tamb\u00e9m a taxa de lixo para os residentes de condom\u00ednios, como esse. \u201cAt\u00e9 o m\u00eas de agosto, a iniciativa ser\u00e1 encaminhada \u00e0 C\u00e2mara, algo de extrema import\u00e2ncia para os moradores. N\u00f3s nos debru\u00e7amos nessa resolu\u00e7\u00e3o, que era uma das metas do nosso Governo, estendendo esses benef\u00edcios e garantindo melhorias\u201d, declarou.<\/p>\n<p>Estiveram presentes na ocasi\u00e3o, al\u00e9m do prefeito Rodrigo Manga, a primeira-dama e presidente do FSS, Sirlange Frate Maganhato; os secret\u00e1rios municipais de Servi\u00e7os P\u00fablicos e Obras (Serpo), Darwin de Almeida Rosa; da Fazenda (Sefaz), Marcelo Duarte Regalado; al\u00e9m do ouvidor-geral do Munic\u00edpio, Evandro Bueno; mais os vereadores C\u00edcero Jo\u00e3o e Fausto Peres.<\/p>\n<p><strong>\u201cMercado Solid\u00e1rio\u201d<\/strong><\/p>\n<p>A proposta do projeto \u201cMercado Solid\u00e1rio\u201d \u00e9 oferecer itens b\u00e1sicos para o dia a dia das fam\u00edlias, incluindo, desde produtos aliment\u00edcios at\u00e9 itens de higiene pessoal e de limpeza para a casa. Na ocasi\u00e3o, foram entregues, ainda, kits de higiene bucal para todas as crian\u00e7as presentes. \u201cO intuito dos projetos do Fundo Social \u00e9 garantir essa proximidade do Poder P\u00fablico com a popula\u00e7\u00e3o sorocabana e suas necessidades. Essa \u00e9 uma oportunidade para oferecer aquilo que cada fam\u00edlia necessita, dentro da realidade de cada lar e com produtos que far\u00e3o a diferen\u00e7a na rotina\u201d, declarou a primeira-dama.<\/p>\n<p>\u201cA maioria dos moradores necessita desse tipo de a\u00e7\u00e3o e \u00e9 gratificante ver que nossos representantes reconhecem essas demandas. O projeto foi muito bem recebido aqui e esperamos os pr\u00f3ximos de bra\u00e7os abertos\u201d, disse a s\u00edndica e moradora do condom\u00ednio, Vanessa Cristina Rodrigues.<\/p>\n<p>Os moradores presentes na reuni\u00e3o receberam vales para serem trocados por produtos, \u00e0 livre escolha. Os participantes puderam levar para casa, sem custo algum, os produtos que mais agradavam e atendiam \u00e0s necessidades de cada fam\u00edlia. \u201cCom a quantidade de contas que precisamos nos comprometer, o &#8216;Mercado Solid\u00e1rio&#8217; veio em boa hora! Foi \u00f3timo! N\u00f3s est\u00e1vamos precisando muito de produtos, como esses\u201d, destacou a moradora do Residencial Parque da Mata, Michele da Silva.<\/p>\n<p><strong>Fotos: Michelle Alves &#8211; Secom<\/strong><\/p>\n","protected":false},"excerpt":{"rendered":"<p>Os moradores do Residencial Parque da Mata, unidade da CDHU (Companhia de Desenvolvimento Habitacional e Urbano) no bairro Cagua\u00e7u, Zona<\/p>\n","protected":false},"author":1,"featured_media":0,"comment_status":"closed","ping_status":"closed","sticky":false,"template":"","format":"standard","meta":{"colormag_page_container_layout":"default_layout","colormag_page_sidebar_layout":"default_layout","footnotes":""},"categories":[46],"tags":[],"class_list":["post-14764","post","type-post","status-publish","format-standard","hentry","category-noticias"],"aioseo_notices":[],"amp_enabled":true,"_links":{"self":[{"href":"https:\/\/ejornais.com.br\/index.php\/wp-json\/wp\/v2\/posts\/14764","targetHints":{"allow":["GET"]}}],"collection":[{"href":"https:\/\/ejornais.com.br\/index.php\/wp-json\/wp\/v2\/posts"}],"about":[{"href":"https:\/\/ejornais.com.br\/index.php\/wp-json\/wp\/v2\/types\/post"}],"author":[{"embeddable":true,"href":"https:\/\/ejornais.com.br\/index.php\/wp-json\/wp\/v2\/users\/1"}],"replies":[{"embeddable":true,"href":"https:\/\/ejornais.com.br\/index.php\/wp-json\/wp\/v2\/comments?post=14764"}],"version-history":[{"count":1,"href":"https:\/\/ejornais.com.br\/index.php\/wp-json\/wp\/v2\/posts\/14764\/revisions"}],"predecessor-version":[{"id":14765,"href":"https:\/\/ejornais.com.br\/index.php\/wp-json\/wp\/v2\/posts\/14764\/revisions\/14765"}],"wp:attachment":[{"href":"https:\/\/ejornais.com.br\/index.php\/wp-json\/wp\/v2\/media?parent=14764"}],"wp:term":[{"taxonomy":"category","embeddable":true,"href":"https:\/\/ejornais.com.br\/index.php\/wp-json\/wp\/v2\/categories?post=14764"},{"taxonomy":"post_tag","embeddable":true,"href":"https:\/\/ejornais.com.br\/index.php\/wp-json\/wp\/v2\/tags?post=14764"}],"curies":[{"name":"wp","href":"https:\/\/api.w.org\/{rel}","templated":true}]}}