{"id":14934,"date":"2023-05-28T00:09:51","date_gmt":"2023-05-28T03:09:51","guid":{"rendered":"https:\/\/ejornais.com.br\/?p=14934"},"modified":"2023-05-28T00:09:51","modified_gmt":"2023-05-28T03:09:51","slug":"programa-humanizacao-acolhe-34-pessoas-em-situacao-de-rua-nesta-sexta-feira-26-agencia-de-noticias","status":"publish","type":"post","link":"https:\/\/ejornais.com.br\/index.php\/2023\/05\/28\/programa-humanizacao-acolhe-34-pessoas-em-situacao-de-rua-nesta-sexta-feira-26-agencia-de-noticias\/","title":{"rendered":"Programa &#8220;HumanizA\u00e7\u00e3o&#8221; acolhe 34 pessoas em situa\u00e7\u00e3o de rua nesta sexta-feira (26) &#8211; Ag\u00eancia de Not\u00edcias"},"content":{"rendered":"<\/p>\n<p>As equipes do programa \u201cHumaniza\u00e7\u00e3o\u201d realizaram, ao longo desta sexta-feira (26), mais uma a\u00e7\u00e3o de abordagem social especializada \u00e0s pessoas em situa\u00e7\u00e3o de rua. As equipes prestaram atendimentos a 77 pessoas, sendo que 34 delas aceitaram receber acolhimento no Servi\u00e7o de Obras Sociais (SOS). No local, s\u00e3o disponibilizados aos abrigados, al\u00e9m do pernoite, alimenta\u00e7\u00e3o completa, roupas e toalhas limpas, banho quente e cuidados de higiene.<\/p>\n<p>Foram percorridos pelas equipes os seguintes endere\u00e7os: Pra\u00e7a Cel. Fernando Prestes, Avenida Itavuvu, Rua Comendador Oetterer, Rua Moacyr Figueira, Avenida S\u00e3o Paulo, Avenida Dom Aguirre, Rua S\u00e3o Bento, Rua XV de Novembro, Rua da Penha, imedia\u00e7\u00f5es da Rodovi\u00e1ria, Rua Sete de Setembro, Avenida Ant\u00f4nio Carlos Comitre, Pra\u00e7a Dr. Arthur Fajardo, Avenida Gal. Carneiro e Avenida Ipanema.<\/p>\n<p>Realizado de forma integrada, o programa municipal re\u00fane profissionais da Secretaria de Seguran\u00e7a Urbana (Sesu), da Secretaria da Cidadania (Secid), com sua Coordenadoria de \u00c1lcool e Outras Drogas junto \u00e0 Divis\u00e3o de Pol\u00edtica para Pessoas em Situa\u00e7\u00e3o de Rua, al\u00e9m da Secretaria da Sa\u00fade (SES). Tamb\u00e9m conta com o importante aux\u00edlio da Guarda Civil Municipal (GCM), da Secretaria de Servi\u00e7os P\u00fablicos e Obras (Serpo) e da Urbes \u2013 Tr\u00e2nsito e Transportes.<\/p>\n<p><strong>Saiba como ajudar<\/strong><\/p>\n<p>A popula\u00e7\u00e3o pode sempre colaborar com as atividades do programa, informando os locais da cidade onde haja pessoas em situa\u00e7\u00e3o de rua necessitando de cuidados e acolhimento, assim como doando roupas, cobertores e alimentos. O contato pode ser feito pelo WhatsApp (15) 99666-2636, que pode ser acessado 24h por dia, ou pelos telefones: (15) 3229-0777, do SOS; (15) 3212-6900, da Secretaria da Cidadania (Secid) e 153, da Guarda Civil Municipal (GCM).<\/p>\n","protected":false},"excerpt":{"rendered":"<p>As equipes do programa \u201cHumaniza\u00e7\u00e3o\u201d realizaram, ao longo desta sexta-feira (26), mais uma a\u00e7\u00e3o de abordagem social especializada \u00e0s pessoas<\/p>\n","protected":false},"author":1,"featured_media":0,"comment_status":"closed","ping_status":"closed","sticky":false,"template":"","format":"standard","meta":{"colormag_page_container_layout":"default_layout","colormag_page_sidebar_layout":"default_layout","footnotes":""},"categories":[46],"tags":[],"class_list":["post-14934","post","type-post","status-publish","format-standard","hentry","category-noticias"],"aioseo_notices":[],"amp_enabled":true,"_links":{"self":[{"href":"https:\/\/ejornais.com.br\/index.php\/wp-json\/wp\/v2\/posts\/14934","targetHints":{"allow":["GET"]}}],"collection":[{"href":"https:\/\/ejornais.com.br\/index.php\/wp-json\/wp\/v2\/posts"}],"about":[{"href":"https:\/\/ejornais.com.br\/index.php\/wp-json\/wp\/v2\/types\/post"}],"author":[{"embeddable":true,"href":"https:\/\/ejornais.com.br\/index.php\/wp-json\/wp\/v2\/users\/1"}],"replies":[{"embeddable":true,"href":"https:\/\/ejornais.com.br\/index.php\/wp-json\/wp\/v2\/comments?post=14934"}],"version-history":[{"count":1,"href":"https:\/\/ejornais.com.br\/index.php\/wp-json\/wp\/v2\/posts\/14934\/revisions"}],"predecessor-version":[{"id":14935,"href":"https:\/\/ejornais.com.br\/index.php\/wp-json\/wp\/v2\/posts\/14934\/revisions\/14935"}],"wp:attachment":[{"href":"https:\/\/ejornais.com.br\/index.php\/wp-json\/wp\/v2\/media?parent=14934"}],"wp:term":[{"taxonomy":"category","embeddable":true,"href":"https:\/\/ejornais.com.br\/index.php\/wp-json\/wp\/v2\/categories?post=14934"},{"taxonomy":"post_tag","embeddable":true,"href":"https:\/\/ejornais.com.br\/index.php\/wp-json\/wp\/v2\/tags?post=14934"}],"curies":[{"name":"wp","href":"https:\/\/api.w.org\/{rel}","templated":true}]}}