{"id":15014,"date":"2023-06-01T09:11:08","date_gmt":"2023-06-01T12:11:08","guid":{"rendered":"https:\/\/ejornais.com.br\/?p=15014"},"modified":"2023-06-01T09:11:08","modified_gmt":"2023-06-01T12:11:08","slug":"prefeitura-de-sorocaba-divulga-agenda-de-junho-dos-onibus-azul-e-rosa-da-saude-agencia-de-noticias","status":"publish","type":"post","link":"https:\/\/ejornais.com.br\/index.php\/2023\/06\/01\/prefeitura-de-sorocaba-divulga-agenda-de-junho-dos-onibus-azul-e-rosa-da-saude-agencia-de-noticias\/","title":{"rendered":"Prefeitura de Sorocaba divulga agenda de junho dos \u00d4nibus Azul e Rosa da Sa\u00fade &#8211; Ag\u00eancia de Not\u00edcias"},"content":{"rendered":"<\/p>\n<p>Com o objetivo de levar atendimento em sa\u00fade para sempre mais pr\u00f3ximo da popula\u00e7\u00e3o, em todas as regi\u00f5es da cidade, os \u00d4nibus Azul e Rosa, da Secretaria da Sa\u00fade (SES), estar\u00e3o em mais cinco endere\u00e7os diferentes durante o m\u00eas de junho. As unidades m\u00f3veis oferecem assist\u00eancia nas \u00e1reas de Ginecologia e Urologia, de segunda a sexta-feira, sempre das 7h \u00e0s 13h. Al\u00e9m dos atendimentos, tamb\u00e9m s\u00e3o realizados testes r\u00e1pidos de detec\u00e7\u00e3o de HIV e s\u00edfilis.<\/p>\n<p>Nos dias 1 e 2 de junho, os \u00d4nibus Azul e Rosa assistir\u00e3o a popula\u00e7\u00e3o na UBS S\u00e3o Guilherme, na Rua Belmiro Moreira Soares, s\/n, no Jardim S\u00e3o Guilherme. Nos dias 5 e 6, os \u00f4nibus estar\u00e3o na Policl\u00ednica Municipal de Especialidades \u201cEdward Maluf\u201d, localizada na Avenida Roberto Simonsen, s\/n, Jardim Santa Ros\u00e1lia.<\/p>\n<p>No dia 7, as duas unidades m\u00f3veis realizar\u00e3o os atendimentos no Pa\u00e7o Municipal, na Avenida Engenheiro Carlos Reinaldo Mendes, 3.041, no Alto da Boa Vista.<\/p>\n<p>Nos dias 12,13, 14, 15 e 16, o \u00d4nibus Rosa estar\u00e1 no Condom\u00ednio Vila dos Ingleses (pr\u00f3ximo do Ceasa), localizado na Pra\u00e7a Iris C. Stillitano, s\/n, Ch\u00e1caras Reunidas S\u00e3o Jorge. J\u00e1, o \u00d4nibus Azul, nos dias 12, 13, 14, 15 e 16, estar\u00e1 na Pra\u00e7a Fernando Prestes, no Centro da cidade.<\/p>\n<p>Os atendimentos continuam nos dias 19, 20, 21, 22 e 23 na UBS Laranjeiras, localizada na Rua S\u00f4nia Bern\u00fancio, 24, no Parque das Laranjeiras. Nos dias 26, 27, 28, 29 e 30, os \u00f4nibus estar\u00e3o em frente \u00e0 UBS Sorocaba I, na Rua Doutor Am\u00e9rico Figueiredo, 3.171, no bairro J\u00falio de Mesquita Filho.<\/p>\n<p>Para o \u00d4nibus Azul, nos dias 6, 13 e 27, ser\u00e3o disponibilizadas, por ordem de chegada, 48 senhas, a partir das 7h. J\u00e1, nos dias 5, 7, 12, 19, 21, 26 e 28, ser\u00e3o distribu\u00eddas aos mun\u00edcipes 36 senhas, tamb\u00e9m a partir das 7h. E, nos dias 1, 2, 15, 16, 20, 22, 23, 29 e 30, ser\u00e3o ofertadas 24 senhas, sempre a partir do mesmo hor\u00e1rio. Para o \u00f4nibus Rosa, ser\u00e3o entregues 12 senhas em todos esses dias, a partir das 7h.<\/p>\n<p>Para ser atendido, \u00e9 necess\u00e1rio levar um documento de identidade, o cart\u00e3o do Sistema \u00danico de Sa\u00fade (SUS) e o cart\u00e3o da Unidade B\u00e1sica de Sa\u00fade (UBS), para encaminhamentos e agendamentos. Mais informa\u00e7\u00f5es podem ser obtidas de segunda a sexta, das 8h \u00e0s 17h, pelos telefones da Secretaria da Sa\u00fade: (15) 3238-2430 e (15) 3238-2332.<\/p>\n","protected":false},"excerpt":{"rendered":"<p>Com o objetivo de levar atendimento em sa\u00fade para sempre mais pr\u00f3ximo da popula\u00e7\u00e3o, em todas as regi\u00f5es da cidade,<\/p>\n","protected":false},"author":1,"featured_media":0,"comment_status":"closed","ping_status":"closed","sticky":false,"template":"","format":"standard","meta":{"colormag_page_container_layout":"default_layout","colormag_page_sidebar_layout":"default_layout","footnotes":""},"categories":[46],"tags":[],"class_list":["post-15014","post","type-post","status-publish","format-standard","hentry","category-noticias"],"aioseo_notices":[],"aioseo_head":"\n\t\t<!-- All in One SEO 5.0.1.1 - aioseo.com -->\n\t<meta name=\"description\" content=\"Com o objetivo de levar atendimento em sa\u00fade para sempre mais pr\u00f3ximo da popula\u00e7\u00e3o, em todas as regi\u00f5es da cidade, os \u00d4nibus Azul e Rosa, da Secretaria da Sa\u00fade (SES), estar\u00e3o em mais cinco endere\u00e7os diferentes durante o m\u00eas de junho. As unidades m\u00f3veis oferecem assist\u00eancia nas \u00e1reas de Ginecologia e Urologia, de segunda a\" \/>\n\t<meta name=\"robots\" content=\"max-image-preview:large\" \/>\n\t<link rel=\"canonical\" href=\"https:\/\/ejornais.com.br\/index.php\/2023\/06\/01\/prefeitura-de-sorocaba-divulga-agenda-de-junho-dos-onibus-azul-e-rosa-da-saude-agencia-de-noticias\/\" \/>\n\t<meta name=\"generator\" content=\"All in One SEO (AIOSEO) 5.0.1.1\" \/>\n\t\t<meta property=\"og:locale\" content=\"pt_BR\" \/>\n\t\t<meta property=\"og:site_name\" content=\"eJornais - Cat\u00e1logo de Jornais no mundo, Not\u00edcias, Blog e Esportes ao vivo\" \/>\n\t\t<meta property=\"og:type\" content=\"article\" \/>\n\t\t<meta property=\"og:title\" content=\"Prefeitura de Sorocaba divulga agenda de junho dos \u00d4nibus Azul e Rosa da Sa\u00fade \u2013 Ag\u00eancia de Not\u00edcias - eJornais\" \/>\n\t\t<meta property=\"og:description\" content=\"Com o objetivo de levar atendimento em sa\u00fade para sempre mais pr\u00f3ximo da popula\u00e7\u00e3o, em todas as regi\u00f5es da cidade, os \u00d4nibus Azul e Rosa, da Secretaria da Sa\u00fade (SES), estar\u00e3o em mais cinco endere\u00e7os diferentes durante o m\u00eas de junho. As unidades m\u00f3veis oferecem assist\u00eancia nas \u00e1reas de Ginecologia e Urologia, de segunda a\" \/>\n\t\t<meta property=\"og:url\" content=\"https:\/\/ejornais.com.br\/index.php\/2023\/06\/01\/prefeitura-de-sorocaba-divulga-agenda-de-junho-dos-onibus-azul-e-rosa-da-saude-agencia-de-noticias\/\" \/>\n\t\t<meta property=\"article:published_time\" content=\"2023-06-01T12:11:08+00:00\" \/>\n\t\t<meta property=\"article:modified_time\" content=\"2023-06-01T12:11:08+00:00\" \/>\n\t\t<meta name=\"twitter:card\" content=\"summary_large_image\" \/>\n\t\t<meta name=\"twitter:title\" content=\"Prefeitura de Sorocaba divulga agenda de junho dos \u00d4nibus Azul e Rosa da Sa\u00fade \u2013 Ag\u00eancia de Not\u00edcias - eJornais\" \/>\n\t\t<meta name=\"twitter:description\" content=\"Com o objetivo de levar atendimento em sa\u00fade para sempre mais pr\u00f3ximo da popula\u00e7\u00e3o, em todas as regi\u00f5es da cidade, os \u00d4nibus Azul e Rosa, da Secretaria da Sa\u00fade (SES), estar\u00e3o em mais cinco endere\u00e7os diferentes durante o m\u00eas de junho. As unidades m\u00f3veis oferecem assist\u00eancia nas \u00e1reas de Ginecologia e Urologia, de segunda a\" \/>\n\t\t<script type=\"application\/ld+json\" class=\"aioseo-schema\">\n\t\t\t{\"@context\":\"https:\\\/\\\/schema.org\",\"@graph\":[{\"@type\":\"BlogPosting\",\"@id\":\"https:\\\/\\\/ejornais.com.br\\\/index.php\\\/2023\\\/06\\\/01\\\/prefeitura-de-sorocaba-divulga-agenda-de-junho-dos-onibus-azul-e-rosa-da-saude-agencia-de-noticias\\\/#blogposting\",\"name\":\"Prefeitura de Sorocaba divulga agenda de junho dos \\u00d4nibus Azul e Rosa da Sa\\u00fade \\u2013 Ag\\u00eancia de Not\\u00edcias - eJornais\",\"headline\":\"Prefeitura de Sorocaba divulga agenda de junho dos \\u00d4nibus Azul e Rosa da Sa\\u00fade &#8211; Ag\\u00eancia de Not\\u00edcias\",\"author\":{\"@id\":\"https:\\\/\\\/ejornais.com.br\\\/index.php\\\/author\\\/#author\"},\"publisher\":{\"@id\":\"https:\\\/\\\/ejornais.com.br\\\/#organization\"},\"datePublished\":\"2023-06-01T09:11:08-03:00\",\"dateModified\":\"2023-06-01T09:11:08-03:00\",\"inLanguage\":\"pt-BR\",\"mainEntityOfPage\":{\"@id\":\"https:\\\/\\\/ejornais.com.br\\\/index.php\\\/2023\\\/06\\\/01\\\/prefeitura-de-sorocaba-divulga-agenda-de-junho-dos-onibus-azul-e-rosa-da-saude-agencia-de-noticias\\\/#webpage\"},\"isPartOf\":{\"@id\":\"https:\\\/\\\/ejornais.com.br\\\/index.php\\\/2023\\\/06\\\/01\\\/prefeitura-de-sorocaba-divulga-agenda-de-junho-dos-onibus-azul-e-rosa-da-saude-agencia-de-noticias\\\/#webpage\"},\"articleSection\":\"NOTICIAS\"},{\"@type\":\"BreadcrumbList\",\"@id\":\"https:\\\/\\\/ejornais.com.br\\\/index.php\\\/2023\\\/06\\\/01\\\/prefeitura-de-sorocaba-divulga-agenda-de-junho-dos-onibus-azul-e-rosa-da-saude-agencia-de-noticias\\\/#breadcrumblist\",\"itemListElement\":[{\"@type\":\"ListItem\",\"@id\":\"https:\\\/\\\/ejornais.com.br#listItem\",\"position\":1,\"name\":\"In\\u00edcio\",\"item\":\"https:\\\/\\\/ejornais.com.br\",\"nextItem\":{\"@type\":\"ListItem\",\"@id\":\"https:\\\/\\\/ejornais.com.br\\\/index.php\\\/category\\\/noticias\\\/#listItem\",\"name\":\"NOTICIAS\"}},{\"@type\":\"ListItem\",\"@id\":\"https:\\\/\\\/ejornais.com.br\\\/index.php\\\/category\\\/noticias\\\/#listItem\",\"position\":2,\"name\":\"NOTICIAS\",\"item\":\"https:\\\/\\\/ejornais.com.br\\\/index.php\\\/category\\\/noticias\\\/\",\"nextItem\":{\"@type\":\"ListItem\",\"@id\":\"https:\\\/\\\/ejornais.com.br\\\/index.php\\\/2023\\\/06\\\/01\\\/prefeitura-de-sorocaba-divulga-agenda-de-junho-dos-onibus-azul-e-rosa-da-saude-agencia-de-noticias\\\/#listItem\",\"name\":\"Prefeitura de Sorocaba divulga agenda de junho dos \\u00d4nibus Azul e Rosa da Sa\\u00fade &#8211; Ag\\u00eancia de Not\\u00edcias\"},\"previousItem\":{\"@type\":\"ListItem\",\"@id\":\"https:\\\/\\\/ejornais.com.br#listItem\",\"name\":\"In\\u00edcio\"}},{\"@type\":\"ListItem\",\"@id\":\"https:\\\/\\\/ejornais.com.br\\\/index.php\\\/2023\\\/06\\\/01\\\/prefeitura-de-sorocaba-divulga-agenda-de-junho-dos-onibus-azul-e-rosa-da-saude-agencia-de-noticias\\\/#listItem\",\"position\":3,\"name\":\"Prefeitura de Sorocaba divulga agenda de junho dos \\u00d4nibus Azul e Rosa da Sa\\u00fade &#8211; Ag\\u00eancia de Not\\u00edcias\",\"previousItem\":{\"@type\":\"ListItem\",\"@id\":\"https:\\\/\\\/ejornais.com.br\\\/index.php\\\/category\\\/noticias\\\/#listItem\",\"name\":\"NOTICIAS\"}}]},{\"@type\":\"Organization\",\"@id\":\"https:\\\/\\\/ejornais.com.br\\\/#organization\",\"name\":\"eJornais\",\"description\":\"Cat\\u00e1logo de Jornais no mundo, Not\\u00edcias, Blog e Esportes ao vivo\",\"url\":\"https:\\\/\\\/ejornais.com.br\\\/\"},{\"@type\":\"Person\",\"@id\":\"https:\\\/\\\/ejornais.com.br\\\/index.php\\\/author\\\/#author\",\"url\":\"https:\\\/\\\/ejornais.com.br\\\/index.php\\\/author\\\/\"},{\"@type\":\"WebPage\",\"@id\":\"https:\\\/\\\/ejornais.com.br\\\/index.php\\\/2023\\\/06\\\/01\\\/prefeitura-de-sorocaba-divulga-agenda-de-junho-dos-onibus-azul-e-rosa-da-saude-agencia-de-noticias\\\/#webpage\",\"url\":\"https:\\\/\\\/ejornais.com.br\\\/index.php\\\/2023\\\/06\\\/01\\\/prefeitura-de-sorocaba-divulga-agenda-de-junho-dos-onibus-azul-e-rosa-da-saude-agencia-de-noticias\\\/\",\"name\":\"Prefeitura de Sorocaba divulga agenda de junho dos \\u00d4nibus Azul e Rosa da Sa\\u00fade \\u2013 Ag\\u00eancia de Not\\u00edcias - eJornais\",\"description\":\"Com o objetivo de levar atendimento em sa\\u00fade para sempre mais pr\\u00f3ximo da popula\\u00e7\\u00e3o, em todas as regi\\u00f5es da cidade, os \\u00d4nibus Azul e Rosa, da Secretaria da Sa\\u00fade (SES), estar\\u00e3o em mais cinco endere\\u00e7os diferentes durante o m\\u00eas de junho. As unidades m\\u00f3veis oferecem assist\\u00eancia nas \\u00e1reas de Ginecologia e Urologia, de segunda a\",\"inLanguage\":\"pt-BR\",\"isPartOf\":{\"@id\":\"https:\\\/\\\/ejornais.com.br\\\/#website\"},\"breadcrumb\":{\"@id\":\"https:\\\/\\\/ejornais.com.br\\\/index.php\\\/2023\\\/06\\\/01\\\/prefeitura-de-sorocaba-divulga-agenda-de-junho-dos-onibus-azul-e-rosa-da-saude-agencia-de-noticias\\\/#breadcrumblist\"},\"author\":{\"@id\":\"https:\\\/\\\/ejornais.com.br\\\/index.php\\\/author\\\/#author\"},\"creator\":{\"@id\":\"https:\\\/\\\/ejornais.com.br\\\/index.php\\\/author\\\/#author\"},\"datePublished\":\"2023-06-01T09:11:08-03:00\",\"dateModified\":\"2023-06-01T09:11:08-03:00\"},{\"@type\":\"WebSite\",\"@id\":\"https:\\\/\\\/ejornais.com.br\\\/#website\",\"url\":\"https:\\\/\\\/ejornais.com.br\\\/\",\"name\":\"eJornais\",\"description\":\"Cat\\u00e1logo de Jornais no mundo, Not\\u00edcias, Blog e Esportes ao vivo\",\"inLanguage\":\"pt-BR\",\"publisher\":{\"@id\":\"https:\\\/\\\/ejornais.com.br\\\/#organization\"}}]}\n\t\t<\/script>\n\t\t<!-- All in One SEO -->\n\n","aioseo_head_json":{"title":"Prefeitura de Sorocaba divulga agenda de junho dos \u00d4nibus Azul e Rosa da Sa\u00fade \u2013 Ag\u00eancia de Not\u00edcias - eJornais","description":"Com o objetivo de levar atendimento em sa\u00fade para sempre mais pr\u00f3ximo da popula\u00e7\u00e3o, em todas as regi\u00f5es da cidade, os \u00d4nibus Azul e Rosa, da Secretaria da Sa\u00fade (SES), estar\u00e3o em mais cinco endere\u00e7os diferentes durante o m\u00eas de junho. As unidades m\u00f3veis oferecem assist\u00eancia nas \u00e1reas de Ginecologia e Urologia, de segunda a","canonical_url":"https:\/\/ejornais.com.br\/index.php\/2023\/06\/01\/prefeitura-de-sorocaba-divulga-agenda-de-junho-dos-onibus-azul-e-rosa-da-saude-agencia-de-noticias\/","robots":"max-image-preview:large","keywords":"","webmasterTools":{"miscellaneous":""},"schema":{"@context":"https:\/\/schema.org","@graph":[{"@type":"BlogPosting","@id":"https:\/\/ejornais.com.br\/index.php\/2023\/06\/01\/prefeitura-de-sorocaba-divulga-agenda-de-junho-dos-onibus-azul-e-rosa-da-saude-agencia-de-noticias\/#blogposting","name":"Prefeitura de Sorocaba divulga agenda de junho dos \u00d4nibus Azul e Rosa da Sa\u00fade \u2013 Ag\u00eancia de Not\u00edcias - eJornais","headline":"Prefeitura de Sorocaba divulga agenda de junho dos \u00d4nibus Azul e Rosa da Sa\u00fade &#8211; Ag\u00eancia de Not\u00edcias","author":{"@id":"https:\/\/ejornais.com.br\/index.php\/author\/#author"},"publisher":{"@id":"https:\/\/ejornais.com.br\/#organization"},"datePublished":"2023-06-01T09:11:08-03:00","dateModified":"2023-06-01T09:11:08-03:00","inLanguage":"pt-BR","mainEntityOfPage":{"@id":"https:\/\/ejornais.com.br\/index.php\/2023\/06\/01\/prefeitura-de-sorocaba-divulga-agenda-de-junho-dos-onibus-azul-e-rosa-da-saude-agencia-de-noticias\/#webpage"},"isPartOf":{"@id":"https:\/\/ejornais.com.br\/index.php\/2023\/06\/01\/prefeitura-de-sorocaba-divulga-agenda-de-junho-dos-onibus-azul-e-rosa-da-saude-agencia-de-noticias\/#webpage"},"articleSection":"NOTICIAS"},{"@type":"BreadcrumbList","@id":"https:\/\/ejornais.com.br\/index.php\/2023\/06\/01\/prefeitura-de-sorocaba-divulga-agenda-de-junho-dos-onibus-azul-e-rosa-da-saude-agencia-de-noticias\/#breadcrumblist","itemListElement":[{"@type":"ListItem","@id":"https:\/\/ejornais.com.br#listItem","position":1,"name":"In\u00edcio","item":"https:\/\/ejornais.com.br","nextItem":{"@type":"ListItem","@id":"https:\/\/ejornais.com.br\/index.php\/category\/noticias\/#listItem","name":"NOTICIAS"}},{"@type":"ListItem","@id":"https:\/\/ejornais.com.br\/index.php\/category\/noticias\/#listItem","position":2,"name":"NOTICIAS","item":"https:\/\/ejornais.com.br\/index.php\/category\/noticias\/","nextItem":{"@type":"ListItem","@id":"https:\/\/ejornais.com.br\/index.php\/2023\/06\/01\/prefeitura-de-sorocaba-divulga-agenda-de-junho-dos-onibus-azul-e-rosa-da-saude-agencia-de-noticias\/#listItem","name":"Prefeitura de Sorocaba divulga agenda de junho dos \u00d4nibus Azul e Rosa da Sa\u00fade &#8211; Ag\u00eancia de Not\u00edcias"},"previousItem":{"@type":"ListItem","@id":"https:\/\/ejornais.com.br#listItem","name":"In\u00edcio"}},{"@type":"ListItem","@id":"https:\/\/ejornais.com.br\/index.php\/2023\/06\/01\/prefeitura-de-sorocaba-divulga-agenda-de-junho-dos-onibus-azul-e-rosa-da-saude-agencia-de-noticias\/#listItem","position":3,"name":"Prefeitura de Sorocaba divulga agenda de junho dos \u00d4nibus Azul e Rosa da Sa\u00fade &#8211; Ag\u00eancia de Not\u00edcias","previousItem":{"@type":"ListItem","@id":"https:\/\/ejornais.com.br\/index.php\/category\/noticias\/#listItem","name":"NOTICIAS"}}]},{"@type":"Organization","@id":"https:\/\/ejornais.com.br\/#organization","name":"eJornais","description":"Cat\u00e1logo de Jornais no mundo, Not\u00edcias, Blog e Esportes ao vivo","url":"https:\/\/ejornais.com.br\/"},{"@type":"Person","@id":"https:\/\/ejornais.com.br\/index.php\/author\/#author","url":"https:\/\/ejornais.com.br\/index.php\/author\/"},{"@type":"WebPage","@id":"https:\/\/ejornais.com.br\/index.php\/2023\/06\/01\/prefeitura-de-sorocaba-divulga-agenda-de-junho-dos-onibus-azul-e-rosa-da-saude-agencia-de-noticias\/#webpage","url":"https:\/\/ejornais.com.br\/index.php\/2023\/06\/01\/prefeitura-de-sorocaba-divulga-agenda-de-junho-dos-onibus-azul-e-rosa-da-saude-agencia-de-noticias\/","name":"Prefeitura de Sorocaba divulga agenda de junho dos \u00d4nibus Azul e Rosa da Sa\u00fade \u2013 Ag\u00eancia de Not\u00edcias - eJornais","description":"Com o objetivo de levar atendimento em sa\u00fade para sempre mais pr\u00f3ximo da popula\u00e7\u00e3o, em todas as regi\u00f5es da cidade, os \u00d4nibus Azul e Rosa, da Secretaria da Sa\u00fade (SES), estar\u00e3o em mais cinco endere\u00e7os diferentes durante o m\u00eas de junho. As unidades m\u00f3veis oferecem assist\u00eancia nas \u00e1reas de Ginecologia e Urologia, de segunda a","inLanguage":"pt-BR","isPartOf":{"@id":"https:\/\/ejornais.com.br\/#website"},"breadcrumb":{"@id":"https:\/\/ejornais.com.br\/index.php\/2023\/06\/01\/prefeitura-de-sorocaba-divulga-agenda-de-junho-dos-onibus-azul-e-rosa-da-saude-agencia-de-noticias\/#breadcrumblist"},"author":{"@id":"https:\/\/ejornais.com.br\/index.php\/author\/#author"},"creator":{"@id":"https:\/\/ejornais.com.br\/index.php\/author\/#author"},"datePublished":"2023-06-01T09:11:08-03:00","dateModified":"2023-06-01T09:11:08-03:00"},{"@type":"WebSite","@id":"https:\/\/ejornais.com.br\/#website","url":"https:\/\/ejornais.com.br\/","name":"eJornais","description":"Cat\u00e1logo de Jornais no mundo, Not\u00edcias, Blog e Esportes ao vivo","inLanguage":"pt-BR","publisher":{"@id":"https:\/\/ejornais.com.br\/#organization"}}]},"og:locale":"pt_BR","og:site_name":"eJornais - Cat\u00e1logo de Jornais no mundo, Not\u00edcias, Blog e Esportes ao vivo","og:type":"article","og:title":"Prefeitura de Sorocaba divulga agenda de junho dos \u00d4nibus Azul e Rosa da Sa\u00fade \u2013 Ag\u00eancia de Not\u00edcias - eJornais","og:description":"Com o objetivo de levar atendimento em sa\u00fade para sempre mais pr\u00f3ximo da popula\u00e7\u00e3o, em todas as regi\u00f5es da cidade, os \u00d4nibus Azul e Rosa, da Secretaria da Sa\u00fade (SES), estar\u00e3o em mais cinco endere\u00e7os diferentes durante o m\u00eas de junho. As unidades m\u00f3veis oferecem assist\u00eancia nas \u00e1reas de Ginecologia e Urologia, de segunda a","og:url":"https:\/\/ejornais.com.br\/index.php\/2023\/06\/01\/prefeitura-de-sorocaba-divulga-agenda-de-junho-dos-onibus-azul-e-rosa-da-saude-agencia-de-noticias\/","article:published_time":"2023-06-01T12:11:08+00:00","article:modified_time":"2023-06-01T12:11:08+00:00","twitter:card":"summary_large_image","twitter:title":"Prefeitura de Sorocaba divulga agenda de junho dos \u00d4nibus Azul e Rosa da Sa\u00fade \u2013 Ag\u00eancia de Not\u00edcias - eJornais","twitter:description":"Com o objetivo de levar atendimento em sa\u00fade para sempre mais pr\u00f3ximo da popula\u00e7\u00e3o, em todas as regi\u00f5es da cidade, os \u00d4nibus Azul e Rosa, da Secretaria da Sa\u00fade (SES), estar\u00e3o em mais cinco endere\u00e7os diferentes durante o m\u00eas de junho. As unidades m\u00f3veis oferecem assist\u00eancia nas \u00e1reas de Ginecologia e Urologia, de segunda a"},"aioseo_meta_data":{"post_id":"15014","title":null,"description":null,"keywords":null,"keyphrases":null,"primary_term":null,"canonical_url":null,"og_title":null,"og_description":null,"og_object_type":"default","og_image_type":"default","og_image_url":null,"og_image_width":null,"og_image_height":null,"og_image_custom_url":null,"og_image_custom_fields":null,"og_video":null,"og_custom_url":null,"og_article_section":null,"og_article_tags":null,"twitter_use_og":false,"twitter_card":"default","twitter_image_type":"default","twitter_image_url":null,"twitter_image_custom_url":null,"twitter_image_custom_fields":null,"twitter_title":null,"twitter_description":null,"schema":{"blockGraphs":[],"customGraphs":[],"default":{"data":{"Article":[],"Course":[],"Dataset":[],"FAQPage":[],"Movie":[],"Person":[],"Product":[],"ProductReview":[],"Car":[],"Recipe":[],"Service":[],"SoftwareApplication":[],"WebPage":[]},"graphName":"","isEnabled":true},"graphs":[]},"schema_type":"default","schema_type_options":null,"pillar_content":false,"robots_default":true,"robots_noindex":false,"robots_noarchive":false,"robots_nosnippet":false,"robots_nofollow":false,"robots_noimageindex":false,"robots_noodp":false,"robots_notranslate":false,"robots_max_snippet":null,"robots_max_videopreview":null,"robots_max_imagepreview":"large","priority":null,"frequency":null,"local_seo":null,"breadcrumb_settings":null,"limit_modified_date":false,"ai":null,"created":"2023-06-01 12:21:06","updated":"2025-06-05 00:13:43","seo_analyzer_scan_date":null,"focus_keyword":null,"additional_keywords":null,"truseo_locale":null},"aioseo_breadcrumb":"<div class=\"aioseo-breadcrumbs\"><span class=\"aioseo-breadcrumb\">\n\t\t\t<a href=\"https:\/\/ejornais.com.br\" title=\"In\u00edcio\">In\u00edcio<\/a>\n\t\t<\/span><span class=\"aioseo-breadcrumb-separator\">&raquo;<\/span><span class=\"aioseo-breadcrumb\">\n\t\t\t<a href=\"https:\/\/ejornais.com.br\/index.php\/category\/noticias\/\" title=\"NOTICIAS\">NOTICIAS<\/a>\n\t\t<\/span><span class=\"aioseo-breadcrumb-separator\">&raquo;<\/span><span class=\"aioseo-breadcrumb\">\n\t\t\tPrefeitura de Sorocaba divulga agenda de junho dos \u00d4nibus Azul e Rosa da Sa\u00fade \u2013 Ag\u00eancia de Not\u00edcias\n\t\t<\/span><\/div>","aioseo_breadcrumb_json":[{"label":"In\u00edcio","link":"https:\/\/ejornais.com.br"},{"label":"NOTICIAS","link":"https:\/\/ejornais.com.br\/index.php\/category\/noticias\/"},{"label":"Prefeitura de Sorocaba divulga agenda de junho dos \u00d4nibus Azul e Rosa da Sa\u00fade &#8211; Ag\u00eancia de Not\u00edcias","link":"https:\/\/ejornais.com.br\/index.php\/2023\/06\/01\/prefeitura-de-sorocaba-divulga-agenda-de-junho-dos-onibus-azul-e-rosa-da-saude-agencia-de-noticias\/"}],"amp_enabled":true,"_links":{"self":[{"href":"https:\/\/ejornais.com.br\/index.php\/wp-json\/wp\/v2\/posts\/15014","targetHints":{"allow":["GET"]}}],"collection":[{"href":"https:\/\/ejornais.com.br\/index.php\/wp-json\/wp\/v2\/posts"}],"about":[{"href":"https:\/\/ejornais.com.br\/index.php\/wp-json\/wp\/v2\/types\/post"}],"author":[{"embeddable":true,"href":"https:\/\/ejornais.com.br\/index.php\/wp-json\/wp\/v2\/users\/1"}],"replies":[{"embeddable":true,"href":"https:\/\/ejornais.com.br\/index.php\/wp-json\/wp\/v2\/comments?post=15014"}],"version-history":[{"count":1,"href":"https:\/\/ejornais.com.br\/index.php\/wp-json\/wp\/v2\/posts\/15014\/revisions"}],"predecessor-version":[{"id":15015,"href":"https:\/\/ejornais.com.br\/index.php\/wp-json\/wp\/v2\/posts\/15014\/revisions\/15015"}],"wp:attachment":[{"href":"https:\/\/ejornais.com.br\/index.php\/wp-json\/wp\/v2\/media?parent=15014"}],"wp:term":[{"taxonomy":"category","embeddable":true,"href":"https:\/\/ejornais.com.br\/index.php\/wp-json\/wp\/v2\/categories?post=15014"},{"taxonomy":"post_tag","embeddable":true,"href":"https:\/\/ejornais.com.br\/index.php\/wp-json\/wp\/v2\/tags?post=15014"}],"curies":[{"name":"wp","href":"https:\/\/api.w.org\/{rel}","templated":true}]}}