{"id":15388,"date":"2023-06-22T05:10:00","date_gmt":"2023-06-22T08:10:00","guid":{"rendered":"https:\/\/ejornais.com.br\/?p=15388"},"modified":"2023-06-22T05:10:00","modified_gmt":"2023-06-22T08:10:00","slug":"anna-carolina-jatoba-madrasta-de-isabella-nardoni-e-solta-e-mae-se-revolta-assim-nao","status":"publish","type":"post","link":"https:\/\/ejornais.com.br\/index.php\/2023\/06\/22\/anna-carolina-jatoba-madrasta-de-isabella-nardoni-e-solta-e-mae-se-revolta-assim-nao\/","title":{"rendered":"Anna Carolina Jatob\u00e1, madrasta de Isabella Nardoni, \u00e9 solta e m\u00e3e se revolta: &#039;Assim n\u00e3o&#039;"},"content":{"rendered":"<p>Ap\u00f3s passar 15 anos na pris\u00e3o pelo caso da morte de sua enteada, Anna Carolina Jatob\u00e1 foi libertada na \u00faltima ter\u00e7a-feira (20) e cumprir\u00e1 o restante de sua pena em regime aberto. Enquanto isso, o pai de Isabella Nardoni permanece detido.<\/p>\n<p>A madrasta da menina, que havia sido condenada a 26 anos de pris\u00e3o, agora est\u00e1 em regime aberto, de acordo com informa\u00e7\u00f5es da Secretaria de Administra\u00e7\u00e3o Penitenci\u00e1ria. Em um comunicado divulgado, a Secretaria informou que a decis\u00e3o de solt\u00e1-la foi tomada pela 2\u00aa Vara das Execu\u00e7\u00f5es Criminais de Taubat\u00e9.<\/p>\n<p>Anna Carolina foi beneficiada com a progress\u00e3o para o regime aberto e deixou a Penitenci\u00e1ria Feminina de Trememb\u00e9 na noite de ontem, \u00e0s 19h45. O advogado de Anna, Roberto Podval, afirmou que essa progress\u00e3o era esperada e \u00e9 &#8220;juridicamente correta&#8221;.<\/p>\n<p>&#8220;Apenas lamento. Assassinos soltos, bandidos soltos e muitos inocentes presos&#8221;, disse a m\u00e3e de Isabella em entrevista ao portal Metr\u00f3poles. A declara\u00e7\u00e3o foi feita logo ap\u00f3s o Tribunal de Justi\u00e7a de S\u00e3o Paulo determinar que Anna Carolina fosse transferida imediatamente para o regime aberto.<\/p>\n<p>O crime que chocou o Brasil em 2008 envolveu Isabella, que tinha 5 anos quando foi assassinada. Seu pai foi condenado a 30 anos de pris\u00e3o, enquanto a madrasta recebeu uma senten\u00e7a de 26 anos. Ainda n\u00e3o h\u00e1 informa\u00e7\u00f5es sobre a possibilidade de Alexandre Nardoni tamb\u00e9m ser transferido para o regime aberto.<\/p>\n<p>Tanto Alexandre quanto Anna Carolina nunca confessaram o crime, e a morte da menina em 2008 deixou todo o pa\u00eds estarrecido. Isabella foi arremessada do sexto andar do pr\u00e9dio onde vivia com sua madrasta. O porteiro encontrou a menina ainda com vida, mas infelizmente ela n\u00e3o resistiu e faleceu pouco depois.<\/p>\n<h2>Anna Carolina Jatob\u00e1, condenada pela morte de Isabella Nardoni est\u00e1 SOLTA e motivo revolta<\/h2>\n<p>Anna Carolina Jatob\u00e1, condenada em 2008 pelo envolvimento na morte de sua enteada Isabella Nardoni, foi libertada na ter\u00e7a-feira \u00e0 noite (20) ap\u00f3s a Justi\u00e7a conceder sua progress\u00e3o de pena para o regime aberto. A decis\u00e3o da ju\u00edza M\u00e1rcia Domingues de Castro marcou o fim de uma senten\u00e7a de 15 anos cumprida por Jatob\u00e1 na pris\u00e3o de Trememb\u00e9, localizada no interior de S\u00e3o Paulo.<\/p>\n<p>A soltura de Anna Carolina Jatob\u00e1 ocorreu por volta das 18h, ap\u00f3s o cumprimento do alvar\u00e1 referente \u00e0 decis\u00e3o judicial. A ex-detenta deixou a penitenci\u00e1ria conhecida como P1, em Trememb\u00e9, por volta das 19h45, aguardando apenas a chegada de seus familiares para ser liberada completamente.<\/p>\n<p>Em 2017, Jatob\u00e1 obteve progress\u00e3o para o regime semiaberto, permitindo-lhe desfrutar de sa\u00eddas tempor\u00e1rias. No entanto, suas atividades fora da pris\u00e3o eram raramente vistas em p\u00fablico. Quando contatada pelo portal g1, sua defesa inicialmente optou por n\u00e3o comentar o caso, mas mais tarde afirmou que a soltura era um desdobramento &#8220;natural&#8221; dentro do processo legal.<\/p>\n<p>A liberta\u00e7\u00e3o de Anna Carolina Jatob\u00e1 despertou interesse e gerou repercuss\u00e3o, levando o g1 a buscar informa\u00e7\u00f5es adicionais no Tribunal de Justi\u00e7a. No entanto, devido ao segredo de Justi\u00e7a, n\u00e3o foi poss\u00edvel obter detalhes sobre o caso.<\/p>\n<p>O crime envolvendo a morte de Isabella Nardoni abalou o pa\u00eds e tornou-se um dos casos mais noticiados e comentados naquele ano. A soltura de Jatob\u00e1 reacendeu debates sobre justi\u00e7a e pena, gerando diferentes opini\u00f5es e reflex\u00f5es sobre o sistema carcer\u00e1rio brasileiro.<\/p>\n<h2>Fim de um ciclo: Gloria Pires encerra contrato com a Globo; Sal\u00e1rio milionario foi revelado<\/h2>\n<p>A renomada atriz Gloria Pires encerrou seu contrato de exclusividade com a Globo, marcando o fim de um ciclo de 54 anos de trabalho na emissora. Segundo informa\u00e7\u00f5es do site Not\u00edcias da TV, Gloria foi abordada pela emissora no ano passado com uma proposta de renova\u00e7\u00e3o por um curto per\u00edodo, por\u00e9m, ela decidiu permanecer apenas at\u00e9 concluir as grava\u00e7\u00f5es da novela Terra e Paix\u00e3o, como j\u00e1 estava planejado. De acordo com a fonte citada, Gloria deseja ter a liberdade de escolher os pap\u00e9is que ir\u00e1 desempenhar em sua carreira.<\/p>\n<p>A Globo manifestou interesse em continuar trabalhando com a atriz em contratos por obra, assim como tem feito com outros nomes renomados. Por sua vez, Gloria tamb\u00e9m busca explorar novos horizontes, uma vez que esteve vinculada \u00e0 emissora desde os cinco anos de idade.<\/p>\n<p>\u00c9 importante ressaltar que o sal\u00e1rio de Gloria Pires na Globo era bastante expressivo, ultrapassando a marca de R$ 300 mil mensais, com possibilidade de aumento quando estava em atividade.<\/p>\n<p>Embora mantenha gratid\u00e3o pela emissora onde dedicou mais de meio s\u00e9culo de sua vida, Gloria sente o desejo de se dedicar a trabalhos mais curtos e desafiadores, como produ\u00e7\u00f5es cinematogr\u00e1ficas e plataformas de streaming.<\/p>\n<p>H\u00e1 relatos de fontes pr\u00f3ximas a Gloria Pires que alegam que um fator significativo em sua decis\u00e3o de sair da emissora foi ter sido substitu\u00edda por Regina Cas\u00e9 na novela Todas as Flores. Na ocasi\u00e3o, Gloria estava escalada para o papel, mas soube da substitui\u00e7\u00e3o atrav\u00e9s da imprensa.<\/p>\n<p>Posteriormente, Walcyr Carrasco teria expressado o desejo de contar com a atriz em Terra e Paix\u00e3o, prometendo a ela um papel de destaque na trama como a vil\u00e3 Irene. Gloria aceitou o convite e atualmente est\u00e1 envolvida com as grava\u00e7\u00f5es deste projeto.<\/p>\n<p>&nbsp;<\/p>\n<h2>Simone Mendes, ex-dupla de Simaria, n\u00e3o se cont\u00e9m ap\u00f3s atitude de Luciano Huck: &#8216;Golpe baixo&#8217;<\/h2>\n<p>No \u00faltimo domingo, dia 18 de junho, Luciano Huck trouxe mais uma dose de emo\u00e7\u00e3o ao palco do programa Doming\u00e3o com Huck, exibido pela Globo. Dessa vez, foi a cantora Simone Mendes quem recebeu uma surpresa do apresentador e foi homenageada de forma emocionante, sendo ovacionada pelo p\u00fablico presente.<\/p>\n<p>O momento de surpresa come\u00e7ou com a exibi\u00e7\u00e3o de um v\u00eddeo de Ivete Sangalo, elogiando a talentosa irm\u00e3 de Simaria. As palavras carinhosas de Ivete tocaram o cora\u00e7\u00e3o de Simone, que n\u00e3o conseguiu segurar as l\u00e1grimas diante da demonstra\u00e7\u00e3o de afeto e admira\u00e7\u00e3o da amiga. &#8220;Simone \u00e9 uma cantora excepcional, uma amiga t\u00e3o grandiosa quanto cantora. Um cora\u00e7\u00e3o cheio de amor. N\u00f3s somos muito parceiras, conversamos muito, trocamos ideias sobre a vida, m\u00fasica, filhos, casamento&#8221;, disse Ivete.<\/p>\n<p>Profundamente tocada, Simone expressou sua gratid\u00e3o: &#8220;A\u00ed \u00e9 golpe baixo&#8230; A Ivete \u00e9 uma pessoa muito humana, linda, de um cora\u00e7\u00e3o gigantesco e que se preocupa com os outros&#8221;. Ela tamb\u00e9m revelou que aprende muito com a amiga e adora compartilhar fofocas com ela.<\/p>\n<p>Ap\u00f3s seguir seu caminho solo na carreira musical, Simone recebeu uma surpresa emocionante no palco. Em reconhecimento aos incr\u00edveis 200 milh\u00f5es de streams de sua nova m\u00fasica, &#8220;Erro Gostoso&#8221;, a cantora foi presenteada com um disco de diamante duplo.<\/p>\n<p>O gesto foi feito por Luciano Huck, que entrou no palco segurando uma placa representando o pr\u00eamio, deixando Simone sem palavras diante desse reconhecimento especial. Comovida, ela expressou sua gratid\u00e3o \u00e0 sua equipe e ao seu p\u00fablico por essa conquista not\u00e1vel, que veio quase um ano ap\u00f3s a separa\u00e7\u00e3o da dupla Simone e Simaria, ocorrida em agosto do ano passado, ap\u00f3s um per\u00edodo de especula\u00e7\u00f5es e discuss\u00f5es p\u00fablicas.<\/p>\n<p>Simone Mendes mostrou sua for\u00e7a ao seguir em frente ap\u00f3s o fim da dupla e agora colhe os frutos de seu trabalho solo. A homenagem de Luciano Huck foi um momento marcante em sua carreira, reafirmando seu talento e sucesso como artista. Com o apoio de seus f\u00e3s e o reconhecimento da ind\u00fastria musical, Simone continua trilhando seu caminho brilhante na m\u00fasica brasileira.<\/p>\n<h2><\/h2>\n<h3>Compartilhe isso:<\/h3>\n","protected":false},"excerpt":{"rendered":"<p>Ap\u00f3s passar 15 anos na pris\u00e3o pelo caso da morte de sua enteada, Anna Carolina Jatob\u00e1 foi libertada na \u00faltima<\/p>\n","protected":false},"author":1,"featured_media":0,"comment_status":"closed","ping_status":"closed","sticky":false,"template":"","format":"standard","meta":{"colormag_page_container_layout":"default_layout","colormag_page_sidebar_layout":"default_layout","footnotes":""},"categories":[46],"tags":[],"class_list":["post-15388","post","type-post","status-publish","format-standard","hentry","category-noticias"],"aioseo_notices":[],"amp_enabled":true,"_links":{"self":[{"href":"https:\/\/ejornais.com.br\/index.php\/wp-json\/wp\/v2\/posts\/15388","targetHints":{"allow":["GET"]}}],"collection":[{"href":"https:\/\/ejornais.com.br\/index.php\/wp-json\/wp\/v2\/posts"}],"about":[{"href":"https:\/\/ejornais.com.br\/index.php\/wp-json\/wp\/v2\/types\/post"}],"author":[{"embeddable":true,"href":"https:\/\/ejornais.com.br\/index.php\/wp-json\/wp\/v2\/users\/1"}],"replies":[{"embeddable":true,"href":"https:\/\/ejornais.com.br\/index.php\/wp-json\/wp\/v2\/comments?post=15388"}],"version-history":[{"count":1,"href":"https:\/\/ejornais.com.br\/index.php\/wp-json\/wp\/v2\/posts\/15388\/revisions"}],"predecessor-version":[{"id":15389,"href":"https:\/\/ejornais.com.br\/index.php\/wp-json\/wp\/v2\/posts\/15388\/revisions\/15389"}],"wp:attachment":[{"href":"https:\/\/ejornais.com.br\/index.php\/wp-json\/wp\/v2\/media?parent=15388"}],"wp:term":[{"taxonomy":"category","embeddable":true,"href":"https:\/\/ejornais.com.br\/index.php\/wp-json\/wp\/v2\/categories?post=15388"},{"taxonomy":"post_tag","embeddable":true,"href":"https:\/\/ejornais.com.br\/index.php\/wp-json\/wp\/v2\/tags?post=15388"}],"curies":[{"name":"wp","href":"https:\/\/api.w.org\/{rel}","templated":true}]}}