{"id":15454,"date":"2023-06-25T16:10:15","date_gmt":"2023-06-25T19:10:15","guid":{"rendered":"https:\/\/ejornais.com.br\/?p=15454"},"modified":"2023-06-25T16:10:15","modified_gmt":"2023-06-25T19:10:15","slug":"mercado-da-bola-vasco-novo-treinador-alvo-definido-e-reforcos-fernando-franco-fagundez-e-mais","status":"publish","type":"post","link":"https:\/\/ejornais.com.br\/index.php\/2023\/06\/25\/mercado-da-bola-vasco-novo-treinador-alvo-definido-e-reforcos-fernando-franco-fagundez-e-mais\/","title":{"rendered":"MERCADO DA BOLA VASCO: NOVO TREINADOR, ALVO DEFINIDO E REFOR\u00c7OS FERNANDO, FRANCO FAGUNDEZ E MAIS"},"content":{"rendered":"<p>O Vasco da Gama, em busca de refor\u00e7os para a pr\u00f3xima janela de transfer\u00eancias, tem movimentado os bastidores do mercado em busca de jogadores e um novo treinador. V\u00e1rias especula\u00e7\u00f5es t\u00eam surgido e o clube carioca est\u00e1 trabalhando para concretizar essas possibilidades.<\/p>\n<h2>ALVO DEFINIDO PARA NOVO TREINADOR: RAM\u00d3N DIAZ<\/h2>\n<p>Uma das negocia\u00e7\u00f5es em andamento \u00e9 a poss\u00edvel contrata\u00e7\u00e3o do treinador Ram\u00f3n D\u00edaz. O Vasco considera o t\u00e9cnico argentino uma pe\u00e7a importante para a retomada do clube e a 777, empresa parceira do clube, estaria envolvida nas tratativas. A expectativa \u00e9 que as negocia\u00e7\u00f5es avancem nas pr\u00f3ximas semanas e o Vasco possa anunciar seu novo comandante.<\/p>\n<p>Outra especula\u00e7\u00e3o gira em torno do jogador Fernando, que atualmente defende o Sevilla. O Vasco estaria em negocia\u00e7\u00f5es com o clube espanhol, buscando um acordo sobre valores e condi\u00e7\u00f5es para trazer o jogador ao time carioca. No entanto, as tratativas s\u00e3o consideradas dif\u00edceis, e a concretiza\u00e7\u00e3o do neg\u00f3cio depender\u00e1 de uma s\u00e9rie de fatores.<\/p>\n<p>No cen\u00e1rio internacional, uma oportunidade pode surgir com o jogador uruguaio Franco Fag\u00fandez. O atleta foi oferecido ao Vasco, e sua situa\u00e7\u00e3o no Uruguai, aliada a uma queda de rendimento, poderia facilitar uma negocia\u00e7\u00e3o. O clube carioca est\u00e1 avaliando essa possibilidade e buscando entender melhor as condi\u00e7\u00f5es para uma eventual contrata\u00e7\u00e3o.<\/p>\n<p>Al\u00e9m disso, o Vasco tamb\u00e9m consultou a situa\u00e7\u00e3o do jogador<strong> Tomas Alarc\u00f3n<\/strong>, com o intuito de saber a possibilidade de um empr\u00e9stimo. O clube est\u00e1 analisando a viabilidade dessa negocia\u00e7\u00e3o, que poderia fortalecer o meio-campo da equipe.<\/p>\n<p>\u00c9 importante ressaltar que as especula\u00e7\u00f5es no mercado de transfer\u00eancias s\u00e3o constantes, e nem todas se concretizam. O Vasco est\u00e1 trabalhando para refor\u00e7ar sua equipe visando a retomada e o sucesso nas competi\u00e7\u00f5es futuras. Os torcedores aguardam ansiosos por novidades e a confirma\u00e7\u00e3o de refor\u00e7os que possam ajudar a equipe a alcan\u00e7ar seus objetivos.<\/p>\n<p>Nos pr\u00f3ximos meses, a janela de transfer\u00eancias promete ser agitada e trazer muitas novidades para o Vasco da Gama. Os torcedores est\u00e3o atentos \u00e0s movimenta\u00e7\u00f5es do clube e aguardam ansiosos por an\u00fancios oficiais que possam fortalecer ainda mais o elenco e trazer esperan\u00e7a de dias melhores para o Gigante da Colina.<\/p>\n<h3>Compartilhe isso:<\/h3>\n","protected":false},"excerpt":{"rendered":"<p>O Vasco da Gama, em busca de refor\u00e7os para a pr\u00f3xima janela de transfer\u00eancias, tem movimentado os bastidores do mercado<\/p>\n","protected":false},"author":1,"featured_media":0,"comment_status":"closed","ping_status":"closed","sticky":false,"template":"","format":"standard","meta":{"colormag_page_container_layout":"default_layout","colormag_page_sidebar_layout":"default_layout","footnotes":""},"categories":[4],"tags":[],"class_list":["post-15454","post","type-post","status-publish","format-standard","hentry","category-esportes"],"aioseo_notices":[],"amp_enabled":true,"_links":{"self":[{"href":"https:\/\/ejornais.com.br\/index.php\/wp-json\/wp\/v2\/posts\/15454","targetHints":{"allow":["GET"]}}],"collection":[{"href":"https:\/\/ejornais.com.br\/index.php\/wp-json\/wp\/v2\/posts"}],"about":[{"href":"https:\/\/ejornais.com.br\/index.php\/wp-json\/wp\/v2\/types\/post"}],"author":[{"embeddable":true,"href":"https:\/\/ejornais.com.br\/index.php\/wp-json\/wp\/v2\/users\/1"}],"replies":[{"embeddable":true,"href":"https:\/\/ejornais.com.br\/index.php\/wp-json\/wp\/v2\/comments?post=15454"}],"version-history":[{"count":1,"href":"https:\/\/ejornais.com.br\/index.php\/wp-json\/wp\/v2\/posts\/15454\/revisions"}],"predecessor-version":[{"id":15455,"href":"https:\/\/ejornais.com.br\/index.php\/wp-json\/wp\/v2\/posts\/15454\/revisions\/15455"}],"wp:attachment":[{"href":"https:\/\/ejornais.com.br\/index.php\/wp-json\/wp\/v2\/media?parent=15454"}],"wp:term":[{"taxonomy":"category","embeddable":true,"href":"https:\/\/ejornais.com.br\/index.php\/wp-json\/wp\/v2\/categories?post=15454"},{"taxonomy":"post_tag","embeddable":true,"href":"https:\/\/ejornais.com.br\/index.php\/wp-json\/wp\/v2\/tags?post=15454"}],"curies":[{"name":"wp","href":"https:\/\/api.w.org\/{rel}","templated":true}]}}