{"id":16242,"date":"2023-08-15T16:09:52","date_gmt":"2023-08-15T19:09:52","guid":{"rendered":"https:\/\/ejornais.com.br\/?p=16242"},"modified":"2023-08-15T16:09:52","modified_gmt":"2023-08-15T19:09:52","slug":"ato-e-desfile-civico-no-paco-municipal-abrem-festejos-do-aniversario-de-369-anos-de-sorocaba-agencia-de-noticias","status":"publish","type":"post","link":"https:\/\/ejornais.com.br\/index.php\/2023\/08\/15\/ato-e-desfile-civico-no-paco-municipal-abrem-festejos-do-aniversario-de-369-anos-de-sorocaba-agencia-de-noticias\/","title":{"rendered":"Ato e Desfile C\u00edvico no Pa\u00e7o Municipal abrem festejos do anivers\u00e1rio de 369 anos de Sorocaba &#8211; Ag\u00eancia de Not\u00edcias"},"content":{"rendered":"<p>&nbsp;<\/p>\n<\/p>\n<p>&nbsp;<\/p>\n<p>Um total de 30 institui\u00e7\u00f5es da cidade, entre escolas, for\u00e7as de seguran\u00e7a e clubes de escoteiros, desfilou pela Avenida Engenheiro Carlos Reinaldo Mendes, na manh\u00e3 desta ter\u00e7a-feira (15), logo ap\u00f3s Ato C\u00edvico, realizado no Pa\u00e7o Municipal. Os eventos abriram os festejos dos 369 anos de Sorocaba, que prosseguem ao longo do dia, at\u00e9 as 22h, todos gratuitos e abertos ao p\u00fablico em geral. O Ato e o Desfile C\u00edvico reuniram um p\u00fablico de mais de xxx mil pessoas, marcando tamb\u00e9m a volta das tradicionais Fanfarras das escolas da cidade.<\/p>\n<p>\u201c\u00c9 maravilhoso ver tanta gente aqui, todos participando e festejando. Trata-se de um dia incr\u00edvel e s\u00f3 tenho a agradecer a presen\u00e7a do p\u00fablico. A presen\u00e7a de voc\u00eas \u00e9 um presente\u201d, destacou o prefeito Rodrigo Manga, na abertura oficial do desfile, acompanhado da primeira-dama e presidente do Fundo Social de Solidariedade, Sirlange Frate Maganhato.<\/p>\n<p>Antes, por\u00e9m, o Ato C\u00edvico, ocorrido na rampa de acesso ao pr\u00e9dio da Prefeitura, contou com o hasteamento das bandeiras e a apresenta\u00e7\u00e3o da Banda Regimental de M\u00fasica do Comando de Policiamento do Interior (CPI-7), al\u00e9m da participa\u00e7\u00e3o das cantoras Allyne de Moura Silva, servidora p\u00fablica municipal, e Teresa Baddini.<\/p>\n<p>Ali\u00e1s, foi a Banda da PM que tamb\u00e9m abriu o Desfile C\u00edvico, pouco depois das 9h, ao passo que coube \u00e0 aluna da Escola Municipal \u201cLeonor Pinto Thomaz\u201d, Marina do Carmo Barros Seabra, ler um texto alusivo ao anivers\u00e1rio da cidade. Depois, houve o desfile de alunos de escolas p\u00fablicas e particulares de Sorocaba, al\u00e9m de integrantes dos Clubes de Escoteiros da cidade, Base de Apoio Regional do Ex\u00e9rcito, Tiro de Guerra, Associa\u00e7\u00e3o dos Reservistas do Tiro de Guerra, Preparat\u00f3rio Educacional Militar, Guarda Civil Municipal (GCM), Guarda Mirim de Sorocaba, Associa\u00e7\u00e3o Crian\u00e7as de Bel\u00e9m, Oficina de Integra\u00e7\u00e3o C\u00e9u Azul, Casa do Menor, Grupamento de Bombeiro Civil e Rotary Club.<\/p>\n<p>\u201cAdorei mesmo as fanfarras. Uma mais linda que outra. E o desfile todo est\u00e1 uma beleza\u201d, disse o pedreiro Almir Nogueira, 63 anos, acompanhado da esposa, a comerciante Delmira Barbosa, 63 anos, que moram no bairro Sorocaba Park. \u201cViemos exatamente para o desfile, para prestigiar mesmo\u201d, completou ela.<\/p>\n<p>As atividades das Fanfarras retornaram, neste ano, \u00e0s escolas da rede municipal de ensino de Sorocaba, ap\u00f3s per\u00edodo de inatividade, devido \u00e0s restri\u00e7\u00f5es impostas pela pandemia. O repert\u00f3rio dos grupos variou de m\u00fasicas internacionais a sucesso do cancioneiro popular e infantil brasileiro, arrancando aplausos do p\u00fablico.<\/p>\n<p>O desfile avan\u00e7ou at\u00e9 as 11h e coube ao Rotary Club de Sorocaba finalizar o evento. A surpresa desse \u00faltimo grupo ficou por conta da distribui\u00e7\u00e3o de bal\u00f5es biodegrad\u00e1veis de ar ao p\u00fablico, contendo sementes de \u00e1rvores prontas para o plantio.<\/p>\n<p>\u201cFoi o meu primeiro desfile e adorei, J\u00e1 vou me preparar, agora, para o Dia 7 de Setembro\u201d, disse Giovanna Martins, 20 anos, integrante da Guarda Mirim de Sorocaba, ap\u00f3s percorrer os 900 metros de extens\u00e3o da pista do desfile e parar para tirar fotos com a fam\u00edlia. \u201cTudo est\u00e1 muito organizado. Participar \u00e9 muito importante, trazendo o resgate da cidadania e da mem\u00f3ria de Sorocaba\u201d, disse a m\u00e3e dela, Cristiane Martins, 46, junto do marido, Jefferson Rodrigues, 34 anos, e da outra filha, Gabrielle Martins, 28 anos.<\/p>\n<p>Os eventos c\u00edvicos tamb\u00e9m contaram com a presen\u00e7a dos secret\u00e1rios municipais Samyra Toledo (Gabinete Central), Clayton Lustosa (Cidadania \u2013 Secid), Jo\u00e3o Alberto Corr\u00eaa Maia (Governo &#8211; Segov), Vitor Hugo Tavares (Esporte e Qualidade de Vida \u2013 Sequav), Paulo Henrique Marcelo (Desenvolvimento Econ\u00f4mico e Turismo \u2013 Sedetur), Cl\u00e9ber Martins Fernandes (Recursos Humanos \u2013 RH), Luiz Ant\u00f4nio Zamuner \u2013 Cultura \u2013 Secult), Luiz Henrique Galv\u00e3o (Rela\u00e7\u00f5es Institucionais e Metropolitanas \u2013 Serim), Fernanda Burattini (Comunica\u00e7\u00e3o \u2013 Secom), Luciana Mendes (Administra\u00e7\u00e3o \u2013 Sead), Darwin Jos\u00e9 de Lameida Rosa (Servi\u00e7os P\u00fablicos e Obras \u2013 Serpo), Marcelo Regalado (Fazenda \u2013 Sefaz), Cl\u00e1udio Pompeo (Sa\u00fade \u2013 SES), Tiago da Guia (Habita\u00e7\u00e3o e Regulariza\u00e7\u00e3o Fundi\u00e1ria (Sehab), Marlene Leite (Educa\u00e7\u00e3o \u2013 Sedu), Alexandre Caixeiro (Seguran\u00e7a Urbana \u2013 Sesu), Douglas de Moraes (Jur\u00eddica \u2013 SEJ) e Hudson Pessini (Rela\u00e7\u00f5es do Trabalho e Qualifica\u00e7\u00e3o Profissional (Sert); al\u00e9m do presidente do Parque Tecnol\u00f3gico de Sorocaba, Nelson Cancellara; do ouvidor-geral do Munic\u00edpio, Evandro Bueno; do controlador-geral do Munic\u00edpio, Carlos Alberto Rocco Junior; do diretor-presidente da Urbes \u2013 Tr\u00e2nsito e Transportes, Sergio Barreto; da superintendente do Centro de Acelera\u00e7\u00e3o, Desenvolvimento e Inova\u00e7\u00e3o (CADI), Jessica Pedrosa, e do Comandante da GCM de Sorocaba, Davi Dutra.<\/p>\n<p>A C\u00e2mara Municipal de Sorocaba esteve representada pelo seu presidente, Cl\u00e1udio Sorocaba, e pelos tamb\u00e9m vereadores Caio Oliveira, F\u00e1bio Simoa, Vin\u00edcius Aith, Lu\u00eds Santos e \u00cdtalo Moreira, ao passo em que a regi\u00e3o esteve representada pelos prefeitos Laerte Sonsin (Salto) e Paulinho Sasaki (Ibi\u00fana) Quevedo, araldo, Fab\u00edola??.\u00a0 Outras autoridades presentes foram os deputados estaduais Vit\u00e3o do Cachorr\u00e3o e Danilo Balas Simone, enquanto Roberto Freitas representou o senador Marcos Pontes, e Leonardo Rodrigues, o deputado federal Vitor Lippi. Os ex-deputados Herculano Passos e Rita Passos tamb\u00e9m participaram, assim como Estevam Hernandes, ap\u00f3stolo da Igreja Renascer em Cristo; M\u00e1rcio Leme, presidente da Ordem dos Advogados do Brasil (OAB) em Sorocaba, e a dirigente Regional de Ensino, Rossenilda Gomes.<\/p>\n<p>*Marcaram presen\u00e7a, ainda, o Coronel Andr\u00e9 Maurmann, da Base de Apoio Regional do Ex\u00e9rcito em Sorocaba; o Major Isa\u00edas Pires, do 7\u00ba Batalh\u00e3o da PM de Sorocaba; o chefe de Instru\u00e7\u00e3o do Tiro de Guerra de Sorocaba, Subtenente Maguinaldo Lima Barbosa; o diretor do Departamento de Pol\u00edcia Judici\u00e1ria Interior (Deinter-7), delegado Wilson Negr\u00e3o; o delegado Seccional de Sorocaba, Jos\u00e9m Humberto Urban Filho; Alessandra Reis Silveira, \u00e0 frente da Delegacia de Defesa da Mulher (DDM) de Sorocaba; al\u00e9m dos tamb\u00e9m delegados Francisco fraga Silveira, M\u00e1rcio Luiz Ayres, Fabr\u00edcio Ballarini e Marta Ayres Cardum. *<\/p>\n<p>&nbsp;<\/p>\n<p><strong>Tr\u00e2nsito e transportes<\/strong><\/p>\n<p>Coube aos agentes de tr\u00e2nsito da Secretaria de Mobilidade (Semob) e aos agentes da Pol\u00edcia Militar coordenarem o fluxo de ve\u00edculos na regi\u00e3o do Alto da Boa Vista, uma vez que a pista sentido bairro\/Centro da Avenida Engenheiro Carlos Reinaldo Mendes permanecer\u00e1 interditada temporariamente, como forma de garantir a seguran\u00e7a do p\u00fablico que festeja o anivers\u00e1rio da cidade, no Pa\u00e7o Municipal.<\/p>\n<p>Neste feriado municipal, novidade \u00e9 que os usu\u00e1rios do transporte p\u00fablico, das 4h \u00e0 meia-noite, t\u00eam garantida a gratuidade em todas as linhas que servem \u00e0 cidade. Ou seja, a passagem pela catraca eletr\u00f4nica n\u00e3o est\u00e1 sendo cobrada e foram ampliados os atendimentos, sobretudo, em itiner\u00e1rios, como 303 &#8211; Interbairros III (TVR), 307 &#8211; Interbairros VII (TSB), al\u00e9m da linha 777 &#8211; Pa\u00e7o Municipal, com partidas do Terminal Santo Ant\u00f4nio (TSA). Para mais informa\u00e7\u00f5es, os usu\u00e1rios podem consultar o site da Urbes (www.urbes.com.br ) ou ligar 118.<\/p>\n<p>\u201cAchei essa ideia maravilhosa. Vim assistir ao desfile de \u00f4nibus e estou voltando para casa do mesmo jeito. Gostei muito da qualidade do desfile e prestigiei meu sobrinho, que participou. Valeu mesmo ter vindo\u201d, comentou a dona de casa Maria Aparecida N\u00f3brega, 42 anos, pouco antes te pegar o \u00f4nibus que percorre a linha \u00c9den\/Cajuru.<\/p>\n<p>&nbsp;<\/p>\n<p><strong>Mais atra\u00e7\u00f5es no Pa\u00e7o<\/strong><\/p>\n<p>Ao longo desta ter\u00e7a-feira, as atra\u00e7\u00f5es para toda a fam\u00edlia prosseguem no Pa\u00e7o Municipal, at\u00e9 as 22h. Voltada a pessoas de todas as idades, a festa de 369 anos de Sorocaba foi elaborada pela Prefeitura de Sorocaba, por meio da Secretaria de Governo (Segov) e da Secretaria de Comunica\u00e7\u00e3o (Secom), em parceria com as demais secretarias municipais e o Fundo Social de Solidariedade (FSS).<\/p>\n<p>A programa\u00e7\u00e3o conta, ainda, com shows, espet\u00e1culos infantis, oficinas e atividades em geral oferecidas pelas secret\u00e1rias municipais. Uma Pra\u00e7a de Alimenta\u00e7\u00e3o tamb\u00e9m foi montada no Pa\u00e7o Municipal, com variadas op\u00e7\u00f5es de pratos salgados e doces. O evento, inclusive, arrecada alimentos n\u00e3o perec\u00edveis para a campanha #AFOMENAOEFAKE!, do FSS.<\/p>\n<p>O ponto alto da festividade ser\u00e1 \u00e0s 15h, com a apresenta\u00e7\u00e3o do Esquadr\u00e3o de Demonstra\u00e7\u00e3o A\u00e9rea (EDA) da For\u00e7a A\u00e9rea Brasileira, mais conhecido como Esquadrilha da Fuma\u00e7a. Com mais de 70 anos de exist\u00eancia, o grupo j\u00e1 realizou mais de quatro mil demonstra\u00e7\u00f5es no Brasil e no exterior. Durante a apresenta\u00e7\u00e3o, n\u00e3o ser\u00e1 permitido o uso de drones ou qualquer outro objeto sobrevoando a \u00e1rea.<\/p>\n","protected":false},"excerpt":{"rendered":"<p>&nbsp; &nbsp; Um total de 30 institui\u00e7\u00f5es da cidade, entre escolas, for\u00e7as de seguran\u00e7a e clubes de escoteiros, desfilou pela<\/p>\n","protected":false},"author":1,"featured_media":0,"comment_status":"closed","ping_status":"closed","sticky":false,"template":"","format":"standard","meta":{"colormag_page_container_layout":"default_layout","colormag_page_sidebar_layout":"default_layout","footnotes":""},"categories":[46],"tags":[],"class_list":["post-16242","post","type-post","status-publish","format-standard","hentry","category-noticias"],"aioseo_notices":[],"amp_enabled":true,"_links":{"self":[{"href":"https:\/\/ejornais.com.br\/index.php\/wp-json\/wp\/v2\/posts\/16242","targetHints":{"allow":["GET"]}}],"collection":[{"href":"https:\/\/ejornais.com.br\/index.php\/wp-json\/wp\/v2\/posts"}],"about":[{"href":"https:\/\/ejornais.com.br\/index.php\/wp-json\/wp\/v2\/types\/post"}],"author":[{"embeddable":true,"href":"https:\/\/ejornais.com.br\/index.php\/wp-json\/wp\/v2\/users\/1"}],"replies":[{"embeddable":true,"href":"https:\/\/ejornais.com.br\/index.php\/wp-json\/wp\/v2\/comments?post=16242"}],"version-history":[{"count":1,"href":"https:\/\/ejornais.com.br\/index.php\/wp-json\/wp\/v2\/posts\/16242\/revisions"}],"predecessor-version":[{"id":16243,"href":"https:\/\/ejornais.com.br\/index.php\/wp-json\/wp\/v2\/posts\/16242\/revisions\/16243"}],"wp:attachment":[{"href":"https:\/\/ejornais.com.br\/index.php\/wp-json\/wp\/v2\/media?parent=16242"}],"wp:term":[{"taxonomy":"category","embeddable":true,"href":"https:\/\/ejornais.com.br\/index.php\/wp-json\/wp\/v2\/categories?post=16242"},{"taxonomy":"post_tag","embeddable":true,"href":"https:\/\/ejornais.com.br\/index.php\/wp-json\/wp\/v2\/tags?post=16242"}],"curies":[{"name":"wp","href":"https:\/\/api.w.org\/{rel}","templated":true}]}}