{"id":18149,"date":"2023-11-21T12:10:06","date_gmt":"2023-11-21T15:10:06","guid":{"rendered":"https:\/\/ejornais.com.br\/?p=18149"},"modified":"2023-11-21T12:10:06","modified_gmt":"2023-11-21T15:10:06","slug":"feira-refugio-em-foco-de-imigrantes-empreendedores-sociais-acontece-na-sede-da-prefeitura-nesta-quarta-feira-prefeitura-da-cidade-do-rio-de-janeiro-prefeitura-rio","status":"publish","type":"post","link":"https:\/\/ejornais.com.br\/index.php\/2023\/11\/21\/feira-refugio-em-foco-de-imigrantes-empreendedores-sociais-acontece-na-sede-da-prefeitura-nesta-quarta-feira-prefeitura-da-cidade-do-rio-de-janeiro-prefeitura-rio\/","title":{"rendered":"Feira Ref\u00fagio em Foco de Imigrantes Empreendedores Sociais acontece na sede da Prefeitura nesta quarta-feira &#8211; Prefeitura da Cidade do Rio de Janeiro &#8211; prefeitura.rio"},"content":{"rendered":"<p>                                                     O evento re\u00fane 20 barracas com imigrantes empreendedores de diversas nacionalidades &#8211; Arquivo\/Prefeitura do Rio                                     <\/p>\n<p>A Secretaria Especial de Cidadania realiza, nesta quarta-feira (22\/11), a Feira Multicultural Ref\u00fagio em Foco de Imigrantes Empreendedores Sociais. O evento re\u00fane 20 barracas com empreendedores de diversas nacionalidades, como Angola, Argentina, Col\u00f4mbia, Congo, Chile, Haiti, M\u00e9xico, Senegal e Venezuela, e que residem na cidade. A feira acontece no p\u00e1tio da sede da Prefeitura do Rio, na Rua Afonso Cavalcanti, 455, na Cidade Nova, das 9h \u00e0s 17h.<\/p>\n<p>Diversidade de produtos e del\u00edcias de v\u00e1rios pa\u00edses do mundo \u00e9 um dos atrativos do evento. Objetos de decora\u00e7\u00e3o e acess\u00f3rios, como bolsas e carteiras, e pe\u00e7as em artesanato, como bijuterias em tran\u00e7ados, pe\u00e7as em a\u00e7o e tamb\u00e9m com pedras naturais e macram\u00ea e roupas com estampas africanas exclusivas.<\/p>\n<p>Outro destaque do evento \u00e9 a gastronomia e seus vastos e diferenciados sabores. Nesta edi\u00e7\u00e3o, ser\u00e3o 12 barracas com pratos tradicionais, petiscos diferenciados e sobremesas: um festival de del\u00edcias para experimentar. Os pratos t\u00edpicos do Congo, servidos pelo chef Kimberly s\u00e3o disputad\u00edssimos, assim como a cocada do colombiano Jhon e a arepa venezuelana, com massa \u00e0 base de farinha de milho e recheios. O patacon colombiano, esp\u00e9cie de panqueca com massa \u00e0 base de banana e recheios variados, de carne ou frango, tamb\u00e9m j\u00e1 \u00e9 sucesso nas v\u00e1rias edi\u00e7\u00f5es da feira. As empanadas argentinas ou chilenas, assim como os brownies e doces da venezuelana Catalina, tamb\u00e9m s\u00e3o bastante disputados. No quesito bebida, um dos diferenciais \u00e9 o mangachu, t\u00edpica do Congo, \u00e0 base de gengibre.<\/p>\n<p>Renato Moura, secret\u00e1rio especial de Cidadania, ressalta a import\u00e2ncia do evento para empreendedores imigrantes e refugiados que vivem no Rio<\/p>\n<p>&#8211; A feira \u00e9 uma bela vitrine para o trabalho desta popula\u00e7\u00e3o e tamb\u00e9m possibilita maior visibilidade \u00e0 sua cultura. Um espa\u00e7o de integra\u00e7\u00e3o e produtividade que j\u00e1 se firmou no calend\u00e1rio da cidade.<\/p>\n<p>&nbsp;<\/p>\n<p><strong>Servi\u00e7o<\/strong><\/p>\n<p>Feira Multicultural Ref\u00fagio em Foco de Imigrantes Empreendedores Sociais<\/p>\n<p>Data:: 22\/11<\/p>\n<p>Local: Centro Administrativo S\u00e3o Sebasti\u00e3o<\/p>\n<p>Endere\u00e7o: Rua Afonso Cavalcanti, 455 \u2013 Cidade Nova<\/p>\n<p>Hor\u00e1rio: 9h \u00e0s 17h<\/p>\n<h4>Compartilhe<\/h4>\n<p>Categoria: <\/p>\n<li>21 de novembro de 2023<\/li>\n<p> \t\t\t\t\t \t\t\t\t\t \t\t\t    \t\t\t\t \t\t\t\t\tMarca\u00e7\u00f5es: feira Imigrantes Prefeitura do Rio Ref\u00fagio em foco\t\t\t\t \t\t\t              \t\t\t \t\t\t\t \t\t\t\t\t\t \t\t\t\t\t\t\t<\/p>\n<h3><\/h3>\n<h3>Not\u00edcias<\/h3>\n<h4>T\u00faneis Zuzu Angel, Ac\u00fastico e Rebou\u00e7as ser\u00e3o fechados para obras de revitaliza\u00e7\u00e3o das galerias<\/h4>\n<p>  \t\t\t\t\t  21 de novembro de 2023                  \t\t\t                 \t\t\t\t\t  <\/p>\n<h4>T\u00fanel da Grota Funda ser\u00e1 interditado para servi\u00e7os de manuten\u00e7\u00e3o<\/h4>\n<p>  \t\t\t\t\t  20 de novembro de 2023                  \t\t\t                 \t\t\t\t\t  <\/p>\n<h4>Entorno do Maracan\u00e3 ter\u00e1 interdi\u00e7\u00f5es para o jogo entre Brasil e Argentina pelas Eliminat\u00f3rias da Copa do Mundo<\/h4>\n<p>  \t\t\t\t\t  20 de novembro de 2023                  \t\t\t                 \t\t\t\t\t  <\/p>\n<h4>Comlurb coletou 15,7 toneladas de res\u00edduos da 28\u00aa Parada do Orgulho LGBTI+ em Copacabana<\/h4>\n<p>  \t\t\t\t\t  20 de novembro de 2023                  \t\t\t                 \t\t\t\t\t  <\/p>\n<h4>T\u00faneis Zuzu Angel, Ac\u00fastico e Rebou\u00e7as ser\u00e3o fechados para obras de revitaliza\u00e7\u00e3o das galerias<\/h4>\n<p>  \t\t\t\t\t  20 de novembro de 2023                  \t\t\t<\/ul>\n<p>         \t                                             &lt; Voltar              <\/p>\n","protected":false},"excerpt":{"rendered":"<p>O evento re\u00fane 20 barracas com imigrantes empreendedores de diversas nacionalidades &#8211; Arquivo\/Prefeitura do Rio A Secretaria Especial de Cidadania<\/p>\n","protected":false},"author":1,"featured_media":0,"comment_status":"closed","ping_status":"closed","sticky":false,"template":"","format":"standard","meta":{"colormag_page_container_layout":"default_layout","colormag_page_sidebar_layout":"default_layout","footnotes":""},"categories":[46],"tags":[],"class_list":["post-18149","post","type-post","status-publish","format-standard","hentry","category-noticias"],"aioseo_notices":[],"amp_enabled":true,"_links":{"self":[{"href":"https:\/\/ejornais.com.br\/index.php\/wp-json\/wp\/v2\/posts\/18149","targetHints":{"allow":["GET"]}}],"collection":[{"href":"https:\/\/ejornais.com.br\/index.php\/wp-json\/wp\/v2\/posts"}],"about":[{"href":"https:\/\/ejornais.com.br\/index.php\/wp-json\/wp\/v2\/types\/post"}],"author":[{"embeddable":true,"href":"https:\/\/ejornais.com.br\/index.php\/wp-json\/wp\/v2\/users\/1"}],"replies":[{"embeddable":true,"href":"https:\/\/ejornais.com.br\/index.php\/wp-json\/wp\/v2\/comments?post=18149"}],"version-history":[{"count":1,"href":"https:\/\/ejornais.com.br\/index.php\/wp-json\/wp\/v2\/posts\/18149\/revisions"}],"predecessor-version":[{"id":18150,"href":"https:\/\/ejornais.com.br\/index.php\/wp-json\/wp\/v2\/posts\/18149\/revisions\/18150"}],"wp:attachment":[{"href":"https:\/\/ejornais.com.br\/index.php\/wp-json\/wp\/v2\/media?parent=18149"}],"wp:term":[{"taxonomy":"category","embeddable":true,"href":"https:\/\/ejornais.com.br\/index.php\/wp-json\/wp\/v2\/categories?post=18149"},{"taxonomy":"post_tag","embeddable":true,"href":"https:\/\/ejornais.com.br\/index.php\/wp-json\/wp\/v2\/tags?post=18149"}],"curies":[{"name":"wp","href":"https:\/\/api.w.org\/{rel}","templated":true}]}}