{"id":18333,"date":"2023-11-28T19:10:10","date_gmt":"2023-11-28T22:10:10","guid":{"rendered":"https:\/\/ejornais.com.br\/?p=18333"},"modified":"2023-11-28T19:10:10","modified_gmt":"2023-11-28T22:10:10","slug":"cascata-do-parque-madureira-esta-pronta-para-o-verao-prefeitura-da-cidade-do-rio-de-janeiro-prefeitura-rio","status":"publish","type":"post","link":"https:\/\/ejornais.com.br\/index.php\/2023\/11\/28\/cascata-do-parque-madureira-esta-pronta-para-o-verao-prefeitura-da-cidade-do-rio-de-janeiro-prefeitura-rio\/","title":{"rendered":"Cascata do Parque Madureira est\u00e1 pronta para o ver\u00e3o &#8211; Prefeitura da Cidade do Rio de Janeiro &#8211; prefeitura.rio"},"content":{"rendered":"<p>                                                     A cascata do Parque 2 foi totalmente recuperada pela Secretaria Municipal de Conserva\u00e7\u00e3o &#8211; Divulga\u00e7\u00e3o                                     <\/p>\n<p>Uma das atra\u00e7\u00f5es mais queridas dos frequentadores do Parque Madureira Mestre Monarco, na Zona Norte, est\u00e1 pronta para o ver\u00e3o: a cascata do Parque 2 foi totalmente recuperada pela Secretaria Municipal de Conserva\u00e7\u00e3o, respons\u00e1vel pela manuten\u00e7\u00e3o do local. O trabalho come\u00e7ou na segunda quinzena de outubro e durou cerca de um m\u00eas.<\/p>\n<p>Foram executados servi\u00e7os de manuten\u00e7\u00e3o no pergolado, na casa de m\u00e1quinas e na parte hidr\u00e1ulica, de forma a garantir que crian\u00e7as e adultos possam se refrescar nos dias mais quentes. Tamb\u00e9m foram feitas pintura e impermeabiliza\u00e7\u00e3o, deixando a atra\u00e7\u00e3o nova em folha para receber o p\u00fablico.<\/p>\n<p>Al\u00e9m da cascata rec\u00e9m-reformada, o Parque Madureira oferece outras op\u00e7\u00f5es que ajudam a aliviar o calor: a Brincadeira d\u2019\u00e1gua, localizada no Parque 2, \u00e9 formada por jatos sincronizados que saem do ch\u00e3o, enquanto a Cascatinha, no Parque 1, \u00e9 divers\u00e3o garantida para quem est\u00e1 perto dos Arcos Ol\u00edmpicos. Todas as atra\u00e7\u00f5es com \u00e1gua funcionam diariamente, das 8h \u00e0s 17h.<\/p>\n<p>Inaugurado em 2012, o Parque Madureira Mestre Monarco tem mais de 450 mil metros quadrados e atravessa os bairros de Madureira, Turia\u00e7u, Rocha Miranda, Hon\u00f3rio Gurgel e Guadalupe. \u00c9 o terceiro maior parque carioca, ficando atr\u00e1s apenas do Aterro do Flamengo e da Quinta da Boa Vista.<\/p>\n<h4>Compartilhe<\/h4>\n<p>Categoria: <\/p>\n<li>28 de novembro de 2023<\/li>\n<p> \t\t\t\t\t \t\t\t\t\t \t\t\t    \t\t\t\t \t\t\t\t\tMarca\u00e7\u00f5es: Cascata conserva\u00e7\u00e3o manuten\u00e7\u00e3o Parque Madureira Mestre Monarco ver\u00e3o\t\t\t\t \t\t\t              \t\t\t \t\t\t\t \t\t\t\t\t\t \t\t\t\t\t\t\t<\/p>\n<h3><\/h3>\n<h3>Not\u00edcias<\/h3>\n<h4>Entorno do Maracan\u00e3 ter\u00e1 interdi\u00e7\u00f5es para jogo do Flamengo pelo Campeonato Brasileiro<\/h4>\n<p>  \t\t\t\t\t  28 de novembro de 2023                  \t\t\t                 \t\t\t\t\t  <\/p>\n<h4>T\u00faneis Rebou\u00e7as, Zuzu Angel e Ac\u00fastico ser\u00e3o fechados para obras de revitaliza\u00e7\u00e3o das galerias<\/h4>\n<p>  \t\t\t\t\t  28 de novembro de 2023                  \t\t\t                 \t\t\t\t\t  <\/p>\n<h4>Naves do Conhecimento abrem inscri\u00e7\u00f5es para 3.200 vagas em cursos e oficinas gratuitos<\/h4>\n<p>  \t\t\t\t\t  28 de novembro de 2023                  \t\t\t                 \t\t\t\t\t  <\/p>\n<h4>Guardas municipais det\u00eam motorista de aplicativo flagrado com sirene ligada na Linha Vermelha<\/h4>\n<p>  \t\t\t\t\t  28 de novembro de 2023                  \t\t\t                 \t\t\t\t\t  <\/p>\n<h4>Prefeitura premia 35 empresas e institui\u00e7\u00f5es que promovem a diversidade e a inclus\u00e3o na cidade<\/h4>\n<p>  \t\t\t\t\t  28 de novembro de 2023                  \t\t\t<\/ul>\n<p>         \t                                             &lt; Voltar              <\/p>\n","protected":false},"excerpt":{"rendered":"<p>A cascata do Parque 2 foi totalmente recuperada pela Secretaria Municipal de Conserva\u00e7\u00e3o &#8211; Divulga\u00e7\u00e3o Uma das atra\u00e7\u00f5es mais queridas<\/p>\n","protected":false},"author":1,"featured_media":0,"comment_status":"closed","ping_status":"closed","sticky":false,"template":"","format":"standard","meta":{"colormag_page_container_layout":"default_layout","colormag_page_sidebar_layout":"default_layout","footnotes":""},"categories":[46],"tags":[],"class_list":["post-18333","post","type-post","status-publish","format-standard","hentry","category-noticias"],"aioseo_notices":[],"amp_enabled":true,"_links":{"self":[{"href":"https:\/\/ejornais.com.br\/index.php\/wp-json\/wp\/v2\/posts\/18333","targetHints":{"allow":["GET"]}}],"collection":[{"href":"https:\/\/ejornais.com.br\/index.php\/wp-json\/wp\/v2\/posts"}],"about":[{"href":"https:\/\/ejornais.com.br\/index.php\/wp-json\/wp\/v2\/types\/post"}],"author":[{"embeddable":true,"href":"https:\/\/ejornais.com.br\/index.php\/wp-json\/wp\/v2\/users\/1"}],"replies":[{"embeddable":true,"href":"https:\/\/ejornais.com.br\/index.php\/wp-json\/wp\/v2\/comments?post=18333"}],"version-history":[{"count":1,"href":"https:\/\/ejornais.com.br\/index.php\/wp-json\/wp\/v2\/posts\/18333\/revisions"}],"predecessor-version":[{"id":18334,"href":"https:\/\/ejornais.com.br\/index.php\/wp-json\/wp\/v2\/posts\/18333\/revisions\/18334"}],"wp:attachment":[{"href":"https:\/\/ejornais.com.br\/index.php\/wp-json\/wp\/v2\/media?parent=18333"}],"wp:term":[{"taxonomy":"category","embeddable":true,"href":"https:\/\/ejornais.com.br\/index.php\/wp-json\/wp\/v2\/categories?post=18333"},{"taxonomy":"post_tag","embeddable":true,"href":"https:\/\/ejornais.com.br\/index.php\/wp-json\/wp\/v2\/tags?post=18333"}],"curies":[{"name":"wp","href":"https:\/\/api.w.org\/{rel}","templated":true}]}}