{"id":18399,"date":"2023-12-01T03:10:10","date_gmt":"2023-12-01T06:10:10","guid":{"rendered":"https:\/\/ejornais.com.br\/?p=18399"},"modified":"2023-12-01T03:10:10","modified_gmt":"2023-12-01T06:10:10","slug":"tunel-vice-presidente-jose-alencar-sera-fechado-para-servicos-de-manutencao-das-estruturas-metalicas-prefeitura-da-cidade-do-rio-de-janeiro-prefeitura-rio","status":"publish","type":"post","link":"https:\/\/ejornais.com.br\/index.php\/2023\/12\/01\/tunel-vice-presidente-jose-alencar-sera-fechado-para-servicos-de-manutencao-das-estruturas-metalicas-prefeitura-da-cidade-do-rio-de-janeiro-prefeitura-rio\/","title":{"rendered":"T\u00fanel Vice-Presidente Jos\u00e9 Alencar ser\u00e1 fechado para servi\u00e7os de manuten\u00e7\u00e3o das estruturas met\u00e1licas &#8211; Prefeitura da Cidade do Rio de Janeiro &#8211; prefeitura.rio"},"content":{"rendered":"<p>                                                     O T\u00fanel Jos\u00e9 Alencar vai ser interditado para servi\u00e7os de manuten\u00e7\u00e3o &#8211; Arquivo\/Prefeitura do Rio                                     <\/p>\n<p>A CET-Rio e a Secretaria de Infraestrutura informam que o T\u00fanel Vice-Presidente Jos\u00e9 Alencar, popularmente conhecido como T\u00fanel da Grota Funda, ser\u00e1 interditado, no sentido Barra da Tijuca, nesta quinta-feira (30\/11), das 21h \u00e0s 4h, para manuten\u00e7\u00e3o e pintura da estrutura met\u00e1lica existente nas embocaduras do t\u00fanel.<\/p>\n<p>Os ve\u00edculos que trafegam pela Avenida D. Jo\u00e3o VI com destino \u00e0 Barra dever\u00e3o seguir pela Avenida. Artur Xex\u00e9o (Serra da Grota Funda), Estrada do Pontal, Rua dos Servidores, al\u00e7a de acesso para a Avenida das Am\u00e9ricas, sentido Barra.<\/p>\n<p>T\u00e9cnicos da CET-Rio situados no Centro de Opera\u00e7\u00f5es Rio (COR) far\u00e3o o monitoramento dos volumes de tr\u00e1fego atrav\u00e9s de c\u00e2meras e, caso seja necess\u00e1rio, ajustes nos tempos semaf\u00f3ricos ser\u00e3o implantados no intuito de diminuir os impactos no tr\u00e2nsito da regi\u00e3o.<\/p>\n<h4>Compartilhe<\/h4>\n<p>Categoria: <\/p>\n<li>30 de novembro de 2023<\/li>\n<p> \t\t\t\t\t \t\t\t\t\t \t\t\t    \t\t\t\t \t\t\t\t\tMarca\u00e7\u00f5es: CET-Rio Interdi\u00e7\u00e3o manuten\u00e7\u00e3o tr\u00e2nsito T\u00fanel Jos\u00e9 Alencar\t\t\t\t \t\t\t              \t\t\t \t\t\t\t \t\t\t\t\t\t \t\t\t\t\t\t\t<\/p>\n<h3><\/h3>\n<h3>Not\u00edcias<\/h3>\n<h4>Instituto Pereira Passos comemora 25 Anos de funda\u00e7\u00e3o com relan\u00e7amento do portal Data.Rio<\/h4>\n<p>  \t\t\t\t\t  30 de novembro de 2023                  \t\t\t                 \t\t\t\t\t  <\/p>\n<h4>Muhcab, no Rio, inicia projeto que sinaliza lugares de mem\u00f3ria da presen\u00e7a de escravizados africanos no Brasil<\/h4>\n<p>  \t\t\t\t\t  30 de novembro de 2023                  \t\t\t                 \t\t\t\t\t  <\/p>\n<h4>CET-Rio monta esquema de tr\u00e2nsito para evento na Cidade do Samba<\/h4>\n<p>  \t\t\t\t\t  30 de novembro de 2023                  \t\t\t                 \t\t\t\t\t  <\/p>\n<h4>Cidade das Artes est\u00e1 com inscri\u00e7\u00f5es abertas para a instala\u00e7\u00e3o tempor\u00e1ria de trailers de alimenta\u00e7\u00e3o<\/h4>\n<p>  \t\t\t\t\t  30 de novembro de 2023                  \t\t\t                 \t\t\t\t\t  <\/p>\n<h4>Prefeitura implanta projeto de modera\u00e7\u00e3o de tr\u00e1fego em ruas do Engenho Novo<\/h4>\n<p>  \t\t\t\t\t  30 de novembro de 2023                  \t\t\t<\/ul>\n<p>         \t                                             &lt; Voltar              <\/p>\n","protected":false},"excerpt":{"rendered":"<p>O T\u00fanel Jos\u00e9 Alencar vai ser interditado para servi\u00e7os de manuten\u00e7\u00e3o &#8211; Arquivo\/Prefeitura do Rio A CET-Rio e a Secretaria<\/p>\n","protected":false},"author":1,"featured_media":0,"comment_status":"closed","ping_status":"closed","sticky":false,"template":"","format":"standard","meta":{"colormag_page_container_layout":"default_layout","colormag_page_sidebar_layout":"default_layout","footnotes":""},"categories":[46],"tags":[],"class_list":["post-18399","post","type-post","status-publish","format-standard","hentry","category-noticias"],"aioseo_notices":[],"amp_enabled":true,"_links":{"self":[{"href":"https:\/\/ejornais.com.br\/index.php\/wp-json\/wp\/v2\/posts\/18399","targetHints":{"allow":["GET"]}}],"collection":[{"href":"https:\/\/ejornais.com.br\/index.php\/wp-json\/wp\/v2\/posts"}],"about":[{"href":"https:\/\/ejornais.com.br\/index.php\/wp-json\/wp\/v2\/types\/post"}],"author":[{"embeddable":true,"href":"https:\/\/ejornais.com.br\/index.php\/wp-json\/wp\/v2\/users\/1"}],"replies":[{"embeddable":true,"href":"https:\/\/ejornais.com.br\/index.php\/wp-json\/wp\/v2\/comments?post=18399"}],"version-history":[{"count":1,"href":"https:\/\/ejornais.com.br\/index.php\/wp-json\/wp\/v2\/posts\/18399\/revisions"}],"predecessor-version":[{"id":18400,"href":"https:\/\/ejornais.com.br\/index.php\/wp-json\/wp\/v2\/posts\/18399\/revisions\/18400"}],"wp:attachment":[{"href":"https:\/\/ejornais.com.br\/index.php\/wp-json\/wp\/v2\/media?parent=18399"}],"wp:term":[{"taxonomy":"category","embeddable":true,"href":"https:\/\/ejornais.com.br\/index.php\/wp-json\/wp\/v2\/categories?post=18399"},{"taxonomy":"post_tag","embeddable":true,"href":"https:\/\/ejornais.com.br\/index.php\/wp-json\/wp\/v2\/tags?post=18399"}],"curies":[{"name":"wp","href":"https:\/\/api.w.org\/{rel}","templated":true}]}}