{"id":18557,"date":"2023-12-08T18:09:47","date_gmt":"2023-12-08T21:09:47","guid":{"rendered":"https:\/\/ejornais.com.br\/?p=18557"},"modified":"2023-12-08T18:09:47","modified_gmt":"2023-12-08T21:09:47","slug":"mercado-da-bola-flamengo-aceita-pagar-a-vista-multa-de-craque-e-deve-fechar-negocio-nas-proximas-horas","status":"publish","type":"post","link":"https:\/\/ejornais.com.br\/index.php\/2023\/12\/08\/mercado-da-bola-flamengo-aceita-pagar-a-vista-multa-de-craque-e-deve-fechar-negocio-nas-proximas-horas\/","title":{"rendered":"MERCADO DA BOLA: Flamengo aceita pagar \u00e0 Vista Multa De craque e deve fechar neg\u00f3cio nas pr\u00f3ximas horas"},"content":{"rendered":"<p>Flamengo Considera Pagamento \u00e0 Vista da Multa Rescis\u00f3ria de De La Cruz<\/p>\n<p>O Flamengo est\u00e1 disposto a desembolsar cerca de R$ 78 milh\u00f5es, o equivalente a 16 milh\u00f5es de d\u00f3lares, para contratar o meio-campista De La Cruz do River Plate. O clube carioca, atual campe\u00e3o brasileiro, expressou seu interesse em contar com o talento do jogador uruguaio, e fontes revelam que j\u00e1 considera a op\u00e7\u00e3o de pagar a multa rescis\u00f3ria \u00e0 vista.<\/p>\n<p>A transfer\u00eancia parece ser impulsionada pelo desejo de De La Cruz de vestir a camisa rubro-negra. Seu staff tem mantido conversas regulares com a diretoria do Flamengo, indicando uma forte vontade do jogador em fazer parte do elenco do clube carioca.<\/p>\n<p>        &#8211;&gt;      <\/p>\n<p>O meio-campista uruguaio \u00e9 reconhecido por suas habilidades t\u00e9cnicas e versatilidade em campo, caracter\u00edsticas que o tornaram uma pe\u00e7a chave no River Plate. A poss\u00edvel contrata\u00e7\u00e3o de De La Cruz seria mais um refor\u00e7o significativo para o Flamengo, que busca fortalecer ainda mais seu elenco para as competi\u00e7\u00f5es futuras.<\/p>\n<p>O pagamento \u00e0 vista da multa rescis\u00f3ria demonstra a determina\u00e7\u00e3o do Flamengo em garantir a chegada do jogador, evidenciando uma abordagem financeira pragm\u00e1tica para as negocia\u00e7\u00f5es. Esse movimento pode ser estrat\u00e9gico para acelerar o processo de transfer\u00eancia e assegurar a presen\u00e7a do meio-campista no in\u00edcio da pr\u00f3xima temporada.<\/p>\n<p>O sucesso dessa transa\u00e7\u00e3o depender\u00e1 das negocia\u00e7\u00f5es entre as partes envolvidas, mas a disposi\u00e7\u00e3o do Flamengo em investir significantemente no jogador indica a import\u00e2ncia que De La Cruz pode ter para o clube. Os torcedores aguardam com expectativa o desfecho dessa hist\u00f3ria e a possibilidade de ver o uruguaio contribuir para o sucesso cont\u00ednuo do Flamengo no cen\u00e1rio nacional e internacional.<\/p>\n<p>&nbsp;<\/p>\n<h2>Candidato \u00e0 Presid\u00eancia de campe\u00e3o brasileiro Negocia com Destaques do Zenit e Flamengo<\/h2>\n<p>O candidato de oposi\u00e7\u00e3o do Internacional, Roberto Melo, est\u00e1 em negocia\u00e7\u00f5es com o meia Claudinho, atualmente no Zenit, e Everton Ribeiro, do Flamengo, para a temporada de 2024. O empres\u00e1rio de Claudinho confirmou as conversas, e fontes pr\u00f3ximas ao candidato indicam que h\u00e1 chances concretas de ambos integrarem o clube caso Melo seja eleito em 9 de dezembro.<\/p>\n<p>Para viabilizar o acordo com Claudinho, o Internacional contaria com o apoio de Delcir Sonda, um empres\u00e1rio bilion\u00e1rio que endossa a candidatura de Melo. Em rela\u00e7\u00e3o a Everton Ribeiro, o presidenci\u00e1vel j\u00e1 realizou uma chamada de v\u00eddeo nos \u00faltimos dias.<\/p>\n<p>No entanto, mesmo com um poss\u00edvel acordo, Melo enfrentaria o desafio de negociar com o Zenit, que rejeitou uma oferta anterior do Flamengo. O clube russo exigiu 25 milh\u00f5es de euros, superior aos 15 milh\u00f5es oferecidos pelos brasileiros em julho. O meia, vendido pelo Bragantino em 2021, tem contrato at\u00e9 junho de 2027.<\/p>\n<p>Na temporada europeia atual, Claudinho, de 26 anos, tem se destacado no Zenit, participando de 24 jogos e contribuindo com quatro gols e quatro assist\u00eancias. A elei\u00e7\u00e3o presidencial do Internacional est\u00e1 marcada para 9 de dezembro, e o candidato da situa\u00e7\u00e3o, Alessandro Barcellos, tamb\u00e9m est\u00e1 envolvido em negocia\u00e7\u00f5es, incluindo Gustavo Scarpa, do Olympiacos, e Bruno Rodrigues, do Cruzeiro.<\/p>\n<p>&nbsp;<\/p>\n<h2>VASCO DEMITE E PLANEJA 2024<\/h2>\n<p>&nbsp;<\/p>\n<p>Paulo Bracks Deixa o Cargo de Diretor Esportivo da SAF do Vasco Ap\u00f3s Perman\u00eancia na S\u00e9rie A<\/p>\n<p>Na manh\u00e3 desta quinta-feira, Paulo Bracks recebeu a not\u00edcia de seu desligamento do cargo de diretor esportivo da SAF (Sociedade An\u00f4nima de Futebol) do Vasco. A decis\u00e3o veio um dia ap\u00f3s a confirma\u00e7\u00e3o da perman\u00eancia do time na S\u00e9rie A, conquistada na \u00faltima rodada do Campeonato Brasileiro.<\/p>\n<p>A sa\u00edda de Bracks marca o fim de uma era em sua gest\u00e3o como diretor esportivo, onde desempenhou um papel crucial nas estrat\u00e9gias e decis\u00f5es relacionadas ao desenvolvimento e desempenho da equipe. Seu afastamento surpreendeu a comunidade esportiva, considerando o contexto positivo da perman\u00eancia do Vasco na elite do futebol brasileiro.<\/p>\n<p>Ainda n\u00e3o foram divulgados detalhes sobre os motivos que levaram \u00e0 rescis\u00e3o do contrato entre Paulo Bracks e o Vasco. A especula\u00e7\u00e3o e a curiosidade se intensificam \u00e0 medida que a not\u00edcia se espalha, alimentando debates sobre o que poderia ter levado a essa decis\u00e3o abrupta.<\/p>\n<p>A confirma\u00e7\u00e3o da perman\u00eancia na S\u00e9rie A foi celebrada pelos torcedores, mas o cen\u00e1rio nos bastidores revela um desdobramento inesperado, com a sa\u00edda de um dos respons\u00e1veis pela condu\u00e7\u00e3o do departamento esportivo do clube. A incerteza paira sobre quem assumir\u00e1 o papel de diretor esportivo e como isso afetar\u00e1 a din\u00e2mica e a estrat\u00e9gia do Vasco para as pr\u00f3ximas temporadas.<\/p>\n<p>A busca por respostas e a compreens\u00e3o dos motivos por tr\u00e1s da sa\u00edda de Paulo Bracks certamente dominar\u00e3o as discuss\u00f5es nos pr\u00f3ximos dias. Enquanto os torcedores celebram a perman\u00eancia na S\u00e9rie A, o clube enfrenta agora o desafio de preencher o v\u00e1cuo deixado por um dirigente que desempenhou um papel crucial nos bastidores do Vasco.<\/p>\n<h3>Compartilhe isso:<\/h3>\n","protected":false},"excerpt":{"rendered":"<p>Flamengo Considera Pagamento \u00e0 Vista da Multa Rescis\u00f3ria de De La Cruz O Flamengo est\u00e1 disposto a desembolsar cerca de<\/p>\n","protected":false},"author":1,"featured_media":0,"comment_status":"closed","ping_status":"closed","sticky":false,"template":"","format":"standard","meta":{"colormag_page_container_layout":"default_layout","colormag_page_sidebar_layout":"default_layout","footnotes":""},"categories":[4],"tags":[],"class_list":["post-18557","post","type-post","status-publish","format-standard","hentry","category-esportes"],"aioseo_notices":[],"amp_enabled":true,"_links":{"self":[{"href":"https:\/\/ejornais.com.br\/index.php\/wp-json\/wp\/v2\/posts\/18557","targetHints":{"allow":["GET"]}}],"collection":[{"href":"https:\/\/ejornais.com.br\/index.php\/wp-json\/wp\/v2\/posts"}],"about":[{"href":"https:\/\/ejornais.com.br\/index.php\/wp-json\/wp\/v2\/types\/post"}],"author":[{"embeddable":true,"href":"https:\/\/ejornais.com.br\/index.php\/wp-json\/wp\/v2\/users\/1"}],"replies":[{"embeddable":true,"href":"https:\/\/ejornais.com.br\/index.php\/wp-json\/wp\/v2\/comments?post=18557"}],"version-history":[{"count":1,"href":"https:\/\/ejornais.com.br\/index.php\/wp-json\/wp\/v2\/posts\/18557\/revisions"}],"predecessor-version":[{"id":18558,"href":"https:\/\/ejornais.com.br\/index.php\/wp-json\/wp\/v2\/posts\/18557\/revisions\/18558"}],"wp:attachment":[{"href":"https:\/\/ejornais.com.br\/index.php\/wp-json\/wp\/v2\/media?parent=18557"}],"wp:term":[{"taxonomy":"category","embeddable":true,"href":"https:\/\/ejornais.com.br\/index.php\/wp-json\/wp\/v2\/categories?post=18557"},{"taxonomy":"post_tag","embeddable":true,"href":"https:\/\/ejornais.com.br\/index.php\/wp-json\/wp\/v2\/tags?post=18557"}],"curies":[{"name":"wp","href":"https:\/\/api.w.org\/{rel}","templated":true}]}}