{"id":19101,"date":"2023-12-27T23:09:53","date_gmt":"2023-12-28T02:09:53","guid":{"rendered":"https:\/\/ejornais.com.br\/?p=19101"},"modified":"2023-12-27T23:09:53","modified_gmt":"2023-12-28T02:09:53","slug":"prefeito-sanciona-decreto-de-incentivos-fiscais-do-programa-reviver-centro-2-prefeitura-da-cidade-do-rio-de-janeiro-prefeitura-rio","status":"publish","type":"post","link":"https:\/\/ejornais.com.br\/index.php\/2023\/12\/27\/prefeito-sanciona-decreto-de-incentivos-fiscais-do-programa-reviver-centro-2-prefeitura-da-cidade-do-rio-de-janeiro-prefeitura-rio\/","title":{"rendered":"Prefeito sanciona decreto de incentivos fiscais do programa Reviver Centro 2 &#8211; Prefeitura da Cidade do Rio de Janeiro &#8211; prefeitura.rio"},"content":{"rendered":"<p>                                                     O Casa Mau\u00e1 Residencial foi o primeiro empreendimento do Reviver Centro 2 a obter o Habite-se &#8211; Marcos de Paula\/Prefeitura do Rio                                      <\/p>\n<p>O prefeito do Rio, Eduardo Paes, sancionou, nesta quarta-feira (27\/12), o decreto que regulamenta os benef\u00edcios fiscais do Reviver Centro 2. O evento aconteceu no Casa Mau\u00e1 Residencial, do Opportunity Imobili\u00e1rio, primeiro empreendimento do Reviver Centro 2 com Habite-se, pronto para morar e que j\u00e1 contar\u00e1 com esses benef\u00edcios. No lan\u00e7amento, foram vendidas 95% das 223 unidades dispon\u00edveis em menos de seis horas.<\/p>\n<p>&#8211; \u00c9 a cidade voltando \u00e0s suas origens, um lugar com mais infraestrutura, mais transportes, mais equipamentos p\u00fablicos. Aqui, na verdade, \u00e9 o Centro da hist\u00f3ria do Brasil. Acho que agora est\u00e1 tudo caminhando certo, j\u00e1 temos outros empreendimentos lan\u00e7ados na regi\u00e3o do Porto Maravilha, como o edif\u00edcio A Noite e o novo terreno do Impa. Essas mudan\u00e7as de desenvolvimento urbano e de crescimento da cidade levam algum tempo e exigem muita persist\u00eancia. Foi isso o que a gente conquistou aqui &#8211; afirmou o prefeito Eduardo Paes.<\/p>\n<p>O decreto sancionado est\u00e1 relacionado \u00e0 lei complementar 6.999 (2021), que define as regras de incentivos fiscais, como isen\u00e7\u00e3o e descontos de impostos, relacionados ao programa Reviver Centro 2, que foi proposto pelo Executivo e aprovado em 5 de setembro pela C\u00e2mara de Vereadores. O texto contou com a contribui\u00e7\u00e3o de agentes do mercado e legisladores.<\/p>\n<p>A expectativa com a nova vers\u00e3o \u00e9 ampliar o alcance do projeto e atrair mais moradores, investidores, al\u00e9m de incentivar a reabertura de lojas de rua com com\u00e9rcios e a\u00e7\u00f5es culturais. Desde seu in\u00edcio, em 2021, j\u00e1 foram concedidas por meio do Reviver Centro 35 licen\u00e7as, sendo sete para constru\u00e7\u00e3o e 28 para transforma\u00e7\u00e3o de uso (retrofit), criando 2.760 novas unidades residenciais.<\/p>\n<p>&#8211; O sucesso do empreendimento da Casa Mau\u00e1, com a venda de mais de 200 unidades em apenas seis horas, \u00e9 um indicativo de que a pol\u00edtica p\u00fablica do Reviver Centro est\u00e1 no caminho certo de induzir a ocupa\u00e7\u00e3o residencial do Centro &#8211; disse o subsecret\u00e1rio-executivo da Secretaria Municipal de Desenvolvimento Urbano e Econ\u00f4mico, Thiago Dias.<\/p>\n<p>Pelo projeto, quem construir na \u00e1rea do Centro e da Lapa pode aproveitar o potencial construtivo gerado na pr\u00f3pria regi\u00e3o, assim como as novas regras permitem a constru\u00e7\u00e3o de hospitais e escolas, por exemplo. Para usufruir do benef\u00edcio, \u00e9 preciso pagar uma contrapartida \u00e0 Prefeitura. Para constru\u00e7\u00f5es nas \u00e1reas da Cruz Vermelha, Lapa, Saara, Tiradentes e Central do Brasil, a contrapartida ser\u00e1 de 10% no primeiro ano, aumentando 10% ao ano at\u00e9 chegar a 100% em uma d\u00e9cada de programa. J\u00e1 as constru\u00e7\u00f5es nas \u00e1reas do chamado Centro Financeiro (Pra\u00e7a XV, Cinel\u00e2ndia e Castelo) ter\u00e3o isen\u00e7\u00e3o nos dois primeiros anos, iniciados em 2021, com aumento gradativo at\u00e9 o 10\u00b0 ano do projeto.<\/p>\n<p>&#8211; Aqui foi feito um retrofit para ser o primeiro residencial do programa Reviver Centro. A maioria dos compradores \u00e9 formada por investidores, que acreditam que o Centro do Rio vai virar um ponto tur\u00edstico, cada vez mais o carnaval vem pra c\u00e1, um espa\u00e7o excelente com toda a infraestrutura para se poder usufruir. Vamos fazer a entrega das chaves agora em janeiro e em fevereiro come\u00e7am as primeiras mudan\u00e7as &#8211; destacou Victor Tulli, CFO da Lobie, administradora condominial do Casa Mau\u00e1 Residencial.<\/p>\n<p>Outro benef\u00edcio \u00e9 que os construtores de residenciais nessas regi\u00f5es poder\u00e3o utilizar 100% da \u00c1rea Total Edific\u00e1vel (ATE) no pr\u00f3prio im\u00f3vel ou em outro empreendimento do Centro e Lapa, e tamb\u00e9m nos outros bairros das regi\u00f5es receptoras: Copacabana, Leme, Tijuca, Pra\u00e7a da Bandeira, Zona Norte (AP3), exceto Ilha do Governador, Lagoa e Botafogo, respeitando as regras urban\u00edsticas e limites dessas localidades.<\/p>\n<p>&#8211; Hoje, inauguramos uma nova fase. \u00c9 como se fosse um tubo: primeiro entra a negocia\u00e7\u00e3o de terreno, percorre na fase de constru\u00e7\u00e3o e sai na entrega dos im\u00f3veis, como essa aqui. O Porto Maravilha j\u00e1 \u00e9 um megassucesso, que retroalimenta o Centro Hist\u00f3rico com milhares de unidades vendidas nesta regi\u00e3o &#8211; disse o presidente da Associa\u00e7\u00e3o de Dirigentes de Empresas do Mercado Imobili\u00e1rio (Ademi-RJ), Marcos Saceanu.<\/p>\n<p>O Reviver Centro 2 prev\u00ea ainda libera\u00e7\u00e3o de gabarito em alguns locais da II Regi\u00e3o Administrativa e a gera\u00e7\u00e3o de potencial construtivo de at\u00e9 150% da \u00e1rea edific\u00e1vel, caso o construtor reserve 50% das unidades para aluguel social.<\/p>\n<h4>Compartilhe<\/h4>\n<p>Categoria: <\/p>\n<li>27 de dezembro de 2023<\/li>\n<p> \t\t\t\t\t \t\t\t\t\t \t\t\t    \t\t\t\t \t\t\t\t\tMarca\u00e7\u00f5es: benef\u00edcio decreto Incentivos fiscais prefeito Eduardo Paes Reviver Centro\t\t\t\t \t\t\t              \t\t\t \t\t\t\t \t\t\t\t\t\t \t\t\t\t\t\t\t<\/p>\n<h3><\/h3>\n<h3>Not\u00edcias<\/h3>\n<h4>Prefeitura do Rio entrega licen\u00e7as e carteiras de identifica\u00e7\u00e3o para vendedores de sacol\u00f5es<\/h4>\n<p>  \t\t\t\t\t  27 de dezembro de 2023                  \t\t\t                 \t\t\t\t\t  <\/p>\n<h4>Prefeitura monta opera\u00e7\u00e3o especial de \u00f4nibus para o R\u00e9veillon<\/h4>\n<p>  \t\t\t\t\t  27 de dezembro de 2023                  \t\t\t                 \t\t\t\t\t  <\/p>\n<h4>Seop e Guarda Municipal apresentam planejamento operacional de ordenamento para o R\u00e9veillon<\/h4>\n<p>  \t\t\t\t\t  27 de dezembro de 2023                  \t\t\t                 \t\t\t\t\t  <\/p>\n<h4>T\u00fanel Santa B\u00e1rbara ser\u00e1 fechado para obras de revitaliza\u00e7\u00e3o da galeria<\/h4>\n<p>  \t\t\t\t\t  27 de dezembro de 2023                  \t\t\t                 \t\t\t\t\t  <\/p>\n<h4>Pomada modeladora de cabelo faz emerg\u00eancia do Souza Aguiar lotar ap\u00f3s o Natal<\/h4>\n<p>  \t\t\t\t\t  27 de dezembro de 2023                  \t\t\t<\/ul>\n<p>         \t                                             &lt; Voltar              <\/p>\n","protected":false},"excerpt":{"rendered":"<p>O Casa Mau\u00e1 Residencial foi o primeiro empreendimento do Reviver Centro 2 a obter o Habite-se &#8211; Marcos de Paula\/Prefeitura<\/p>\n","protected":false},"author":1,"featured_media":0,"comment_status":"closed","ping_status":"closed","sticky":false,"template":"","format":"standard","meta":{"colormag_page_container_layout":"default_layout","colormag_page_sidebar_layout":"default_layout","footnotes":""},"categories":[46],"tags":[],"class_list":["post-19101","post","type-post","status-publish","format-standard","hentry","category-noticias"],"aioseo_notices":[],"aioseo_head":"\n\t\t<!-- All in One SEO 5.0.1.1 - aioseo.com -->\n\t<meta name=\"description\" content=\"O Casa Mau\u00e1 Residencial foi o primeiro empreendimento do Reviver Centro 2 a obter o Habite-se - Marcos de Paula\/Prefeitura do Rio O prefeito do Rio, Eduardo Paes, sancionou, nesta quarta-feira (27\/12), o decreto que regulamenta os benef\u00edcios fiscais do Reviver Centro 2. O evento aconteceu no Casa Mau\u00e1 Residencial, do Opportunity Imobili\u00e1rio, primeiro empreendimento\" \/>\n\t<meta name=\"robots\" content=\"max-image-preview:large\" \/>\n\t<link rel=\"canonical\" href=\"https:\/\/ejornais.com.br\/index.php\/2023\/12\/27\/prefeito-sanciona-decreto-de-incentivos-fiscais-do-programa-reviver-centro-2-prefeitura-da-cidade-do-rio-de-janeiro-prefeitura-rio\/\" \/>\n\t<meta name=\"generator\" content=\"All in One SEO (AIOSEO) 5.0.1.1\" \/>\n\t\t<meta property=\"og:locale\" content=\"pt_BR\" \/>\n\t\t<meta property=\"og:site_name\" content=\"eJornais - Cat\u00e1logo de Jornais no mundo, Not\u00edcias, Blog e Esportes ao vivo\" \/>\n\t\t<meta property=\"og:type\" content=\"article\" \/>\n\t\t<meta property=\"og:title\" content=\"Prefeito sanciona decreto de incentivos fiscais do programa Reviver Centro 2 \u2013 Prefeitura da Cidade do Rio de Janeiro \u2013 prefeitura.rio - eJornais\" \/>\n\t\t<meta property=\"og:description\" content=\"O Casa Mau\u00e1 Residencial foi o primeiro empreendimento do Reviver Centro 2 a obter o Habite-se - Marcos de Paula\/Prefeitura do Rio O prefeito do Rio, Eduardo Paes, sancionou, nesta quarta-feira (27\/12), o decreto que regulamenta os benef\u00edcios fiscais do Reviver Centro 2. O evento aconteceu no Casa Mau\u00e1 Residencial, do Opportunity Imobili\u00e1rio, primeiro empreendimento\" \/>\n\t\t<meta property=\"og:url\" content=\"https:\/\/ejornais.com.br\/index.php\/2023\/12\/27\/prefeito-sanciona-decreto-de-incentivos-fiscais-do-programa-reviver-centro-2-prefeitura-da-cidade-do-rio-de-janeiro-prefeitura-rio\/\" \/>\n\t\t<meta property=\"article:published_time\" content=\"2023-12-28T02:09:53+00:00\" \/>\n\t\t<meta property=\"article:modified_time\" content=\"2023-12-28T02:09:53+00:00\" \/>\n\t\t<meta name=\"twitter:card\" content=\"summary_large_image\" \/>\n\t\t<meta name=\"twitter:title\" content=\"Prefeito sanciona decreto de incentivos fiscais do programa Reviver Centro 2 \u2013 Prefeitura da Cidade do Rio de Janeiro \u2013 prefeitura.rio - eJornais\" \/>\n\t\t<meta name=\"twitter:description\" content=\"O Casa Mau\u00e1 Residencial foi o primeiro empreendimento do Reviver Centro 2 a obter o Habite-se - Marcos de Paula\/Prefeitura do Rio O prefeito do Rio, Eduardo Paes, sancionou, nesta quarta-feira (27\/12), o decreto que regulamenta os benef\u00edcios fiscais do Reviver Centro 2. O evento aconteceu no Casa Mau\u00e1 Residencial, do Opportunity Imobili\u00e1rio, primeiro empreendimento\" \/>\n\t\t<script type=\"application\/ld+json\" class=\"aioseo-schema\">\n\t\t\t{\"@context\":\"https:\\\/\\\/schema.org\",\"@graph\":[{\"@type\":\"BlogPosting\",\"@id\":\"https:\\\/\\\/ejornais.com.br\\\/index.php\\\/2023\\\/12\\\/27\\\/prefeito-sanciona-decreto-de-incentivos-fiscais-do-programa-reviver-centro-2-prefeitura-da-cidade-do-rio-de-janeiro-prefeitura-rio\\\/#blogposting\",\"name\":\"Prefeito sanciona decreto de incentivos fiscais do programa Reviver Centro 2 \\u2013 Prefeitura da Cidade do Rio de Janeiro \\u2013 prefeitura.rio - eJornais\",\"headline\":\"Prefeito sanciona decreto de incentivos fiscais do programa Reviver Centro 2 &#8211; Prefeitura da Cidade do Rio de Janeiro &#8211; prefeitura.rio\",\"author\":{\"@id\":\"https:\\\/\\\/ejornais.com.br\\\/index.php\\\/author\\\/#author\"},\"publisher\":{\"@id\":\"https:\\\/\\\/ejornais.com.br\\\/#organization\"},\"datePublished\":\"2023-12-27T23:09:53-03:00\",\"dateModified\":\"2023-12-27T23:09:53-03:00\",\"inLanguage\":\"pt-BR\",\"mainEntityOfPage\":{\"@id\":\"https:\\\/\\\/ejornais.com.br\\\/index.php\\\/2023\\\/12\\\/27\\\/prefeito-sanciona-decreto-de-incentivos-fiscais-do-programa-reviver-centro-2-prefeitura-da-cidade-do-rio-de-janeiro-prefeitura-rio\\\/#webpage\"},\"isPartOf\":{\"@id\":\"https:\\\/\\\/ejornais.com.br\\\/index.php\\\/2023\\\/12\\\/27\\\/prefeito-sanciona-decreto-de-incentivos-fiscais-do-programa-reviver-centro-2-prefeitura-da-cidade-do-rio-de-janeiro-prefeitura-rio\\\/#webpage\"},\"articleSection\":\"NOTICIAS\"},{\"@type\":\"BreadcrumbList\",\"@id\":\"https:\\\/\\\/ejornais.com.br\\\/index.php\\\/2023\\\/12\\\/27\\\/prefeito-sanciona-decreto-de-incentivos-fiscais-do-programa-reviver-centro-2-prefeitura-da-cidade-do-rio-de-janeiro-prefeitura-rio\\\/#breadcrumblist\",\"itemListElement\":[{\"@type\":\"ListItem\",\"@id\":\"https:\\\/\\\/ejornais.com.br#listItem\",\"position\":1,\"name\":\"In\\u00edcio\",\"item\":\"https:\\\/\\\/ejornais.com.br\",\"nextItem\":{\"@type\":\"ListItem\",\"@id\":\"https:\\\/\\\/ejornais.com.br\\\/index.php\\\/category\\\/noticias\\\/#listItem\",\"name\":\"NOTICIAS\"}},{\"@type\":\"ListItem\",\"@id\":\"https:\\\/\\\/ejornais.com.br\\\/index.php\\\/category\\\/noticias\\\/#listItem\",\"position\":2,\"name\":\"NOTICIAS\",\"item\":\"https:\\\/\\\/ejornais.com.br\\\/index.php\\\/category\\\/noticias\\\/\",\"nextItem\":{\"@type\":\"ListItem\",\"@id\":\"https:\\\/\\\/ejornais.com.br\\\/index.php\\\/2023\\\/12\\\/27\\\/prefeito-sanciona-decreto-de-incentivos-fiscais-do-programa-reviver-centro-2-prefeitura-da-cidade-do-rio-de-janeiro-prefeitura-rio\\\/#listItem\",\"name\":\"Prefeito sanciona decreto de incentivos fiscais do programa Reviver Centro 2 &#8211; Prefeitura da Cidade do Rio de Janeiro &#8211; prefeitura.rio\"},\"previousItem\":{\"@type\":\"ListItem\",\"@id\":\"https:\\\/\\\/ejornais.com.br#listItem\",\"name\":\"In\\u00edcio\"}},{\"@type\":\"ListItem\",\"@id\":\"https:\\\/\\\/ejornais.com.br\\\/index.php\\\/2023\\\/12\\\/27\\\/prefeito-sanciona-decreto-de-incentivos-fiscais-do-programa-reviver-centro-2-prefeitura-da-cidade-do-rio-de-janeiro-prefeitura-rio\\\/#listItem\",\"position\":3,\"name\":\"Prefeito sanciona decreto de incentivos fiscais do programa Reviver Centro 2 &#8211; Prefeitura da Cidade do Rio de Janeiro &#8211; prefeitura.rio\",\"previousItem\":{\"@type\":\"ListItem\",\"@id\":\"https:\\\/\\\/ejornais.com.br\\\/index.php\\\/category\\\/noticias\\\/#listItem\",\"name\":\"NOTICIAS\"}}]},{\"@type\":\"Organization\",\"@id\":\"https:\\\/\\\/ejornais.com.br\\\/#organization\",\"name\":\"eJornais\",\"description\":\"Cat\\u00e1logo de Jornais no mundo, Not\\u00edcias, Blog e Esportes ao vivo\",\"url\":\"https:\\\/\\\/ejornais.com.br\\\/\"},{\"@type\":\"Person\",\"@id\":\"https:\\\/\\\/ejornais.com.br\\\/index.php\\\/author\\\/#author\",\"url\":\"https:\\\/\\\/ejornais.com.br\\\/index.php\\\/author\\\/\"},{\"@type\":\"WebPage\",\"@id\":\"https:\\\/\\\/ejornais.com.br\\\/index.php\\\/2023\\\/12\\\/27\\\/prefeito-sanciona-decreto-de-incentivos-fiscais-do-programa-reviver-centro-2-prefeitura-da-cidade-do-rio-de-janeiro-prefeitura-rio\\\/#webpage\",\"url\":\"https:\\\/\\\/ejornais.com.br\\\/index.php\\\/2023\\\/12\\\/27\\\/prefeito-sanciona-decreto-de-incentivos-fiscais-do-programa-reviver-centro-2-prefeitura-da-cidade-do-rio-de-janeiro-prefeitura-rio\\\/\",\"name\":\"Prefeito sanciona decreto de incentivos fiscais do programa Reviver Centro 2 \\u2013 Prefeitura da Cidade do Rio de Janeiro \\u2013 prefeitura.rio - eJornais\",\"description\":\"O Casa Mau\\u00e1 Residencial foi o primeiro empreendimento do Reviver Centro 2 a obter o Habite-se - Marcos de Paula\\\/Prefeitura do Rio O prefeito do Rio, Eduardo Paes, sancionou, nesta quarta-feira (27\\\/12), o decreto que regulamenta os benef\\u00edcios fiscais do Reviver Centro 2. O evento aconteceu no Casa Mau\\u00e1 Residencial, do Opportunity Imobili\\u00e1rio, primeiro empreendimento\",\"inLanguage\":\"pt-BR\",\"isPartOf\":{\"@id\":\"https:\\\/\\\/ejornais.com.br\\\/#website\"},\"breadcrumb\":{\"@id\":\"https:\\\/\\\/ejornais.com.br\\\/index.php\\\/2023\\\/12\\\/27\\\/prefeito-sanciona-decreto-de-incentivos-fiscais-do-programa-reviver-centro-2-prefeitura-da-cidade-do-rio-de-janeiro-prefeitura-rio\\\/#breadcrumblist\"},\"author\":{\"@id\":\"https:\\\/\\\/ejornais.com.br\\\/index.php\\\/author\\\/#author\"},\"creator\":{\"@id\":\"https:\\\/\\\/ejornais.com.br\\\/index.php\\\/author\\\/#author\"},\"datePublished\":\"2023-12-27T23:09:53-03:00\",\"dateModified\":\"2023-12-27T23:09:53-03:00\"},{\"@type\":\"WebSite\",\"@id\":\"https:\\\/\\\/ejornais.com.br\\\/#website\",\"url\":\"https:\\\/\\\/ejornais.com.br\\\/\",\"name\":\"eJornais\",\"description\":\"Cat\\u00e1logo de Jornais no mundo, Not\\u00edcias, Blog e Esportes ao vivo\",\"inLanguage\":\"pt-BR\",\"publisher\":{\"@id\":\"https:\\\/\\\/ejornais.com.br\\\/#organization\"}}]}\n\t\t<\/script>\n\t\t<!-- All in One SEO -->\n\n","aioseo_head_json":{"title":"Prefeito sanciona decreto de incentivos fiscais do programa Reviver Centro 2 \u2013 Prefeitura da Cidade do Rio de Janeiro \u2013 prefeitura.rio - eJornais","description":"O Casa Mau\u00e1 Residencial foi o primeiro empreendimento do Reviver Centro 2 a obter o Habite-se - Marcos de Paula\/Prefeitura do Rio O prefeito do Rio, Eduardo Paes, sancionou, nesta quarta-feira (27\/12), o decreto que regulamenta os benef\u00edcios fiscais do Reviver Centro 2. O evento aconteceu no Casa Mau\u00e1 Residencial, do Opportunity Imobili\u00e1rio, primeiro empreendimento","canonical_url":"https:\/\/ejornais.com.br\/index.php\/2023\/12\/27\/prefeito-sanciona-decreto-de-incentivos-fiscais-do-programa-reviver-centro-2-prefeitura-da-cidade-do-rio-de-janeiro-prefeitura-rio\/","robots":"max-image-preview:large","keywords":"","webmasterTools":{"miscellaneous":""},"schema":{"@context":"https:\/\/schema.org","@graph":[{"@type":"BlogPosting","@id":"https:\/\/ejornais.com.br\/index.php\/2023\/12\/27\/prefeito-sanciona-decreto-de-incentivos-fiscais-do-programa-reviver-centro-2-prefeitura-da-cidade-do-rio-de-janeiro-prefeitura-rio\/#blogposting","name":"Prefeito sanciona decreto de incentivos fiscais do programa Reviver Centro 2 \u2013 Prefeitura da Cidade do Rio de Janeiro \u2013 prefeitura.rio - eJornais","headline":"Prefeito sanciona decreto de incentivos fiscais do programa Reviver Centro 2 &#8211; Prefeitura da Cidade do Rio de Janeiro &#8211; prefeitura.rio","author":{"@id":"https:\/\/ejornais.com.br\/index.php\/author\/#author"},"publisher":{"@id":"https:\/\/ejornais.com.br\/#organization"},"datePublished":"2023-12-27T23:09:53-03:00","dateModified":"2023-12-27T23:09:53-03:00","inLanguage":"pt-BR","mainEntityOfPage":{"@id":"https:\/\/ejornais.com.br\/index.php\/2023\/12\/27\/prefeito-sanciona-decreto-de-incentivos-fiscais-do-programa-reviver-centro-2-prefeitura-da-cidade-do-rio-de-janeiro-prefeitura-rio\/#webpage"},"isPartOf":{"@id":"https:\/\/ejornais.com.br\/index.php\/2023\/12\/27\/prefeito-sanciona-decreto-de-incentivos-fiscais-do-programa-reviver-centro-2-prefeitura-da-cidade-do-rio-de-janeiro-prefeitura-rio\/#webpage"},"articleSection":"NOTICIAS"},{"@type":"BreadcrumbList","@id":"https:\/\/ejornais.com.br\/index.php\/2023\/12\/27\/prefeito-sanciona-decreto-de-incentivos-fiscais-do-programa-reviver-centro-2-prefeitura-da-cidade-do-rio-de-janeiro-prefeitura-rio\/#breadcrumblist","itemListElement":[{"@type":"ListItem","@id":"https:\/\/ejornais.com.br#listItem","position":1,"name":"In\u00edcio","item":"https:\/\/ejornais.com.br","nextItem":{"@type":"ListItem","@id":"https:\/\/ejornais.com.br\/index.php\/category\/noticias\/#listItem","name":"NOTICIAS"}},{"@type":"ListItem","@id":"https:\/\/ejornais.com.br\/index.php\/category\/noticias\/#listItem","position":2,"name":"NOTICIAS","item":"https:\/\/ejornais.com.br\/index.php\/category\/noticias\/","nextItem":{"@type":"ListItem","@id":"https:\/\/ejornais.com.br\/index.php\/2023\/12\/27\/prefeito-sanciona-decreto-de-incentivos-fiscais-do-programa-reviver-centro-2-prefeitura-da-cidade-do-rio-de-janeiro-prefeitura-rio\/#listItem","name":"Prefeito sanciona decreto de incentivos fiscais do programa Reviver Centro 2 &#8211; Prefeitura da Cidade do Rio de Janeiro &#8211; prefeitura.rio"},"previousItem":{"@type":"ListItem","@id":"https:\/\/ejornais.com.br#listItem","name":"In\u00edcio"}},{"@type":"ListItem","@id":"https:\/\/ejornais.com.br\/index.php\/2023\/12\/27\/prefeito-sanciona-decreto-de-incentivos-fiscais-do-programa-reviver-centro-2-prefeitura-da-cidade-do-rio-de-janeiro-prefeitura-rio\/#listItem","position":3,"name":"Prefeito sanciona decreto de incentivos fiscais do programa Reviver Centro 2 &#8211; Prefeitura da Cidade do Rio de Janeiro &#8211; prefeitura.rio","previousItem":{"@type":"ListItem","@id":"https:\/\/ejornais.com.br\/index.php\/category\/noticias\/#listItem","name":"NOTICIAS"}}]},{"@type":"Organization","@id":"https:\/\/ejornais.com.br\/#organization","name":"eJornais","description":"Cat\u00e1logo de Jornais no mundo, Not\u00edcias, Blog e Esportes ao vivo","url":"https:\/\/ejornais.com.br\/"},{"@type":"Person","@id":"https:\/\/ejornais.com.br\/index.php\/author\/#author","url":"https:\/\/ejornais.com.br\/index.php\/author\/"},{"@type":"WebPage","@id":"https:\/\/ejornais.com.br\/index.php\/2023\/12\/27\/prefeito-sanciona-decreto-de-incentivos-fiscais-do-programa-reviver-centro-2-prefeitura-da-cidade-do-rio-de-janeiro-prefeitura-rio\/#webpage","url":"https:\/\/ejornais.com.br\/index.php\/2023\/12\/27\/prefeito-sanciona-decreto-de-incentivos-fiscais-do-programa-reviver-centro-2-prefeitura-da-cidade-do-rio-de-janeiro-prefeitura-rio\/","name":"Prefeito sanciona decreto de incentivos fiscais do programa Reviver Centro 2 \u2013 Prefeitura da Cidade do Rio de Janeiro \u2013 prefeitura.rio - eJornais","description":"O Casa Mau\u00e1 Residencial foi o primeiro empreendimento do Reviver Centro 2 a obter o Habite-se - Marcos de Paula\/Prefeitura do Rio O prefeito do Rio, Eduardo Paes, sancionou, nesta quarta-feira (27\/12), o decreto que regulamenta os benef\u00edcios fiscais do Reviver Centro 2. O evento aconteceu no Casa Mau\u00e1 Residencial, do Opportunity Imobili\u00e1rio, primeiro empreendimento","inLanguage":"pt-BR","isPartOf":{"@id":"https:\/\/ejornais.com.br\/#website"},"breadcrumb":{"@id":"https:\/\/ejornais.com.br\/index.php\/2023\/12\/27\/prefeito-sanciona-decreto-de-incentivos-fiscais-do-programa-reviver-centro-2-prefeitura-da-cidade-do-rio-de-janeiro-prefeitura-rio\/#breadcrumblist"},"author":{"@id":"https:\/\/ejornais.com.br\/index.php\/author\/#author"},"creator":{"@id":"https:\/\/ejornais.com.br\/index.php\/author\/#author"},"datePublished":"2023-12-27T23:09:53-03:00","dateModified":"2023-12-27T23:09:53-03:00"},{"@type":"WebSite","@id":"https:\/\/ejornais.com.br\/#website","url":"https:\/\/ejornais.com.br\/","name":"eJornais","description":"Cat\u00e1logo de Jornais no mundo, Not\u00edcias, Blog e Esportes ao vivo","inLanguage":"pt-BR","publisher":{"@id":"https:\/\/ejornais.com.br\/#organization"}}]},"og:locale":"pt_BR","og:site_name":"eJornais - Cat\u00e1logo de Jornais no mundo, Not\u00edcias, Blog e Esportes ao vivo","og:type":"article","og:title":"Prefeito sanciona decreto de incentivos fiscais do programa Reviver Centro 2 \u2013 Prefeitura da Cidade do Rio de Janeiro \u2013 prefeitura.rio - eJornais","og:description":"O Casa Mau\u00e1 Residencial foi o primeiro empreendimento do Reviver Centro 2 a obter o Habite-se - Marcos de Paula\/Prefeitura do Rio O prefeito do Rio, Eduardo Paes, sancionou, nesta quarta-feira (27\/12), o decreto que regulamenta os benef\u00edcios fiscais do Reviver Centro 2. O evento aconteceu no Casa Mau\u00e1 Residencial, do Opportunity Imobili\u00e1rio, primeiro empreendimento","og:url":"https:\/\/ejornais.com.br\/index.php\/2023\/12\/27\/prefeito-sanciona-decreto-de-incentivos-fiscais-do-programa-reviver-centro-2-prefeitura-da-cidade-do-rio-de-janeiro-prefeitura-rio\/","article:published_time":"2023-12-28T02:09:53+00:00","article:modified_time":"2023-12-28T02:09:53+00:00","twitter:card":"summary_large_image","twitter:title":"Prefeito sanciona decreto de incentivos fiscais do programa Reviver Centro 2 \u2013 Prefeitura da Cidade do Rio de Janeiro \u2013 prefeitura.rio - eJornais","twitter:description":"O Casa Mau\u00e1 Residencial foi o primeiro empreendimento do Reviver Centro 2 a obter o Habite-se - Marcos de Paula\/Prefeitura do Rio O prefeito do Rio, Eduardo Paes, sancionou, nesta quarta-feira (27\/12), o decreto que regulamenta os benef\u00edcios fiscais do Reviver Centro 2. O evento aconteceu no Casa Mau\u00e1 Residencial, do Opportunity Imobili\u00e1rio, primeiro empreendimento"},"aioseo_meta_data":{"post_id":"19101","title":null,"description":null,"keywords":null,"keyphrases":null,"primary_term":null,"canonical_url":null,"og_title":null,"og_description":null,"og_object_type":"default","og_image_type":"default","og_image_url":null,"og_image_width":null,"og_image_height":null,"og_image_custom_url":null,"og_image_custom_fields":null,"og_video":null,"og_custom_url":null,"og_article_section":null,"og_article_tags":null,"twitter_use_og":false,"twitter_card":"default","twitter_image_type":"default","twitter_image_url":null,"twitter_image_custom_url":null,"twitter_image_custom_fields":null,"twitter_title":null,"twitter_description":null,"schema":{"blockGraphs":[],"customGraphs":[],"default":{"data":{"Article":[],"Course":[],"Dataset":[],"FAQPage":[],"Movie":[],"Person":[],"Product":[],"ProductReview":[],"Car":[],"Recipe":[],"Service":[],"SoftwareApplication":[],"WebPage":[]},"graphName":"","isEnabled":true},"graphs":[]},"schema_type":"default","schema_type_options":null,"pillar_content":false,"robots_default":true,"robots_noindex":false,"robots_noarchive":false,"robots_nosnippet":false,"robots_nofollow":false,"robots_noimageindex":false,"robots_noodp":false,"robots_notranslate":false,"robots_max_snippet":null,"robots_max_videopreview":null,"robots_max_imagepreview":"large","priority":null,"frequency":null,"local_seo":null,"breadcrumb_settings":null,"limit_modified_date":false,"ai":null,"created":"2023-12-28 02:17:49","updated":"2025-06-05 03:35:37","seo_analyzer_scan_date":null,"focus_keyword":null,"additional_keywords":null,"truseo_locale":null},"aioseo_breadcrumb":"<div class=\"aioseo-breadcrumbs\"><span class=\"aioseo-breadcrumb\">\n\t\t\t<a href=\"https:\/\/ejornais.com.br\" title=\"In\u00edcio\">In\u00edcio<\/a>\n\t\t<\/span><span class=\"aioseo-breadcrumb-separator\">&raquo;<\/span><span class=\"aioseo-breadcrumb\">\n\t\t\t<a href=\"https:\/\/ejornais.com.br\/index.php\/category\/noticias\/\" title=\"NOTICIAS\">NOTICIAS<\/a>\n\t\t<\/span><span class=\"aioseo-breadcrumb-separator\">&raquo;<\/span><span class=\"aioseo-breadcrumb\">\n\t\t\tPrefeito sanciona decreto de incentivos fiscais do programa Reviver Centro 2 \u2013 Prefeitura da Cidade do Rio de Janeiro \u2013 prefeitura.rio\n\t\t<\/span><\/div>","aioseo_breadcrumb_json":[{"label":"In\u00edcio","link":"https:\/\/ejornais.com.br"},{"label":"NOTICIAS","link":"https:\/\/ejornais.com.br\/index.php\/category\/noticias\/"},{"label":"Prefeito sanciona decreto de incentivos fiscais do programa Reviver Centro 2 &#8211; Prefeitura da Cidade do Rio de Janeiro &#8211; prefeitura.rio","link":"https:\/\/ejornais.com.br\/index.php\/2023\/12\/27\/prefeito-sanciona-decreto-de-incentivos-fiscais-do-programa-reviver-centro-2-prefeitura-da-cidade-do-rio-de-janeiro-prefeitura-rio\/"}],"amp_enabled":true,"_links":{"self":[{"href":"https:\/\/ejornais.com.br\/index.php\/wp-json\/wp\/v2\/posts\/19101","targetHints":{"allow":["GET"]}}],"collection":[{"href":"https:\/\/ejornais.com.br\/index.php\/wp-json\/wp\/v2\/posts"}],"about":[{"href":"https:\/\/ejornais.com.br\/index.php\/wp-json\/wp\/v2\/types\/post"}],"author":[{"embeddable":true,"href":"https:\/\/ejornais.com.br\/index.php\/wp-json\/wp\/v2\/users\/1"}],"replies":[{"embeddable":true,"href":"https:\/\/ejornais.com.br\/index.php\/wp-json\/wp\/v2\/comments?post=19101"}],"version-history":[{"count":1,"href":"https:\/\/ejornais.com.br\/index.php\/wp-json\/wp\/v2\/posts\/19101\/revisions"}],"predecessor-version":[{"id":19102,"href":"https:\/\/ejornais.com.br\/index.php\/wp-json\/wp\/v2\/posts\/19101\/revisions\/19102"}],"wp:attachment":[{"href":"https:\/\/ejornais.com.br\/index.php\/wp-json\/wp\/v2\/media?parent=19101"}],"wp:term":[{"taxonomy":"category","embeddable":true,"href":"https:\/\/ejornais.com.br\/index.php\/wp-json\/wp\/v2\/categories?post=19101"},{"taxonomy":"post_tag","embeddable":true,"href":"https:\/\/ejornais.com.br\/index.php\/wp-json\/wp\/v2\/tags?post=19101"}],"curies":[{"name":"wp","href":"https:\/\/api.w.org\/{rel}","templated":true}]}}