{"id":19282,"date":"2024-01-05T03:10:07","date_gmt":"2024-01-05T06:10:07","guid":{"rendered":"https:\/\/ejornais.com.br\/?p=19282"},"modified":"2024-01-05T03:10:07","modified_gmt":"2024-01-05T06:10:07","slug":"guardas-prendem-flanelinha-que-dirigia-embriagado-em-ipanema-prefeitura-da-cidade-do-rio-de-janeiro-prefeitura-rio","status":"publish","type":"post","link":"https:\/\/ejornais.com.br\/index.php\/2024\/01\/05\/guardas-prendem-flanelinha-que-dirigia-embriagado-em-ipanema-prefeitura-da-cidade-do-rio-de-janeiro-prefeitura-rio\/","title":{"rendered":"Guardas prendem flanelinha que dirigia embriagado em Ipanema &#8211; Prefeitura da Cidade do Rio de Janeiro &#8211; prefeitura.rio"},"content":{"rendered":"\n<p>Uma equipe do Grupamento de Defesa Ambiental (GDA) prendeu em flagrante um flanelinha de 37 anos por dirigir embriagado e sem a documenta\u00e7\u00e3o do ve\u00edculo. O caso ocorreu na Rua Bulh\u00f5es de Carvalho, em Ipanema, na Zona Sul do Rio, na quarta-feira (03\/01).<\/p>\n<p>As equipes foram chamadas por um motociclista, que acusou o flanelinha de bater em sua moto enquanto manobrava o ve\u00edculo. Ao se aproximar, os agentes constataram que o motorista estava sem a documenta\u00e7\u00e3o do autom\u00f3vel e supostamente embriagado. O dono do carro chegou em seguida e pegou a chave com os agentes.<\/p>\n<p>O flanelinha foi detido e levado para a 12\u00aa DP ( Copacabana), onde ficou preso. Exame realizados no Instituto M\u00e9dico Legal (IML) constataram que ele tinha consumido \u00e1lcool.<\/p>\n<h4>Compartilhe<\/h4>\n<p>Categoria: <\/p>\n<li>4 de janeiro de 2024<\/li>\n<p> \t\t\t\t\t \t\t\t\t\t \t\t\t    \t\t\t\t \t\t\t\t\tMarca\u00e7\u00f5es: Guarda Municipal Prefeitura do Rio prefeitura do Rio de janeiro\t\t\t\t \t\t\t              \t\t\t \t\t\t\t \t\t\t\t\t\t \t\t\t\t\t\t\t<\/p>\n<h3><\/h3>\n<h3>Not\u00edcias<\/h3>\n<h4>CET-Rio monta esquema de tr\u00e2nsito para evento na Marina da Gl\u00f3ria<\/h4>\n<p>  \t\t\t\t\t  4 de janeiro de 2024                  \t\t\t                 \t\t\t\t\t  <\/p>\n<h4>Prefeitura celebra dois anos do projeto Turistando com a Comunidade levando grupo de moradores do Engenho Novo para passeio na roda-gigante<\/h4>\n<p>  \t\t\t\t\t  4 de janeiro de 2024                  \t\t\t                 \t\t\t\t\t  <\/p>\n<h4>CET-Rio divulga esquema de tr\u00e1fego para ensaios t\u00e9cnicos das escolas de samba na Sapuca\u00ed<\/h4>\n<p>  \t\t\t\t\t  4 de janeiro de 2024                  \t\t\t                 \t\t\t\t\t  <\/p>\n<h4>T\u00faneis Rebou\u00e7as, Zuzu Angel e Ac\u00fastico Rafael Mascarenhas ser\u00e3o fechados nesta quinta-feira para manuten\u00e7\u00e3o<\/h4>\n<p>  \t\t\t\t\t  4 de janeiro de 2024                  \t\t\t                 \t\t\t\t\t  <\/p>\n<h4>Com 453 desfiles de blocos, Riotur apresenta esquema operacional para Carnaval de Rua 2024<\/h4>\n<p>  \t\t\t\t\t  4 de janeiro de 2024                  \t\t\t<\/ul>\n<p>         \t                                             &lt; Voltar              <\/p>\n","protected":false},"excerpt":{"rendered":"<p>Uma equipe do Grupamento de Defesa Ambiental (GDA) prendeu em flagrante um flanelinha de 37 anos por dirigir embriagado e<\/p>\n","protected":false},"author":1,"featured_media":0,"comment_status":"closed","ping_status":"closed","sticky":false,"template":"","format":"standard","meta":{"colormag_page_container_layout":"default_layout","colormag_page_sidebar_layout":"default_layout","footnotes":""},"categories":[46],"tags":[],"class_list":["post-19282","post","type-post","status-publish","format-standard","hentry","category-noticias"],"aioseo_notices":[],"amp_enabled":true,"_links":{"self":[{"href":"https:\/\/ejornais.com.br\/index.php\/wp-json\/wp\/v2\/posts\/19282","targetHints":{"allow":["GET"]}}],"collection":[{"href":"https:\/\/ejornais.com.br\/index.php\/wp-json\/wp\/v2\/posts"}],"about":[{"href":"https:\/\/ejornais.com.br\/index.php\/wp-json\/wp\/v2\/types\/post"}],"author":[{"embeddable":true,"href":"https:\/\/ejornais.com.br\/index.php\/wp-json\/wp\/v2\/users\/1"}],"replies":[{"embeddable":true,"href":"https:\/\/ejornais.com.br\/index.php\/wp-json\/wp\/v2\/comments?post=19282"}],"version-history":[{"count":1,"href":"https:\/\/ejornais.com.br\/index.php\/wp-json\/wp\/v2\/posts\/19282\/revisions"}],"predecessor-version":[{"id":19283,"href":"https:\/\/ejornais.com.br\/index.php\/wp-json\/wp\/v2\/posts\/19282\/revisions\/19283"}],"wp:attachment":[{"href":"https:\/\/ejornais.com.br\/index.php\/wp-json\/wp\/v2\/media?parent=19282"}],"wp:term":[{"taxonomy":"category","embeddable":true,"href":"https:\/\/ejornais.com.br\/index.php\/wp-json\/wp\/v2\/categories?post=19282"},{"taxonomy":"post_tag","embeddable":true,"href":"https:\/\/ejornais.com.br\/index.php\/wp-json\/wp\/v2\/tags?post=19282"}],"curies":[{"name":"wp","href":"https:\/\/api.w.org\/{rel}","templated":true}]}}