{"id":19302,"date":"2024-01-06T00:09:56","date_gmt":"2024-01-06T03:09:56","guid":{"rendered":"https:\/\/ejornais.com.br\/?p=19302"},"modified":"2024-01-06T00:09:56","modified_gmt":"2024-01-06T03:09:56","slug":"agentes-da-seop-apreendem-menor-que-furtou-celular-em-botafogo-prefeitura-da-cidade-do-rio-de-janeiro-prefeitura-rio","status":"publish","type":"post","link":"https:\/\/ejornais.com.br\/index.php\/2024\/01\/06\/agentes-da-seop-apreendem-menor-que-furtou-celular-em-botafogo-prefeitura-da-cidade-do-rio-de-janeiro-prefeitura-rio\/","title":{"rendered":"Agentes da Seop apreendem menor que furtou celular em Botafogo &#8211; Prefeitura da Cidade do Rio de Janeiro &#8211; prefeitura.rio"},"content":{"rendered":"\n<p>Agentes da Secretaria de Ordem P\u00fablica (Seop) realizavam uma a\u00e7\u00e3o de patrulhamento, desobstru\u00e7\u00e3o de \u00e1rea p\u00fablica e preven\u00e7\u00e3o ao uso de facas e armas brancas por pessoas em situa\u00e7\u00e3o de rua na noite de quinta-feira (4\/1), em Botafogo, quando ouviram populares gritando &#8220;pega ladr\u00e3o&#8221; pr\u00f3ximo \u00e0 entrada do metr\u00f4 da Rua S\u00e3o Clemente. De imediato, a equipe foi atr\u00e1s do suspeito e conseguiu det\u00ea-lo na esquina da Rua Professor Alfredo Gomes com Rua Bambina, em frente \u00e0 10\u00aa DP. Com o menor de idade foi encontrado o telefone celular da v\u00edtima. A ocorr\u00eancia foi registrada na 10\u00aa DP e depois encaminhada para a central de flagrantes na 12\u00aa DP, em Copacabana.<\/p>\n<p>&#8211; Essa \u00e9 mais uma pris\u00e3o realizada pela Secretaria de Ordem P\u00fablica no aux\u00edlio ao trabalho de seguran\u00e7a p\u00fablica realizado pelas pol\u00edcias Militar e Civil. Temos o foco no ordenamento da cidade, mas tamb\u00e9m trabalhamos na preven\u00e7\u00e3o aos crimes como o furto, vandalismo e na apreens\u00e3o de facas e materiais perfurocortantes. Somente no ano de 2023 foram 3.568 objetos apreendidos nas opera\u00e7\u00f5es, al\u00e9m de 19 r\u00e9plicas de armas de fogo, o que certamente coibiu in\u00fameros crimes &#8211; destacou o secret\u00e1rio de Ordem P\u00fablica, Brenno Carnevale.<\/p>\n<p>Al\u00e9m dos agentes da Seop, tamb\u00e9m atuam nesse trabalho de preven\u00e7\u00e3o e combate aos crimes as equipes da Guarda Municipal, Rio+Seguro e BRT Seguro.<\/p>\n<h4>Compartilhe<\/h4>\n<p>Categoria: <\/p>\n<li>5 de janeiro de 2024<\/li>\n<p> \t\t\t\t\t \t\t\t\t\t \t\t\t    \t\t\t\t \t\t\t\t\tMarca\u00e7\u00f5es: apreens\u00e3o Botafogo furto\t\t\t\t \t\t\t              \t\t\t \t\t\t\t \t\t\t\t\t\t \t\t\t\t\t\t\t<\/p>\n<h3><\/h3>\n<h3>Not\u00edcias<\/h3>\n<h4>Comlurb e Secretaria de Educa\u00e7\u00e3o iniciam parceria no projeto Escola de F\u00e9rias<\/h4>\n<p>  \t\t\t\t\t  5 de janeiro de 2024                  \t\t\t                 \t\t\t\t\t  <\/p>\n<h4>Viaduto Prefeito Alim Pedro, em Campo Grande, ter\u00e1 interdi\u00e7\u00e3o parcial para obras do anel vi\u00e1rio<\/h4>\n<p>  \t\t\t\t\t  5 de janeiro de 2024                  \t\t\t                 \t\t\t\t\t  <\/p>\n<h4>Prefeitura inicia o uso in\u00e9dito de drones semeadores para reflorestamento<\/h4>\n<p>  \t\t\t\t\t  5 de janeiro de 2024                  \t\t\t                 \t\t\t\t\t  <\/p>\n<h4>Carnaval 2024: Comlurb prepara esquema de limpeza para in\u00edcio dos ensaios t\u00e9cnicos no fim de semana<\/h4>\n<p>  \t\t\t\t\t  5 de janeiro de 2024                  \t\t\t                 \t\t\t\t\t  <\/p>\n<h4>Elevado Presidente Itamar Franco ser\u00e1 fechado para manuten\u00e7\u00e3o de rotina<\/h4>\n<p>  \t\t\t\t\t  5 de janeiro de 2024                  \t\t\t<\/ul>\n<p>         \t                                             &lt; Voltar              <\/p>\n","protected":false},"excerpt":{"rendered":"<p>Agentes da Secretaria de Ordem P\u00fablica (Seop) realizavam uma a\u00e7\u00e3o de patrulhamento, desobstru\u00e7\u00e3o de \u00e1rea p\u00fablica e preven\u00e7\u00e3o ao uso<\/p>\n","protected":false},"author":1,"featured_media":0,"comment_status":"closed","ping_status":"closed","sticky":false,"template":"","format":"standard","meta":{"colormag_page_container_layout":"default_layout","colormag_page_sidebar_layout":"default_layout","footnotes":""},"categories":[46],"tags":[],"class_list":["post-19302","post","type-post","status-publish","format-standard","hentry","category-noticias"],"aioseo_notices":[],"amp_enabled":true,"_links":{"self":[{"href":"https:\/\/ejornais.com.br\/index.php\/wp-json\/wp\/v2\/posts\/19302","targetHints":{"allow":["GET"]}}],"collection":[{"href":"https:\/\/ejornais.com.br\/index.php\/wp-json\/wp\/v2\/posts"}],"about":[{"href":"https:\/\/ejornais.com.br\/index.php\/wp-json\/wp\/v2\/types\/post"}],"author":[{"embeddable":true,"href":"https:\/\/ejornais.com.br\/index.php\/wp-json\/wp\/v2\/users\/1"}],"replies":[{"embeddable":true,"href":"https:\/\/ejornais.com.br\/index.php\/wp-json\/wp\/v2\/comments?post=19302"}],"version-history":[{"count":1,"href":"https:\/\/ejornais.com.br\/index.php\/wp-json\/wp\/v2\/posts\/19302\/revisions"}],"predecessor-version":[{"id":19303,"href":"https:\/\/ejornais.com.br\/index.php\/wp-json\/wp\/v2\/posts\/19302\/revisions\/19303"}],"wp:attachment":[{"href":"https:\/\/ejornais.com.br\/index.php\/wp-json\/wp\/v2\/media?parent=19302"}],"wp:term":[{"taxonomy":"category","embeddable":true,"href":"https:\/\/ejornais.com.br\/index.php\/wp-json\/wp\/v2\/categories?post=19302"},{"taxonomy":"post_tag","embeddable":true,"href":"https:\/\/ejornais.com.br\/index.php\/wp-json\/wp\/v2\/tags?post=19302"}],"curies":[{"name":"wp","href":"https:\/\/api.w.org\/{rel}","templated":true}]}}