{"id":19954,"date":"2024-02-05T09:09:51","date_gmt":"2024-02-05T12:09:51","guid":{"rendered":"https:\/\/ejornais.com.br\/?p=19954"},"modified":"2024-02-05T09:09:51","modified_gmt":"2024-02-05T12:09:51","slug":"vasco-x-flamengo-nao-foi-penalti-camera-r3vela-que-joao-victor-toca-na-bola","status":"publish","type":"post","link":"https:\/\/ejornais.com.br\/index.php\/2024\/02\/05\/vasco-x-flamengo-nao-foi-penalti-camera-r3vela-que-joao-victor-toca-na-bola\/","title":{"rendered":"VASCO X FLAMENGO &#8211; N\u00c3O FOI P\u00caNALTI, CAMERA R3VELA QUE JO\u00c3O VICTOR TOCA NA BOLA"},"content":{"rendered":"<p>Agora que o jogo terminou, essa c\u00e2mera pega bem o toque do Jo\u00e3o Victor na bola antes do toque no Arrascaeta.<\/p>\n<p>  SIGA NOSSO CANAL DO WHATSAPP AGORA         <\/p>\n<p>Por netflamengo.com.br<\/p>\n<p>N\u00e3o tinha visto por esse \u00e2ngulo <\/p>\n<p>De fato o Jo\u00e3o Victor toca primeiro na bola<\/p>\n<p>N\u00e3o muda nada pq o p\u00eanalti n\u00e3o entrou mas fica o registro<\/p>\n<p>O VAR n\u00e3o mostrou essa imagem nenhuma vez https:\/\/t.co\/8OuPZbXiaA<\/p>\n<p>&mdash; Helder Floret \u2720 (@hfloret) February 5, 2024<\/p>\n<\/p>\n<p>       SIGA-NOS NO WHATSAPP COM MAIS NOTICIAS    &#8211;&gt;      <\/p>\n<h2>Fissura em Vegetti<\/h2>\n<p>Emiliano Diaz, durante a coletiva de imprensa, oficializou que o jogador Vegetti encontra-se enfrentando uma fissura na costela. Diaz destacou que, apesar da les\u00e3o, Vegetti est\u00e1 empenhado em superar as dificuldades f\u00edsicas, demonstrando not\u00e1vel esfor\u00e7o para continuar contribuindo em campo. A confirma\u00e7\u00e3o do treinador ressalta a determina\u00e7\u00e3o do atleta em enfrentar desafios e sua dedica\u00e7\u00e3o ao time, mesmo diante de obst\u00e1culos f\u00edsicos.<\/p>\n<p>A not\u00edcia sobre a les\u00e3o de Vegetti revela a resili\u00eancia do jogador, destacando sua vontade de contribuir para o desempenho da equipe. A fissura na costela \u00e9 um desafio consider\u00e1vel, mas a persist\u00eancia de Vegetti em participar dos jogos destaca seu comprometimento com o esporte e o desejo de ajudar sua equipe a alcan\u00e7ar o sucesso, mesmo em circunst\u00e2ncias adversas.<\/p>\n<h2>Quando Sforza chega?<\/h2>\n<p>A contrata\u00e7\u00e3o de SORFZA proveniente do Newell\u2019s Old Boys gerou grande expectativa no Brasil, mas a chegada do jogador s\u00f3 est\u00e1 prevista ap\u00f3s o t\u00e9rmino do pr\u00e9-Ol\u00edmpico, ap\u00f3s o dia 11 de fevereiro. Apesar da Argentina j\u00e1 considerar a classifica\u00e7\u00e3o como certa, a aus\u00eancia de SORFZA no meio do ano ser\u00e1 um desfalque significativo para o time. Essa not\u00edcia \u00e9 especialmente preocupante para o Vasco, que j\u00e1 enfrentou a perda de Paulinho em 2024 e teve Jair saindo lesionado no cl\u00e1ssico, adicionando mais desafios ao cen\u00e1rio esportivo do clube.<\/p>\n<p>As perspectivas para o meio do ano tornam-se desafiadoras para o Vasco, com importantes jogadores fora de cena. A torcida ter\u00e1 que aguardar ansiosamente pela chegada de SORFZA e torcer para que sua contribui\u00e7\u00e3o ajude a suprir as aus\u00eancias significativas no elenco, visando um desempenho s\u00f3lido nas competi\u00e7\u00f5es subsequentes.<\/p>\n<h2>Antecipar investimento<\/h2>\n<p>Segundo informa\u00e7\u00f5es de uma fonte confi\u00e1vel, o Vasco da Gama tomou a decis\u00e3o de antecipar medidas originalmente planejadas para julho. O consenso interno na equipe indicou a urg\u00eancia dessas a\u00e7\u00f5es, o que resultar\u00e1 em uma nova incurs\u00e3o no mercado de transfer\u00eancias, desviando-se do cronograma previamente estabelecido, com a pr\u00f3xima oportunidade de negocia\u00e7\u00e3o dispon\u00edvel apenas at\u00e9 mar\u00e7o. Essa mudan\u00e7a estrat\u00e9gica revela a determina\u00e7\u00e3o do clube em adaptar-se rapidamente \u00e0s demandas e oportunidades do cen\u00e1rio esportivo.<\/p>\n<p>Por fmrural.com.br<\/p>\n<p>A atitude proativa do Vasco demonstra a import\u00e2ncia atribu\u00edda \u00e0s decis\u00f5es de gest\u00e3o e refor\u00e7a o compromisso em manter-se competitivo. O retorno antecipado ao mercado reflete a agilidade da equipe em abordar as necessidades emergentes, garantindo que estejam bem posicionados para enfrentar os desafios e maximizar as oportunidades durante a janela de transfer\u00eancias atual.\ud83c\udf96\ufe0f| @gilmarferreira<\/p>\n<p>&nbsp;<\/p>\n<h3>Compartilhe isso:<\/h3>\n","protected":false},"excerpt":{"rendered":"<p>Agora que o jogo terminou, essa c\u00e2mera pega bem o toque do Jo\u00e3o Victor na bola antes do toque no<\/p>\n","protected":false},"author":1,"featured_media":0,"comment_status":"closed","ping_status":"closed","sticky":false,"template":"","format":"standard","meta":{"colormag_page_container_layout":"default_layout","colormag_page_sidebar_layout":"default_layout","footnotes":""},"categories":[4],"tags":[],"class_list":["post-19954","post","type-post","status-publish","format-standard","hentry","category-esportes"],"aioseo_notices":[],"amp_enabled":true,"_links":{"self":[{"href":"https:\/\/ejornais.com.br\/index.php\/wp-json\/wp\/v2\/posts\/19954","targetHints":{"allow":["GET"]}}],"collection":[{"href":"https:\/\/ejornais.com.br\/index.php\/wp-json\/wp\/v2\/posts"}],"about":[{"href":"https:\/\/ejornais.com.br\/index.php\/wp-json\/wp\/v2\/types\/post"}],"author":[{"embeddable":true,"href":"https:\/\/ejornais.com.br\/index.php\/wp-json\/wp\/v2\/users\/1"}],"replies":[{"embeddable":true,"href":"https:\/\/ejornais.com.br\/index.php\/wp-json\/wp\/v2\/comments?post=19954"}],"version-history":[{"count":1,"href":"https:\/\/ejornais.com.br\/index.php\/wp-json\/wp\/v2\/posts\/19954\/revisions"}],"predecessor-version":[{"id":19955,"href":"https:\/\/ejornais.com.br\/index.php\/wp-json\/wp\/v2\/posts\/19954\/revisions\/19955"}],"wp:attachment":[{"href":"https:\/\/ejornais.com.br\/index.php\/wp-json\/wp\/v2\/media?parent=19954"}],"wp:term":[{"taxonomy":"category","embeddable":true,"href":"https:\/\/ejornais.com.br\/index.php\/wp-json\/wp\/v2\/categories?post=19954"},{"taxonomy":"post_tag","embeddable":true,"href":"https:\/\/ejornais.com.br\/index.php\/wp-json\/wp\/v2\/tags?post=19954"}],"curies":[{"name":"wp","href":"https:\/\/api.w.org\/{rel}","templated":true}]}}