{"id":20412,"date":"2024-03-03T17:21:22","date_gmt":"2024-03-03T20:21:22","guid":{"rendered":"https:\/\/ejornais.com.br\/index.php\/2024\/03\/03\/em-meio-as-altas-temperaturas-domingo-tem-tempo-instavel-e-probabilidade-de-chuva-agencia-de-noticias-do-governo-de-mato-grosso-do-sul\/"},"modified":"2024-03-03T17:21:22","modified_gmt":"2024-03-03T20:21:22","slug":"em-meio-as-altas-temperaturas-domingo-tem-tempo-instavel-e-probabilidade-de-chuva-agencia-de-noticias-do-governo-de-mato-grosso-do-sul","status":"publish","type":"post","link":"https:\/\/ejornais.com.br\/index.php\/2024\/03\/03\/em-meio-as-altas-temperaturas-domingo-tem-tempo-instavel-e-probabilidade-de-chuva-agencia-de-noticias-do-governo-de-mato-grosso-do-sul\/","title":{"rendered":"Em meio \u00e0s altas temperaturas, domingo tem tempo inst\u00e1vel e probabilidade de chuva \u2013 Ag\u00eancia de Noticias do Governo de Mato Grosso do Sul"},"content":{"rendered":"<p><\/p>\n<div id=\"post-467313\">\n<div class=\"text-center\"><\/div>\n<div class=\"entry\">\n<p>Ap\u00f3s dias com temperaturas acima da m\u00e9dia, a previs\u00e3o do tempo deste domingo (3) indica sol, nebulosidade e probabilidade de chuvas de intensidade fraca a moderada. Localmente, podem ocorrer chuvas intensas acompanhadas de raios e rajadas de vento.<\/p>\n<p>De acordo com o Cemtec (Centro de Monitoramento do Tempo e do Clima), tais instabilidades ocorrem devido a combina\u00e7\u00e3o de calor e umidade aliada a aproxima\u00e7\u00e3o de uma frente fria oce\u00e2nica. Al\u00e9m disso, a passagem de cavados e a atua\u00e7\u00e3o de um sistema de baixa press\u00e3o atmosf\u00e9rica favorecem a forma\u00e7\u00e3o de nuvens e chuvas.<\/p>\n<p>Os term\u00f4metros em Campo Grande marcam 26\u00b0C inicialmente e chegam aos 37\u00b0C nos hor\u00e1rios mais quentes. Dourados tem m\u00ednima de 24\u00b0C e m\u00e1xima de 39\u00b0C. Nas regi\u00f5es Sul-Fronteira e Leste, as m\u00ednimas em Ponta Por\u00e3 e Anauril\u00e2ndia s\u00e3o de 25\u00b0C, com m\u00e1ximas de 36\u00b0C e 38\u00b0C, respectivamente.<\/p>\n<p>Na regi\u00e3o do Bols\u00e3o, Parana\u00edba tem 25\u00b0C pela manh\u00e3 e 38\u00b0C \u00e0 tarde, j\u00e1 Tr\u00eas Lagoas apresenta varia\u00e7\u00e3o entre 26\u00b0C e 39\u00b0C. No Norte do estado, Coxim tem m\u00ednima de 25\u00b0C e m\u00e1xima de 37\u00b0C; em Camapu\u00e3, na mesma regi\u00e3o, a m\u00ednima \u00e9 de 25\u00b0C e a m\u00e1xima de 36\u00b0C.<\/p>\n<p>No Pantanal, Corumb\u00e1 amanhece com 28\u00b0C e atinge 37\u00b0C ao longo do dia, enquanto em Aquidauana os valores variam entre 26\u00b0C e 39\u00b0C. Porto Murtinho, na regi\u00e3o Sudoeste, tem m\u00ednima de 28\u00b0C e m\u00e1xima de 39\u00b0C.<\/p>\n<div id=\"gallery-1\" class=\"gallery galleryid-467313 gallery-columns-1 gallery-size-large\">\n<figure class=\"gallery-item\">\n<div class=\"gallery-icon landscape\"><\/div>\n<\/figure><\/div>\n<p><em>Heloisa Duim, Programa de Est\u00e1gio Supervisionado<\/em><br \/><em>Foto: \u00c1lvaro Rezende<\/em><\/p>\n<\/div><\/div>\n","protected":false},"excerpt":{"rendered":"<p>Ap\u00f3s dias com temperaturas acima da m\u00e9dia, a previs\u00e3o do tempo deste domingo (3) indica sol, nebulosidade e probabilidade de<\/p>\n","protected":false},"author":1,"featured_media":0,"comment_status":"open","ping_status":"open","sticky":false,"template":"","format":"standard","meta":{"colormag_page_container_layout":"default_layout","colormag_page_sidebar_layout":"default_layout","footnotes":""},"categories":[],"tags":[],"class_list":["post-20412","post","type-post","status-publish","format-standard","hentry"],"aioseo_notices":[],"aioseo_head":"\n\t\t<!-- All in One SEO 5.0.1.1 - aioseo.com -->\n\t<meta name=\"description\" content=\"Ap\u00f3s dias com temperaturas acima da m\u00e9dia, a previs\u00e3o do tempo deste domingo (3) indica sol, nebulosidade e probabilidade de chuvas de intensidade fraca a moderada. Localmente, podem ocorrer chuvas intensas acompanhadas de raios e rajadas de vento. De acordo com o Cemtec (Centro de Monitoramento do Tempo e do Clima), tais instabilidades ocorrem devido\" \/>\n\t<meta name=\"robots\" content=\"max-image-preview:large\" \/>\n\t<link rel=\"canonical\" href=\"https:\/\/ejornais.com.br\/index.php\/2024\/03\/03\/em-meio-as-altas-temperaturas-domingo-tem-tempo-instavel-e-probabilidade-de-chuva-agencia-de-noticias-do-governo-de-mato-grosso-do-sul\/\" \/>\n\t<meta name=\"generator\" content=\"All in One SEO (AIOSEO) 5.0.1.1\" \/>\n\t\t<meta property=\"og:locale\" content=\"pt_BR\" \/>\n\t\t<meta property=\"og:site_name\" content=\"eJornais - Cat\u00e1logo de Jornais no mundo, Not\u00edcias, Blog e Esportes ao vivo\" \/>\n\t\t<meta property=\"og:type\" content=\"article\" \/>\n\t\t<meta property=\"og:title\" content=\"Em meio \u00e0s altas temperaturas, domingo tem tempo inst\u00e1vel e probabilidade de chuva \u2013 Ag\u00eancia de Noticias do Governo de Mato Grosso do Sul - eJornais\" \/>\n\t\t<meta property=\"og:description\" content=\"Ap\u00f3s dias com temperaturas acima da m\u00e9dia, a previs\u00e3o do tempo deste domingo (3) indica sol, nebulosidade e probabilidade de chuvas de intensidade fraca a moderada. Localmente, podem ocorrer chuvas intensas acompanhadas de raios e rajadas de vento. De acordo com o Cemtec (Centro de Monitoramento do Tempo e do Clima), tais instabilidades ocorrem devido\" \/>\n\t\t<meta property=\"og:url\" content=\"https:\/\/ejornais.com.br\/index.php\/2024\/03\/03\/em-meio-as-altas-temperaturas-domingo-tem-tempo-instavel-e-probabilidade-de-chuva-agencia-de-noticias-do-governo-de-mato-grosso-do-sul\/\" \/>\n\t\t<meta property=\"article:published_time\" content=\"2024-03-03T20:21:22+00:00\" \/>\n\t\t<meta property=\"article:modified_time\" content=\"2024-03-03T20:21:22+00:00\" \/>\n\t\t<meta name=\"twitter:card\" content=\"summary_large_image\" \/>\n\t\t<meta name=\"twitter:title\" content=\"Em meio \u00e0s altas temperaturas, domingo tem tempo inst\u00e1vel e probabilidade de chuva \u2013 Ag\u00eancia de Noticias do Governo de Mato Grosso do Sul - eJornais\" \/>\n\t\t<meta name=\"twitter:description\" content=\"Ap\u00f3s dias com temperaturas acima da m\u00e9dia, a previs\u00e3o do tempo deste domingo (3) indica sol, nebulosidade e probabilidade de chuvas de intensidade fraca a moderada. Localmente, podem ocorrer chuvas intensas acompanhadas de raios e rajadas de vento. De acordo com o Cemtec (Centro de Monitoramento do Tempo e do Clima), tais instabilidades ocorrem devido\" \/>\n\t\t<script type=\"application\/ld+json\" class=\"aioseo-schema\">\n\t\t\t{\"@context\":\"https:\\\/\\\/schema.org\",\"@graph\":[{\"@type\":\"BlogPosting\",\"@id\":\"https:\\\/\\\/ejornais.com.br\\\/index.php\\\/2024\\\/03\\\/03\\\/em-meio-as-altas-temperaturas-domingo-tem-tempo-instavel-e-probabilidade-de-chuva-agencia-de-noticias-do-governo-de-mato-grosso-do-sul\\\/#blogposting\",\"name\":\"Em meio \\u00e0s altas temperaturas, domingo tem tempo inst\\u00e1vel e probabilidade de chuva \\u2013 Ag\\u00eancia de Noticias do Governo de Mato Grosso do Sul - eJornais\",\"headline\":\"Em meio \\u00e0s altas temperaturas, domingo tem tempo inst\\u00e1vel e probabilidade de chuva \\u2013 Ag\\u00eancia de Noticias do Governo de Mato Grosso do Sul\",\"author\":{\"@id\":\"https:\\\/\\\/ejornais.com.br\\\/index.php\\\/author\\\/#author\"},\"publisher\":{\"@id\":\"https:\\\/\\\/ejornais.com.br\\\/#organization\"},\"datePublished\":\"2024-03-03T17:21:22-03:00\",\"dateModified\":\"2024-03-03T17:21:22-03:00\",\"inLanguage\":\"pt-BR\",\"mainEntityOfPage\":{\"@id\":\"https:\\\/\\\/ejornais.com.br\\\/index.php\\\/2024\\\/03\\\/03\\\/em-meio-as-altas-temperaturas-domingo-tem-tempo-instavel-e-probabilidade-de-chuva-agencia-de-noticias-do-governo-de-mato-grosso-do-sul\\\/#webpage\"},\"isPartOf\":{\"@id\":\"https:\\\/\\\/ejornais.com.br\\\/index.php\\\/2024\\\/03\\\/03\\\/em-meio-as-altas-temperaturas-domingo-tem-tempo-instavel-e-probabilidade-de-chuva-agencia-de-noticias-do-governo-de-mato-grosso-do-sul\\\/#webpage\"}},{\"@type\":\"BreadcrumbList\",\"@id\":\"https:\\\/\\\/ejornais.com.br\\\/index.php\\\/2024\\\/03\\\/03\\\/em-meio-as-altas-temperaturas-domingo-tem-tempo-instavel-e-probabilidade-de-chuva-agencia-de-noticias-do-governo-de-mato-grosso-do-sul\\\/#breadcrumblist\",\"itemListElement\":[{\"@type\":\"ListItem\",\"@id\":\"https:\\\/\\\/ejornais.com.br#listItem\",\"position\":1,\"name\":\"In\\u00edcio\",\"item\":\"https:\\\/\\\/ejornais.com.br\",\"nextItem\":{\"@type\":\"ListItem\",\"@id\":\"https:\\\/\\\/ejornais.com.br\\\/index.php\\\/2024\\\/03\\\/03\\\/em-meio-as-altas-temperaturas-domingo-tem-tempo-instavel-e-probabilidade-de-chuva-agencia-de-noticias-do-governo-de-mato-grosso-do-sul\\\/#listItem\",\"name\":\"Em meio \\u00e0s altas temperaturas, domingo tem tempo inst\\u00e1vel e probabilidade de chuva \\u2013 Ag\\u00eancia de Noticias do Governo de Mato Grosso do Sul\"}},{\"@type\":\"ListItem\",\"@id\":\"https:\\\/\\\/ejornais.com.br\\\/index.php\\\/2024\\\/03\\\/03\\\/em-meio-as-altas-temperaturas-domingo-tem-tempo-instavel-e-probabilidade-de-chuva-agencia-de-noticias-do-governo-de-mato-grosso-do-sul\\\/#listItem\",\"position\":2,\"name\":\"Em meio \\u00e0s altas temperaturas, domingo tem tempo inst\\u00e1vel e probabilidade de chuva \\u2013 Ag\\u00eancia de Noticias do Governo de Mato Grosso do Sul\",\"previousItem\":{\"@type\":\"ListItem\",\"@id\":\"https:\\\/\\\/ejornais.com.br#listItem\",\"name\":\"In\\u00edcio\"}}]},{\"@type\":\"Organization\",\"@id\":\"https:\\\/\\\/ejornais.com.br\\\/#organization\",\"name\":\"eJornais\",\"description\":\"Cat\\u00e1logo de Jornais no mundo, Not\\u00edcias, Blog e Esportes ao vivo\",\"url\":\"https:\\\/\\\/ejornais.com.br\\\/\"},{\"@type\":\"Person\",\"@id\":\"https:\\\/\\\/ejornais.com.br\\\/index.php\\\/author\\\/#author\",\"url\":\"https:\\\/\\\/ejornais.com.br\\\/index.php\\\/author\\\/\"},{\"@type\":\"WebPage\",\"@id\":\"https:\\\/\\\/ejornais.com.br\\\/index.php\\\/2024\\\/03\\\/03\\\/em-meio-as-altas-temperaturas-domingo-tem-tempo-instavel-e-probabilidade-de-chuva-agencia-de-noticias-do-governo-de-mato-grosso-do-sul\\\/#webpage\",\"url\":\"https:\\\/\\\/ejornais.com.br\\\/index.php\\\/2024\\\/03\\\/03\\\/em-meio-as-altas-temperaturas-domingo-tem-tempo-instavel-e-probabilidade-de-chuva-agencia-de-noticias-do-governo-de-mato-grosso-do-sul\\\/\",\"name\":\"Em meio \\u00e0s altas temperaturas, domingo tem tempo inst\\u00e1vel e probabilidade de chuva \\u2013 Ag\\u00eancia de Noticias do Governo de Mato Grosso do Sul - eJornais\",\"description\":\"Ap\\u00f3s dias com temperaturas acima da m\\u00e9dia, a previs\\u00e3o do tempo deste domingo (3) indica sol, nebulosidade e probabilidade de chuvas de intensidade fraca a moderada. Localmente, podem ocorrer chuvas intensas acompanhadas de raios e rajadas de vento. De acordo com o Cemtec (Centro de Monitoramento do Tempo e do Clima), tais instabilidades ocorrem devido\",\"inLanguage\":\"pt-BR\",\"isPartOf\":{\"@id\":\"https:\\\/\\\/ejornais.com.br\\\/#website\"},\"breadcrumb\":{\"@id\":\"https:\\\/\\\/ejornais.com.br\\\/index.php\\\/2024\\\/03\\\/03\\\/em-meio-as-altas-temperaturas-domingo-tem-tempo-instavel-e-probabilidade-de-chuva-agencia-de-noticias-do-governo-de-mato-grosso-do-sul\\\/#breadcrumblist\"},\"author\":{\"@id\":\"https:\\\/\\\/ejornais.com.br\\\/index.php\\\/author\\\/#author\"},\"creator\":{\"@id\":\"https:\\\/\\\/ejornais.com.br\\\/index.php\\\/author\\\/#author\"},\"datePublished\":\"2024-03-03T17:21:22-03:00\",\"dateModified\":\"2024-03-03T17:21:22-03:00\"},{\"@type\":\"WebSite\",\"@id\":\"https:\\\/\\\/ejornais.com.br\\\/#website\",\"url\":\"https:\\\/\\\/ejornais.com.br\\\/\",\"name\":\"eJornais\",\"description\":\"Cat\\u00e1logo de Jornais no mundo, Not\\u00edcias, Blog e Esportes ao vivo\",\"inLanguage\":\"pt-BR\",\"publisher\":{\"@id\":\"https:\\\/\\\/ejornais.com.br\\\/#organization\"}}]}\n\t\t<\/script>\n\t\t<!-- All in One SEO -->\n\n","aioseo_head_json":{"title":"Em meio \u00e0s altas temperaturas, domingo tem tempo inst\u00e1vel e probabilidade de chuva \u2013 Ag\u00eancia de Noticias do Governo de Mato Grosso do Sul - eJornais","description":"Ap\u00f3s dias com temperaturas acima da m\u00e9dia, a previs\u00e3o do tempo deste domingo (3) indica sol, nebulosidade e probabilidade de chuvas de intensidade fraca a moderada. Localmente, podem ocorrer chuvas intensas acompanhadas de raios e rajadas de vento. De acordo com o Cemtec (Centro de Monitoramento do Tempo e do Clima), tais instabilidades ocorrem devido","canonical_url":"https:\/\/ejornais.com.br\/index.php\/2024\/03\/03\/em-meio-as-altas-temperaturas-domingo-tem-tempo-instavel-e-probabilidade-de-chuva-agencia-de-noticias-do-governo-de-mato-grosso-do-sul\/","robots":"max-image-preview:large","keywords":"","webmasterTools":{"miscellaneous":""},"schema":{"@context":"https:\/\/schema.org","@graph":[{"@type":"BlogPosting","@id":"https:\/\/ejornais.com.br\/index.php\/2024\/03\/03\/em-meio-as-altas-temperaturas-domingo-tem-tempo-instavel-e-probabilidade-de-chuva-agencia-de-noticias-do-governo-de-mato-grosso-do-sul\/#blogposting","name":"Em meio \u00e0s altas temperaturas, domingo tem tempo inst\u00e1vel e probabilidade de chuva \u2013 Ag\u00eancia de Noticias do Governo de Mato Grosso do Sul - eJornais","headline":"Em meio \u00e0s altas temperaturas, domingo tem tempo inst\u00e1vel e probabilidade de chuva \u2013 Ag\u00eancia de Noticias do Governo de Mato Grosso do Sul","author":{"@id":"https:\/\/ejornais.com.br\/index.php\/author\/#author"},"publisher":{"@id":"https:\/\/ejornais.com.br\/#organization"},"datePublished":"2024-03-03T17:21:22-03:00","dateModified":"2024-03-03T17:21:22-03:00","inLanguage":"pt-BR","mainEntityOfPage":{"@id":"https:\/\/ejornais.com.br\/index.php\/2024\/03\/03\/em-meio-as-altas-temperaturas-domingo-tem-tempo-instavel-e-probabilidade-de-chuva-agencia-de-noticias-do-governo-de-mato-grosso-do-sul\/#webpage"},"isPartOf":{"@id":"https:\/\/ejornais.com.br\/index.php\/2024\/03\/03\/em-meio-as-altas-temperaturas-domingo-tem-tempo-instavel-e-probabilidade-de-chuva-agencia-de-noticias-do-governo-de-mato-grosso-do-sul\/#webpage"}},{"@type":"BreadcrumbList","@id":"https:\/\/ejornais.com.br\/index.php\/2024\/03\/03\/em-meio-as-altas-temperaturas-domingo-tem-tempo-instavel-e-probabilidade-de-chuva-agencia-de-noticias-do-governo-de-mato-grosso-do-sul\/#breadcrumblist","itemListElement":[{"@type":"ListItem","@id":"https:\/\/ejornais.com.br#listItem","position":1,"name":"In\u00edcio","item":"https:\/\/ejornais.com.br","nextItem":{"@type":"ListItem","@id":"https:\/\/ejornais.com.br\/index.php\/2024\/03\/03\/em-meio-as-altas-temperaturas-domingo-tem-tempo-instavel-e-probabilidade-de-chuva-agencia-de-noticias-do-governo-de-mato-grosso-do-sul\/#listItem","name":"Em meio \u00e0s altas temperaturas, domingo tem tempo inst\u00e1vel e probabilidade de chuva \u2013 Ag\u00eancia de Noticias do Governo de Mato Grosso do Sul"}},{"@type":"ListItem","@id":"https:\/\/ejornais.com.br\/index.php\/2024\/03\/03\/em-meio-as-altas-temperaturas-domingo-tem-tempo-instavel-e-probabilidade-de-chuva-agencia-de-noticias-do-governo-de-mato-grosso-do-sul\/#listItem","position":2,"name":"Em meio \u00e0s altas temperaturas, domingo tem tempo inst\u00e1vel e probabilidade de chuva \u2013 Ag\u00eancia de Noticias do Governo de Mato Grosso do Sul","previousItem":{"@type":"ListItem","@id":"https:\/\/ejornais.com.br#listItem","name":"In\u00edcio"}}]},{"@type":"Organization","@id":"https:\/\/ejornais.com.br\/#organization","name":"eJornais","description":"Cat\u00e1logo de Jornais no mundo, Not\u00edcias, Blog e Esportes ao vivo","url":"https:\/\/ejornais.com.br\/"},{"@type":"Person","@id":"https:\/\/ejornais.com.br\/index.php\/author\/#author","url":"https:\/\/ejornais.com.br\/index.php\/author\/"},{"@type":"WebPage","@id":"https:\/\/ejornais.com.br\/index.php\/2024\/03\/03\/em-meio-as-altas-temperaturas-domingo-tem-tempo-instavel-e-probabilidade-de-chuva-agencia-de-noticias-do-governo-de-mato-grosso-do-sul\/#webpage","url":"https:\/\/ejornais.com.br\/index.php\/2024\/03\/03\/em-meio-as-altas-temperaturas-domingo-tem-tempo-instavel-e-probabilidade-de-chuva-agencia-de-noticias-do-governo-de-mato-grosso-do-sul\/","name":"Em meio \u00e0s altas temperaturas, domingo tem tempo inst\u00e1vel e probabilidade de chuva \u2013 Ag\u00eancia de Noticias do Governo de Mato Grosso do Sul - eJornais","description":"Ap\u00f3s dias com temperaturas acima da m\u00e9dia, a previs\u00e3o do tempo deste domingo (3) indica sol, nebulosidade e probabilidade de chuvas de intensidade fraca a moderada. Localmente, podem ocorrer chuvas intensas acompanhadas de raios e rajadas de vento. De acordo com o Cemtec (Centro de Monitoramento do Tempo e do Clima), tais instabilidades ocorrem devido","inLanguage":"pt-BR","isPartOf":{"@id":"https:\/\/ejornais.com.br\/#website"},"breadcrumb":{"@id":"https:\/\/ejornais.com.br\/index.php\/2024\/03\/03\/em-meio-as-altas-temperaturas-domingo-tem-tempo-instavel-e-probabilidade-de-chuva-agencia-de-noticias-do-governo-de-mato-grosso-do-sul\/#breadcrumblist"},"author":{"@id":"https:\/\/ejornais.com.br\/index.php\/author\/#author"},"creator":{"@id":"https:\/\/ejornais.com.br\/index.php\/author\/#author"},"datePublished":"2024-03-03T17:21:22-03:00","dateModified":"2024-03-03T17:21:22-03:00"},{"@type":"WebSite","@id":"https:\/\/ejornais.com.br\/#website","url":"https:\/\/ejornais.com.br\/","name":"eJornais","description":"Cat\u00e1logo de Jornais no mundo, Not\u00edcias, Blog e Esportes ao vivo","inLanguage":"pt-BR","publisher":{"@id":"https:\/\/ejornais.com.br\/#organization"}}]},"og:locale":"pt_BR","og:site_name":"eJornais - Cat\u00e1logo de Jornais no mundo, Not\u00edcias, Blog e Esportes ao vivo","og:type":"article","og:title":"Em meio \u00e0s altas temperaturas, domingo tem tempo inst\u00e1vel e probabilidade de chuva \u2013 Ag\u00eancia de Noticias do Governo de Mato Grosso do Sul - eJornais","og:description":"Ap\u00f3s dias com temperaturas acima da m\u00e9dia, a previs\u00e3o do tempo deste domingo (3) indica sol, nebulosidade e probabilidade de chuvas de intensidade fraca a moderada. Localmente, podem ocorrer chuvas intensas acompanhadas de raios e rajadas de vento. De acordo com o Cemtec (Centro de Monitoramento do Tempo e do Clima), tais instabilidades ocorrem devido","og:url":"https:\/\/ejornais.com.br\/index.php\/2024\/03\/03\/em-meio-as-altas-temperaturas-domingo-tem-tempo-instavel-e-probabilidade-de-chuva-agencia-de-noticias-do-governo-de-mato-grosso-do-sul\/","article:published_time":"2024-03-03T20:21:22+00:00","article:modified_time":"2024-03-03T20:21:22+00:00","twitter:card":"summary_large_image","twitter:title":"Em meio \u00e0s altas temperaturas, domingo tem tempo inst\u00e1vel e probabilidade de chuva \u2013 Ag\u00eancia de Noticias do Governo de Mato Grosso do Sul - eJornais","twitter:description":"Ap\u00f3s dias com temperaturas acima da m\u00e9dia, a previs\u00e3o do tempo deste domingo (3) indica sol, nebulosidade e probabilidade de chuvas de intensidade fraca a moderada. Localmente, podem ocorrer chuvas intensas acompanhadas de raios e rajadas de vento. De acordo com o Cemtec (Centro de Monitoramento do Tempo e do Clima), tais instabilidades ocorrem devido"},"aioseo_meta_data":{"post_id":"20412","title":null,"description":null,"keywords":null,"keyphrases":null,"primary_term":null,"canonical_url":null,"og_title":null,"og_description":null,"og_object_type":"default","og_image_type":"default","og_image_url":null,"og_image_width":null,"og_image_height":null,"og_image_custom_url":null,"og_image_custom_fields":null,"og_video":null,"og_custom_url":null,"og_article_section":null,"og_article_tags":null,"twitter_use_og":false,"twitter_card":"default","twitter_image_type":"default","twitter_image_url":null,"twitter_image_custom_url":null,"twitter_image_custom_fields":null,"twitter_title":null,"twitter_description":null,"schema":{"blockGraphs":[],"customGraphs":[],"default":{"data":{"Article":[],"Course":[],"Dataset":[],"FAQPage":[],"Movie":[],"Person":[],"Product":[],"ProductReview":[],"Car":[],"Recipe":[],"Service":[],"SoftwareApplication":[],"WebPage":[]},"graphName":"","isEnabled":true},"graphs":[]},"schema_type":"default","schema_type_options":null,"pillar_content":false,"robots_default":true,"robots_noindex":false,"robots_noarchive":false,"robots_nosnippet":false,"robots_nofollow":false,"robots_noimageindex":false,"robots_noodp":false,"robots_notranslate":false,"robots_max_snippet":null,"robots_max_videopreview":null,"robots_max_imagepreview":"large","priority":null,"frequency":null,"local_seo":null,"breadcrumb_settings":null,"limit_modified_date":false,"ai":null,"created":"2024-03-03 20:22:55","updated":"2025-06-05 04:44:39","seo_analyzer_scan_date":null,"focus_keyword":null,"additional_keywords":null,"truseo_locale":null},"aioseo_breadcrumb":"<div class=\"aioseo-breadcrumbs\"><span class=\"aioseo-breadcrumb\">\n\t\t\t<a href=\"https:\/\/ejornais.com.br\" title=\"In\u00edcio\">In\u00edcio<\/a>\n\t\t<\/span><span class=\"aioseo-breadcrumb-separator\">&raquo;<\/span><span class=\"aioseo-breadcrumb\">\n\t\t\tEm meio \u00e0s altas temperaturas, domingo tem tempo inst\u00e1vel e probabilidade de chuva \u2013 Ag\u00eancia de Noticias do Governo de Mato Grosso do Sul\n\t\t<\/span><\/div>","aioseo_breadcrumb_json":[{"label":"In\u00edcio","link":"https:\/\/ejornais.com.br"},{"label":"Em meio \u00e0s altas temperaturas, domingo tem tempo inst\u00e1vel e probabilidade de chuva \u2013 Ag\u00eancia de Noticias do Governo de Mato Grosso do Sul","link":"https:\/\/ejornais.com.br\/index.php\/2024\/03\/03\/em-meio-as-altas-temperaturas-domingo-tem-tempo-instavel-e-probabilidade-de-chuva-agencia-de-noticias-do-governo-de-mato-grosso-do-sul\/"}],"amp_enabled":true,"_links":{"self":[{"href":"https:\/\/ejornais.com.br\/index.php\/wp-json\/wp\/v2\/posts\/20412","targetHints":{"allow":["GET"]}}],"collection":[{"href":"https:\/\/ejornais.com.br\/index.php\/wp-json\/wp\/v2\/posts"}],"about":[{"href":"https:\/\/ejornais.com.br\/index.php\/wp-json\/wp\/v2\/types\/post"}],"author":[{"embeddable":true,"href":"https:\/\/ejornais.com.br\/index.php\/wp-json\/wp\/v2\/users\/1"}],"replies":[{"embeddable":true,"href":"https:\/\/ejornais.com.br\/index.php\/wp-json\/wp\/v2\/comments?post=20412"}],"version-history":[{"count":0,"href":"https:\/\/ejornais.com.br\/index.php\/wp-json\/wp\/v2\/posts\/20412\/revisions"}],"wp:attachment":[{"href":"https:\/\/ejornais.com.br\/index.php\/wp-json\/wp\/v2\/media?parent=20412"}],"wp:term":[{"taxonomy":"category","embeddable":true,"href":"https:\/\/ejornais.com.br\/index.php\/wp-json\/wp\/v2\/categories?post=20412"},{"taxonomy":"post_tag","embeddable":true,"href":"https:\/\/ejornais.com.br\/index.php\/wp-json\/wp\/v2\/tags?post=20412"}],"curies":[{"name":"wp","href":"https:\/\/api.w.org\/{rel}","templated":true}]}}