{"id":21082,"date":"2024-03-12T07:11:19","date_gmt":"2024-03-12T10:11:19","guid":{"rendered":"https:\/\/ejornais.com.br\/index.php\/2024\/03\/12\/alunos-de-escolas-da-rede-municipal-de-ensino-realizam-projetos-em-homenagem-ao-dia-da-mulher-noticias\/"},"modified":"2024-03-12T07:11:19","modified_gmt":"2024-03-12T10:11:19","slug":"alunos-de-escolas-da-rede-municipal-de-ensino-realizam-projetos-em-homenagem-ao-dia-da-mulher-noticias","status":"publish","type":"post","link":"https:\/\/ejornais.com.br\/index.php\/2024\/03\/12\/alunos-de-escolas-da-rede-municipal-de-ensino-realizam-projetos-em-homenagem-ao-dia-da-mulher-noticias\/","title":{"rendered":"Alunos de escolas da rede municipal de ensino realizam projetos em homenagem ao Dia da Mulher \u2013 Noticias"},"content":{"rendered":"<p><\/p>\n<div>\n<p align=\"justify\">\n<p align=\"justify\"><em>Fotos: Sedu\/ Divulga\u00e7\u00e3o<\/em><\/p>\n<p align=\"justify\"><strong>Por: Rose Campos<\/strong><\/p>\n<p align=\"justify\">Entre as atividades realizadas pelos alunos da rede municipal de ensino voltadas ao Dia Internacional da Mulher (8 de mar\u00e7o), \u00e9 poss\u00edvel destacar os trabalhos realizados pelos alunos da E.M. \u201cLeonor Pinto Thomaz\u201d no Centro da cidade, que teve como foco a a\u00e7\u00e3o educativa denominada \u201cMulheres Inspiradoras da M\u00fasica Brasileira\u201d. Esta atividade faz parte do projeto \u201cCantando hist\u00f3rias\u201d, elaborado pelos professores da unidade, com o apoio da equipe gestora da escola, e que ser\u00e1 desenvolvido, junto aos alunos, ao longo de todo o ano de 2024.<\/p>\n<p align=\"justify\">O objetivo da a\u00e7\u00e3o foi aproveitar a primeira semana do m\u00eas de mar\u00e7o, e o pr\u00f3prio Dia Internacional da Mulher, para oportunizar aos estudantes da escola um momento diferenciado de aprendizagem, no qual eles puderam conhecer mais atentamente algumas das mulheres que fazem parte da hist\u00f3ria da m\u00fasica brasileira.<\/p>\n<p align=\"justify\">No decorrer da a\u00e7\u00e3o, os alunos aprenderam sobre alguns movimentos musicais como a MPB, a Bossa Nova, Samba e o Sertanejo Raiz, bem como aprenderam sobre algumas das grandes expoentes desses movimentos, como as cantoras Elis Regina, Gal Costa, Nara Le\u00e3o, Alcione, Beth Carvalho e Roberta Miranda, int\u00e9rpretes de diferentes estilos musicais, em variadas \u00e9pocas.<\/p>\n<p align=\"justify\">O ponto alto desta a\u00e7\u00e3o ocorreu no pr\u00f3prio dia 8, a data homenageada, quando os alunos puderam construir pain\u00e9is dedicados \u00e0s mulheres inspiradoras desses movimentos musicais e elaborar uma exposi\u00e7\u00e3o dispon\u00edvel a todos da comunidade escolar; tudo isso acompanhado pelas m\u00fasicas dessas grandes cantoras brasileiras.<\/p>\n<p align=\"justify\">Na \u00faltima sexta-feira (8) todos os alunos puderam visitar as exposi\u00e7\u00f5es feitas em cada sala de aula, conhecendo tamb\u00e9m as produ\u00e7\u00f5es dos colegas. A partir de segunda-feira (11), os pain\u00e9is ficar\u00e3o expostos no p\u00e1tio, onde os pais e respons\u00e1veis tamb\u00e9m ter\u00e3o acesso \u00e0 exposi\u00e7\u00e3o, ao longo de toda a semana.<\/p>\n<p>A Escola Municipal \u201cLeonor Pinto Thomaz\u201d atende crian\u00e7as e adolescentes do 1\u00ba ao 9\u00ba ano do Ensino Fundamental e est\u00e1 localizada na Rua XV de Novembro, n\u00ba 390, no Centro.<\/p>\n<p align=\"justify\"><b>A mulher e o autocuidado<\/b><\/p>\n<p align=\"justify\">J\u00e1, na E.M. \u201cProf. Ary de Oliveira Seabra\u201d, foi realizada uma a\u00e7\u00e3o, tamb\u00e9m em comemora\u00e7\u00e3o \u00e0 data, que envolveu as m\u00e3es e respons\u00e1veis dos alunos. Promovendo a integra\u00e7\u00e3o da escola com a comunidade, foi feita uma parceria com um instituto de beleza, o Instituto Audax, que ofereceu v\u00e1rios servi\u00e7os de beleza para esse p\u00fablico.<\/p>\n<p align=\"justify\">A iniciativa, que partiu da escola, foi imediatamente abra\u00e7ada pela empresa contatada. \u201cNosso intuito era proporcionar um momento de cuidado para as mulheres da nossa comunidade escolar, reservando um tempo para que pudessem se sentir cuidadas, pois isso interfere muito positivamente na autoestima. Essa foi tamb\u00e9m uma forma de aproximar as fam\u00edlias da escola, mostrando, ainda, que esta \u00e9 uma escola que cuida de todos\u201d, comenta a diretora da escola, Miriani Barbosa Pacheco.<\/p>\n<p align=\"justify\">Toda a a\u00e7\u00e3o foi totalmente gratuita para a comunidade. Os profissionais da Audax \u2013 Cursos Profissionalizantes permaneceram, ao longo do dia, atendendo todas as mulheres interessadas.<\/p>\n<p align=\"justify\">A propriet\u00e1ria do Instituto Audax, parceira da escola na realiza\u00e7\u00e3o dessa a\u00e7\u00e3o, Kety Paola Mendes Bettiol, destaca a import\u00e2ncia desse tipo de iniciativa, na qual quatro profissionais da \u00e1rea da beleza se uniram para proporcionar os servi\u00e7os \u00e0 comunidade escolar, oferecendo gratuitamente design de sobrancelhas, maquiagem, tran\u00e7as e corte de cabelo. \u201cEu j\u00e1 venho trabalhando com a\u00e7\u00f5es sociais como esta, junto a institui\u00e7\u00f5es e escolas, h\u00e1 alguns anos. Todos ganham com essa atividade. Os profissionais que formamos, adquirindo mais pr\u00e1tica, e o p\u00fablico atendido, que recebe todo esse carinho, o que muda muito positivamente a autoestima dessas pessoas\u201d, conclui Kety, que tamb\u00e9m participou pessoalmente da iniciativa na escola.<\/p>\n<p align=\"justify\">A E.M. \u201cProf. Ary de Oliveira Seabra\u201d est\u00e1 localizada na Rua Jo\u00e3o Granado, 45, no bairro Cajuru do Sul, e atende estudantes do 1\u00ba ao 5\u00ba ano, al\u00e9m de oferecer a modalidade Educa\u00e7\u00e3o de Jovens e Adultos (EJA), no per\u00edodo noturno.<\/p>\n<\/div>\n","protected":false},"excerpt":{"rendered":"<p>Fotos: Sedu\/ Divulga\u00e7\u00e3o Por: Rose Campos Entre as atividades realizadas pelos alunos da rede municipal de ensino voltadas ao Dia<\/p>\n","protected":false},"author":1,"featured_media":0,"comment_status":"open","ping_status":"open","sticky":false,"template":"","format":"standard","meta":{"colormag_page_container_layout":"default_layout","colormag_page_sidebar_layout":"default_layout","footnotes":""},"categories":[1],"tags":[],"class_list":["post-21082","post","type-post","status-publish","format-standard","hentry","category-ejornais"],"aioseo_notices":[],"amp_enabled":true,"_links":{"self":[{"href":"https:\/\/ejornais.com.br\/index.php\/wp-json\/wp\/v2\/posts\/21082","targetHints":{"allow":["GET"]}}],"collection":[{"href":"https:\/\/ejornais.com.br\/index.php\/wp-json\/wp\/v2\/posts"}],"about":[{"href":"https:\/\/ejornais.com.br\/index.php\/wp-json\/wp\/v2\/types\/post"}],"author":[{"embeddable":true,"href":"https:\/\/ejornais.com.br\/index.php\/wp-json\/wp\/v2\/users\/1"}],"replies":[{"embeddable":true,"href":"https:\/\/ejornais.com.br\/index.php\/wp-json\/wp\/v2\/comments?post=21082"}],"version-history":[{"count":0,"href":"https:\/\/ejornais.com.br\/index.php\/wp-json\/wp\/v2\/posts\/21082\/revisions"}],"wp:attachment":[{"href":"https:\/\/ejornais.com.br\/index.php\/wp-json\/wp\/v2\/media?parent=21082"}],"wp:term":[{"taxonomy":"category","embeddable":true,"href":"https:\/\/ejornais.com.br\/index.php\/wp-json\/wp\/v2\/categories?post=21082"},{"taxonomy":"post_tag","embeddable":true,"href":"https:\/\/ejornais.com.br\/index.php\/wp-json\/wp\/v2\/tags?post=21082"}],"curies":[{"name":"wp","href":"https:\/\/api.w.org\/{rel}","templated":true}]}}