{"id":21130,"date":"2024-03-12T19:49:01","date_gmt":"2024-03-12T22:49:01","guid":{"rendered":"https:\/\/ejornais.com.br\/index.php\/2024\/03\/12\/prefeitura-promove-acao-de-valorizacao-a-vida-com-mulheres-60-de-campo-grande-cgnoticias\/"},"modified":"2024-03-12T19:49:01","modified_gmt":"2024-03-12T22:49:01","slug":"prefeitura-promove-acao-de-valorizacao-a-vida-com-mulheres-60-de-campo-grande-cgnoticias","status":"publish","type":"post","link":"https:\/\/ejornais.com.br\/index.php\/2024\/03\/12\/prefeitura-promove-acao-de-valorizacao-a-vida-com-mulheres-60-de-campo-grande-cgnoticias\/","title":{"rendered":"Prefeitura promove a\u00e7\u00e3o de valoriza\u00e7\u00e3o a vida com mulheres 60+ de Campo Grande \u2013 CGNot\u00edcias"},"content":{"rendered":"<p><\/p>\n<div>\n<p>\u201cO valor da mulher nessa idade \u00e9 ela ter condi\u00e7\u00f5es de ser poderosa consigo mesmo, se aceitar, em princ\u00edpio, ela com seu espa\u00e7o no mundo e dizer que ela \u00e9 feliz como ela \u00e9. N\u00e3o s\u00e3o as outras pessoas que fazem a sua vida, \u00e9 voc\u00ea pr\u00f3pria. Ent\u00e3o isso da\u00ed \u00e9 o princ\u00edpio de tudo, a partir do momento que a mulher deixa de ter medo de ser ela mesma, ela j\u00e1 tem o seu valor e j\u00e1 tem o seu lugar no mundo. Como eu tenho o meu lugar no mundo e ningu\u00e9m \u00e9 igual a mim, ningu\u00e9m nunca vai ser igual a mim, porque eu sou \u00fanica\u201d.<\/p>\n<p>S\u00e3o com essas palavras que Miriam Rose Mota, de 66 anos, define o valor da mulher 60+ na atual sociedade. Professora aposentada, \u00e9 uma das mulheres que frequentam Espa\u00e7o do Fazer, que completa em 2024, oito anos de atividades, administrado pela Prefeitura de Campo Grande, por meio da Subsecretaria de Municipal de Pol\u00edticas para a Mulher (Semu).<\/p>\n<p>O ambiente se constitui como refer\u00eancia para grupos de mulheres de 60+ que buscam desenvolver habilidades manuais e de conviv\u00eancia. Na tarde, desta ter\u00e7a-feira (12), cerca de 20 mulheres do centro de atendimento tiveram uma tarde especial na sede da Subsecretaria, como homenagem ao m\u00eas dedicado \u00e0s mulheres.<\/p>\n<\/p>\n<p>\u201cO Centro do Fazer \u00e9 ambiente que contribui muito para agregar a\u00e7\u00f5es, descobertas e at\u00e9 mesmo, resgates de autoestima das mulheres com mais de 60 anos, que vivem em Campo Grande. Todas as ter\u00e7as-feiras realizamos as oficinas de artesanato, por\u00e9m hoje resolvemos fazer uma din\u00e2mica diferente com dan\u00e7a, terapia e roda de conversa que abordou o valor da vida e a import\u00e2ncia da autoestima nesse processo da vida\u201d, apontou Carla Stephanini, subsecretaria da Semu.<\/p>\n<\/p>\n<p>A primeira atividade da oficina especial desta ter\u00e7a-feira foi aula de dan\u00e7a com a professora de forr\u00f3 Michele Lima. \u201cA dan\u00e7a, s\u00f3 pelo fato de movimentar o corpo j\u00e1 ajuda bastante, pois promove o movimento f\u00edsico, a musculatura. Isso gera bem-estar, estimula o \u00e2nimo, al\u00e9m de resgatar valores afetivos. Quando voc\u00ea ouve algo que tem algum valor afetivo para voc\u00ea, \u00e9 imposs\u00edvel o corpo n\u00e3o se movimentar, ou ele n\u00e3o responder de alguma forma, n\u00e9? Mesmo que voc\u00ea n\u00e3o dan\u00e7a, a mem\u00f3ria afetiva, ela traz as sensa\u00e7\u00f5es do corpo de dar um estalo com o dedo, ou de movimentar uma m\u00e3o, um bra\u00e7o e at\u00e9 movimentar o corpo por completo\u201d, explica.<\/p>\n<\/p>\n<p>A aposentada Irma Barbosa da Silva Rojas, de 75 anos deu hoje seus primeiros passos de forr\u00f3 durante a oficina. \u201cFoi legal, eu gostei porque foi a primeira vez que participo de uma aula de dan\u00e7a. Foi um momento de muita alegria, percebi o quanto \u00e9 saud\u00e1vel dan\u00e7ar. E para n\u00f3s, mulheres com nossas idades, \u00e9 muito importante essas atividades, eu mesmo me sinto muito valorosa. Eu principalmente, porque ainda trabalho. Sou aposentada, mas eu trabalho ainda fora como diarista. E n\u00e3o tenho pregui\u00e7a. E ganhei meu dia hoje aqui\u201d.<\/p>\n<\/p>\n<p>As assistidas pela Semu ainda ganharam uma sess\u00e3o de terapia com a t\u00e9cnica da auriculoterapia, uma especialidade da acupuntura caracterizada pela utiliza\u00e7\u00e3o de pontos especificamente nas orelhas para o tratamento de sintomas comuns associados \u00e0s diferentes patologias. \u201c\u00c9 a mesma propor\u00e7\u00e3o da acupuntura no corpo, porque o corpo \u00e9 o nosso macrocosmo e a orelha \u00e9 um microcosmos do corpo. Na orelha n\u00f3s temos todos os \u00f3rg\u00e3os e v\u00edsceras do nosso corpo inteiro, \u00e9 um mapa pequeno do nosso organismo e com sementes de mostarda, aplicamos em pontos espec\u00edficos da orelha para aliviar tens\u00f5es, dores e at\u00e9 mesmo inflama\u00e7\u00f5es\u201d, explica Ros\u00e2ngela Otto Como, profissional de terapias integrativas.<\/p>\n<\/p>\n<p>Para quem dedicou quase que a vida inteira cuidando de outras pessoas como enfermeira, hoje, a aposentada Maria do Carmo Soares, 63 anos, foi quem recebeu os cuidados da terapeuta em auriculoterapia. \u201cFoi a primeira que recebi esse cuidado, essa aten\u00e7\u00e3o. Tenho dores agudas nas articula\u00e7\u00f5es, no ombro, al\u00e9m da tendinite. O m\u00eas \u00e9 dedicado a mulher, palestras, debates s\u00e3o muito importantes, mas nada como um cuidado e aten\u00e7\u00e3o, por mais simples que seja, com a nossa sa\u00fade e bem-estar. Saio daqui hoje feliz, emocionada e renovada\u201d, conclui a profissional da sa\u00fade.<\/p>\n<\/p>\n<\/div>\n<p><script async defer async defer src=\"https:\/\/connect.facebook.net\/en_US\/sdk.js?ver=1#xfbml=1&#038;version=v3.2\" id='prefeitura-campogrande-script-facebook-sdk-js'><\/script><\/p>\n","protected":false},"excerpt":{"rendered":"<p>\u201cO valor da mulher nessa idade \u00e9 ela ter condi\u00e7\u00f5es de ser poderosa consigo mesmo, se aceitar, em princ\u00edpio, ela<\/p>\n","protected":false},"author":1,"featured_media":0,"comment_status":"open","ping_status":"open","sticky":false,"template":"","format":"standard","meta":{"colormag_page_container_layout":"default_layout","colormag_page_sidebar_layout":"default_layout","footnotes":""},"categories":[],"tags":[],"class_list":["post-21130","post","type-post","status-publish","format-standard","hentry"],"aioseo_notices":[],"amp_enabled":true,"_links":{"self":[{"href":"https:\/\/ejornais.com.br\/index.php\/wp-json\/wp\/v2\/posts\/21130","targetHints":{"allow":["GET"]}}],"collection":[{"href":"https:\/\/ejornais.com.br\/index.php\/wp-json\/wp\/v2\/posts"}],"about":[{"href":"https:\/\/ejornais.com.br\/index.php\/wp-json\/wp\/v2\/types\/post"}],"author":[{"embeddable":true,"href":"https:\/\/ejornais.com.br\/index.php\/wp-json\/wp\/v2\/users\/1"}],"replies":[{"embeddable":true,"href":"https:\/\/ejornais.com.br\/index.php\/wp-json\/wp\/v2\/comments?post=21130"}],"version-history":[{"count":0,"href":"https:\/\/ejornais.com.br\/index.php\/wp-json\/wp\/v2\/posts\/21130\/revisions"}],"wp:attachment":[{"href":"https:\/\/ejornais.com.br\/index.php\/wp-json\/wp\/v2\/media?parent=21130"}],"wp:term":[{"taxonomy":"category","embeddable":true,"href":"https:\/\/ejornais.com.br\/index.php\/wp-json\/wp\/v2\/categories?post=21130"},{"taxonomy":"post_tag","embeddable":true,"href":"https:\/\/ejornais.com.br\/index.php\/wp-json\/wp\/v2\/tags?post=21130"}],"curies":[{"name":"wp","href":"https:\/\/api.w.org\/{rel}","templated":true}]}}