{"id":21198,"date":"2024-03-13T14:09:30","date_gmt":"2024-03-13T17:09:30","guid":{"rendered":"https:\/\/ejornais.com.br\/index.php\/2024\/03\/13\/cet-rio-interdita-retorno-na-avenida-dom-joao-vi-para-obras-do-novo-terminal-mato-alto-do-brt-prefeitura-da-cidade-do-rio-de-janeiro\/"},"modified":"2024-03-13T14:09:30","modified_gmt":"2024-03-13T17:09:30","slug":"cet-rio-interdita-retorno-na-avenida-dom-joao-vi-para-obras-do-novo-terminal-mato-alto-do-brt-prefeitura-da-cidade-do-rio-de-janeiro","status":"publish","type":"post","link":"https:\/\/ejornais.com.br\/index.php\/2024\/03\/13\/cet-rio-interdita-retorno-na-avenida-dom-joao-vi-para-obras-do-novo-terminal-mato-alto-do-brt-prefeitura-da-cidade-do-rio-de-janeiro\/","title":{"rendered":"CET-Rio interdita retorno na Avenida Dom Jo\u00e3o VI para obras do novo Terminal Mato Alto do BRT &#8211; Prefeitura da Cidade do Rio de Janeiro"},"content":{"rendered":"<p><\/p>\n<div id=\"main\">\n<div class=\"wrapper-breadcrumbs\" wp_automatic_readability=\"26.814117647059\">\n<div class=\"image-post\">\n                                       <\/div>\n<p>A CET-Rio informa que, devido a mais uma etapa das obras do novo Terminal Mato Alto, em Guaratiba, Zona Oeste da cidade, o retorno sentido Santa Cruz, existente na Avenida Dom Jo\u00e3o VI, ser\u00e1 interditado nesta quinta-feira (14\/3), das 10h \u00e0s 13h.\u00a0Por conta disso, motoristas que necessitarem mudar o trajeto do sentido Recreio para Santa Cruz, durante o per\u00edodo da interdi\u00e7\u00e3o, ter\u00e3o como op\u00e7\u00e3o utilizar o retorno localizado na altura da esta\u00e7\u00e3o do BRT CTEX.<\/p>\n<p>Com o objetivo de garantir a seguran\u00e7a vi\u00e1ria, manter as boas condi\u00e7\u00f5es e fluidez do tr\u00e2nsito, as equipes da CET-Rio com picapes, reboques e motocicletas estar\u00e3o no local para acompanhar a interdi\u00e7\u00e3o quanto a eventuais impactos.<\/p>\n<p><strong>Recomenda\u00e7\u00f5es importantes<\/strong><\/p>\n<p>\u2013 Para a seguran\u00e7a de todos, pedestres s\u00f3 devem fazer a travessia das vias nos locais sinalizados, observando sempre as orienta\u00e7\u00f5es dos agentes de tr\u00e2nsito;<\/p>\n<p>\u2013 \u00c9 de extrema import\u00e2ncia que sejam respeitadas as orienta\u00e7\u00f5es dos agentes de tr\u00e2nsito e tamb\u00e9m toda a sinaliza\u00e7\u00e3o implantada na \u00e1rea.<\/p>\n<p>             <!-- Compartilhe ---><\/p>\n<p>\t\t\t <!-- TAGS --><\/p>\n<section class=\"category-tags\">\n<div class=\"marcacao-category\">\n<article class=\"category-post\">\n<p>Categoria: <\/p>\n<\/article>\n<li>13 de mar\u00e7o de 2024<\/li><\/div>\n<article class=\"tags\">\n\t\t\t\t\tMarca\u00e7\u00f5es: Avenida Dom Jo\u00e3o VI BRT CET-Rio Guaratiba Interdi\u00e7\u00e3o mato alto obras Retorno terminal<br \/><\/article>\n<\/section>\n<p>            <!-- Mais Not&iacute;cias --><\/p>\n<p>\t\t<!-- Conte&uacute;do SIDEBAR --><\/p><\/div>\n<\/p><\/div>\n","protected":false},"excerpt":{"rendered":"<p>A CET-Rio informa que, devido a mais uma etapa das obras do novo Terminal Mato Alto, em Guaratiba, Zona Oeste<\/p>\n","protected":false},"author":1,"featured_media":0,"comment_status":"open","ping_status":"open","sticky":false,"template":"","format":"standard","meta":{"colormag_page_container_layout":"default_layout","colormag_page_sidebar_layout":"default_layout","footnotes":""},"categories":[1],"tags":[],"class_list":["post-21198","post","type-post","status-publish","format-standard","hentry","category-ejornais"],"aioseo_notices":[],"amp_enabled":true,"_links":{"self":[{"href":"https:\/\/ejornais.com.br\/index.php\/wp-json\/wp\/v2\/posts\/21198","targetHints":{"allow":["GET"]}}],"collection":[{"href":"https:\/\/ejornais.com.br\/index.php\/wp-json\/wp\/v2\/posts"}],"about":[{"href":"https:\/\/ejornais.com.br\/index.php\/wp-json\/wp\/v2\/types\/post"}],"author":[{"embeddable":true,"href":"https:\/\/ejornais.com.br\/index.php\/wp-json\/wp\/v2\/users\/1"}],"replies":[{"embeddable":true,"href":"https:\/\/ejornais.com.br\/index.php\/wp-json\/wp\/v2\/comments?post=21198"}],"version-history":[{"count":0,"href":"https:\/\/ejornais.com.br\/index.php\/wp-json\/wp\/v2\/posts\/21198\/revisions"}],"wp:attachment":[{"href":"https:\/\/ejornais.com.br\/index.php\/wp-json\/wp\/v2\/media?parent=21198"}],"wp:term":[{"taxonomy":"category","embeddable":true,"href":"https:\/\/ejornais.com.br\/index.php\/wp-json\/wp\/v2\/categories?post=21198"},{"taxonomy":"post_tag","embeddable":true,"href":"https:\/\/ejornais.com.br\/index.php\/wp-json\/wp\/v2\/tags?post=21198"}],"curies":[{"name":"wp","href":"https:\/\/api.w.org\/{rel}","templated":true}]}}