{"id":21220,"date":"2024-03-13T19:47:55","date_gmt":"2024-03-13T22:47:55","guid":{"rendered":"https:\/\/ejornais.com.br\/index.php\/2024\/03\/13\/guarda-municipal-prende-motorista-flagrado-dirigindo-kombi-sem-placa-na-faixa-exclusiva-da-avenida-brasil-prefeitura-da-cidade-do-rio-de-janeiro\/"},"modified":"2024-03-13T19:47:55","modified_gmt":"2024-03-13T22:47:55","slug":"guarda-municipal-prende-motorista-flagrado-dirigindo-kombi-sem-placa-na-faixa-exclusiva-da-avenida-brasil-prefeitura-da-cidade-do-rio-de-janeiro","status":"publish","type":"post","link":"https:\/\/ejornais.com.br\/index.php\/2024\/03\/13\/guarda-municipal-prende-motorista-flagrado-dirigindo-kombi-sem-placa-na-faixa-exclusiva-da-avenida-brasil-prefeitura-da-cidade-do-rio-de-janeiro\/","title":{"rendered":"Guarda Municipal prende motorista flagrado dirigindo Kombi sem placa na faixa exclusiva da Avenida Brasil &#8211; Prefeitura da Cidade do Rio de Janeiro"},"content":{"rendered":"<p><\/p>\n<div id=\"main\">\n<div class=\"wrapper-breadcrumbs\" wp_automatic_readability=\"28.682303762192\">\n<div class=\"image-post\" wp_automatic_readability=\"32\">\n                     Kombi sem placa circulava na faixa exclusiva do BRT na Avenida Brasil &#8211; Divulga\u00e7\u00e3o                  <\/div>\n<p>Uma equipe do Grupamento de Guardas Motociclistas (GGM) da Guarda Municipal do Rio prendeu nesta quarta-feira (13\/03) um motorista flagrado circulando na faixa exclusiva do BRT na Avenida Brasil, sentido Centro, altura da Esta\u00e7\u00e3o de Benfica, na Zona Norte do Rio. Al\u00e9m do acesso indevido \u00e0 via, o condutor, de 32 anos, n\u00e3o possu\u00eda Carteira de Habilita\u00e7\u00e3o e se recusou a apresentar o Certificado de Licenciamento do Ve\u00edculo. Ao todo, foram geradas quatro autua\u00e7\u00f5es, que somam R$ 1.662,57.<\/p>\n<p>De acordo com as equipes que atuam na fiscaliza\u00e7\u00e3o da faixa exclusiva do BRT, o ve\u00edculo n\u00e3o possu\u00eda a placa dianteira e estava com a tampa do motor levantada para dificultar a fiscaliza\u00e7\u00e3o. Preso em flagrante, o condutor foi levado para a 19\u00aa DP (Tijuca), onde vai responder pelos crimes descritos na Lei 14.562 de 2023, que torna crime inafian\u00e7\u00e1vel dirigir ve\u00edculo em geral sem placa ou com adultera\u00e7\u00e3o de chassi. O ve\u00edculo foi apreendido e levado para a 17\u00aa DP (S\u00e3o Crist\u00f3v\u00e3o).<\/p>\n<p>Ao longo do m\u00eas de mar\u00e7o, as equipes do Grupamento de Guardas Motociclistas registraram cinco ocorr\u00eancias do tipo. Os flagrantes incluem um motociclista circulando sem a placa e outro circulando com lacre e fita isolante na placa; motorista flagrado dirigindo com duas toalhas nas placas dianteira e traseira e sem a carteira de habilita\u00e7\u00e3o, al\u00e9m dessa de hoje, que resultou em quatro infra\u00e7\u00f5es.<\/p>\n<p>             <!-- Compartilhe ---><\/p>\n<p>\t\t\t <!-- TAGS --><\/p>\n<section class=\"category-tags\">\n<article class=\"tags\">\n\t\t\t\t\tMarca\u00e7\u00f5es: Avenida Brasil Guarda Municipal Prefeitura do Rio prefeitura do Rio de janeiro<br \/><\/article>\n<\/section>\n<p>            <!-- Mais Not&iacute;cias --><\/p>\n<p>\t\t<!-- Conte&uacute;do SIDEBAR --><\/p><\/div>\n<\/p><\/div>\n","protected":false},"excerpt":{"rendered":"<p>Kombi sem placa circulava na faixa exclusiva do BRT na Avenida Brasil &#8211; Divulga\u00e7\u00e3o Uma equipe do Grupamento de Guardas<\/p>\n","protected":false},"author":1,"featured_media":0,"comment_status":"open","ping_status":"open","sticky":false,"template":"","format":"standard","meta":{"colormag_page_container_layout":"default_layout","colormag_page_sidebar_layout":"default_layout","footnotes":""},"categories":[1],"tags":[],"class_list":["post-21220","post","type-post","status-publish","format-standard","hentry","category-ejornais"],"aioseo_notices":[],"aioseo_head":"\n\t\t<!-- All in One SEO 5.0.1.1 - aioseo.com -->\n\t<meta name=\"description\" content=\"Kombi sem placa circulava na faixa exclusiva do BRT na Avenida Brasil - Divulga\u00e7\u00e3o Uma equipe do Grupamento de Guardas Motociclistas (GGM) da Guarda Municipal do Rio prendeu nesta quarta-feira (13\/03) um motorista flagrado circulando na faixa exclusiva do BRT na Avenida Brasil, sentido Centro, altura da Esta\u00e7\u00e3o de Benfica, na Zona Norte do Rio.\" \/>\n\t<meta name=\"robots\" content=\"max-image-preview:large\" \/>\n\t<link rel=\"canonical\" href=\"https:\/\/ejornais.com.br\/index.php\/2024\/03\/13\/guarda-municipal-prende-motorista-flagrado-dirigindo-kombi-sem-placa-na-faixa-exclusiva-da-avenida-brasil-prefeitura-da-cidade-do-rio-de-janeiro\/\" \/>\n\t<meta name=\"generator\" content=\"All in One SEO (AIOSEO) 5.0.1.1\" \/>\n\t\t<meta property=\"og:locale\" content=\"pt_BR\" \/>\n\t\t<meta property=\"og:site_name\" content=\"eJornais - Cat\u00e1logo de Jornais no mundo, Not\u00edcias, Blog e Esportes ao vivo\" \/>\n\t\t<meta property=\"og:type\" content=\"article\" \/>\n\t\t<meta property=\"og:title\" content=\"Guarda Municipal prende motorista flagrado dirigindo Kombi sem placa na faixa exclusiva da Avenida Brasil \u2013 Prefeitura da Cidade do Rio de Janeiro - eJornais\" \/>\n\t\t<meta property=\"og:description\" content=\"Kombi sem placa circulava na faixa exclusiva do BRT na Avenida Brasil - Divulga\u00e7\u00e3o Uma equipe do Grupamento de Guardas Motociclistas (GGM) da Guarda Municipal do Rio prendeu nesta quarta-feira (13\/03) um motorista flagrado circulando na faixa exclusiva do BRT na Avenida Brasil, sentido Centro, altura da Esta\u00e7\u00e3o de Benfica, na Zona Norte do Rio.\" \/>\n\t\t<meta property=\"og:url\" content=\"https:\/\/ejornais.com.br\/index.php\/2024\/03\/13\/guarda-municipal-prende-motorista-flagrado-dirigindo-kombi-sem-placa-na-faixa-exclusiva-da-avenida-brasil-prefeitura-da-cidade-do-rio-de-janeiro\/\" \/>\n\t\t<meta property=\"article:published_time\" content=\"2024-03-13T22:47:55+00:00\" \/>\n\t\t<meta property=\"article:modified_time\" content=\"2024-03-13T22:47:55+00:00\" \/>\n\t\t<meta name=\"twitter:card\" content=\"summary_large_image\" \/>\n\t\t<meta name=\"twitter:title\" content=\"Guarda Municipal prende motorista flagrado dirigindo Kombi sem placa na faixa exclusiva da Avenida Brasil \u2013 Prefeitura da Cidade do Rio de Janeiro - eJornais\" \/>\n\t\t<meta name=\"twitter:description\" content=\"Kombi sem placa circulava na faixa exclusiva do BRT na Avenida Brasil - Divulga\u00e7\u00e3o Uma equipe do Grupamento de Guardas Motociclistas (GGM) da Guarda Municipal do Rio prendeu nesta quarta-feira (13\/03) um motorista flagrado circulando na faixa exclusiva do BRT na Avenida Brasil, sentido Centro, altura da Esta\u00e7\u00e3o de Benfica, na Zona Norte do Rio.\" \/>\n\t\t<script type=\"application\/ld+json\" class=\"aioseo-schema\">\n\t\t\t{\"@context\":\"https:\\\/\\\/schema.org\",\"@graph\":[{\"@type\":\"BlogPosting\",\"@id\":\"https:\\\/\\\/ejornais.com.br\\\/index.php\\\/2024\\\/03\\\/13\\\/guarda-municipal-prende-motorista-flagrado-dirigindo-kombi-sem-placa-na-faixa-exclusiva-da-avenida-brasil-prefeitura-da-cidade-do-rio-de-janeiro\\\/#blogposting\",\"name\":\"Guarda Municipal prende motorista flagrado dirigindo Kombi sem placa na faixa exclusiva da Avenida Brasil \\u2013 Prefeitura da Cidade do Rio de Janeiro - eJornais\",\"headline\":\"Guarda Municipal prende motorista flagrado dirigindo Kombi sem placa na faixa exclusiva da Avenida Brasil &#8211; Prefeitura da Cidade do Rio de Janeiro\",\"author\":{\"@id\":\"https:\\\/\\\/ejornais.com.br\\\/index.php\\\/author\\\/#author\"},\"publisher\":{\"@id\":\"https:\\\/\\\/ejornais.com.br\\\/#organization\"},\"datePublished\":\"2024-03-13T19:47:55-03:00\",\"dateModified\":\"2024-03-13T19:47:55-03:00\",\"inLanguage\":\"pt-BR\",\"commentCount\":1,\"mainEntityOfPage\":{\"@id\":\"https:\\\/\\\/ejornais.com.br\\\/index.php\\\/2024\\\/03\\\/13\\\/guarda-municipal-prende-motorista-flagrado-dirigindo-kombi-sem-placa-na-faixa-exclusiva-da-avenida-brasil-prefeitura-da-cidade-do-rio-de-janeiro\\\/#webpage\"},\"isPartOf\":{\"@id\":\"https:\\\/\\\/ejornais.com.br\\\/index.php\\\/2024\\\/03\\\/13\\\/guarda-municipal-prende-motorista-flagrado-dirigindo-kombi-sem-placa-na-faixa-exclusiva-da-avenida-brasil-prefeitura-da-cidade-do-rio-de-janeiro\\\/#webpage\"},\"articleSection\":\"Cat\\u00e1logo de Jornais\"},{\"@type\":\"BreadcrumbList\",\"@id\":\"https:\\\/\\\/ejornais.com.br\\\/index.php\\\/2024\\\/03\\\/13\\\/guarda-municipal-prende-motorista-flagrado-dirigindo-kombi-sem-placa-na-faixa-exclusiva-da-avenida-brasil-prefeitura-da-cidade-do-rio-de-janeiro\\\/#breadcrumblist\",\"itemListElement\":[{\"@type\":\"ListItem\",\"@id\":\"https:\\\/\\\/ejornais.com.br#listItem\",\"position\":1,\"name\":\"In\\u00edcio\",\"item\":\"https:\\\/\\\/ejornais.com.br\",\"nextItem\":{\"@type\":\"ListItem\",\"@id\":\"https:\\\/\\\/ejornais.com.br\\\/index.php\\\/category\\\/ejornais\\\/#listItem\",\"name\":\"Cat\\u00e1logo de Jornais\"}},{\"@type\":\"ListItem\",\"@id\":\"https:\\\/\\\/ejornais.com.br\\\/index.php\\\/category\\\/ejornais\\\/#listItem\",\"position\":2,\"name\":\"Cat\\u00e1logo de Jornais\",\"item\":\"https:\\\/\\\/ejornais.com.br\\\/index.php\\\/category\\\/ejornais\\\/\",\"nextItem\":{\"@type\":\"ListItem\",\"@id\":\"https:\\\/\\\/ejornais.com.br\\\/index.php\\\/2024\\\/03\\\/13\\\/guarda-municipal-prende-motorista-flagrado-dirigindo-kombi-sem-placa-na-faixa-exclusiva-da-avenida-brasil-prefeitura-da-cidade-do-rio-de-janeiro\\\/#listItem\",\"name\":\"Guarda Municipal prende motorista flagrado dirigindo Kombi sem placa na faixa exclusiva da Avenida Brasil &#8211; Prefeitura da Cidade do Rio de Janeiro\"},\"previousItem\":{\"@type\":\"ListItem\",\"@id\":\"https:\\\/\\\/ejornais.com.br#listItem\",\"name\":\"In\\u00edcio\"}},{\"@type\":\"ListItem\",\"@id\":\"https:\\\/\\\/ejornais.com.br\\\/index.php\\\/2024\\\/03\\\/13\\\/guarda-municipal-prende-motorista-flagrado-dirigindo-kombi-sem-placa-na-faixa-exclusiva-da-avenida-brasil-prefeitura-da-cidade-do-rio-de-janeiro\\\/#listItem\",\"position\":3,\"name\":\"Guarda Municipal prende motorista flagrado dirigindo Kombi sem placa na faixa exclusiva da Avenida Brasil &#8211; Prefeitura da Cidade do Rio de Janeiro\",\"previousItem\":{\"@type\":\"ListItem\",\"@id\":\"https:\\\/\\\/ejornais.com.br\\\/index.php\\\/category\\\/ejornais\\\/#listItem\",\"name\":\"Cat\\u00e1logo de Jornais\"}}]},{\"@type\":\"Organization\",\"@id\":\"https:\\\/\\\/ejornais.com.br\\\/#organization\",\"name\":\"eJornais\",\"description\":\"Cat\\u00e1logo de Jornais no mundo, Not\\u00edcias, Blog e Esportes ao vivo\",\"url\":\"https:\\\/\\\/ejornais.com.br\\\/\"},{\"@type\":\"Person\",\"@id\":\"https:\\\/\\\/ejornais.com.br\\\/index.php\\\/author\\\/#author\",\"url\":\"https:\\\/\\\/ejornais.com.br\\\/index.php\\\/author\\\/\"},{\"@type\":\"WebPage\",\"@id\":\"https:\\\/\\\/ejornais.com.br\\\/index.php\\\/2024\\\/03\\\/13\\\/guarda-municipal-prende-motorista-flagrado-dirigindo-kombi-sem-placa-na-faixa-exclusiva-da-avenida-brasil-prefeitura-da-cidade-do-rio-de-janeiro\\\/#webpage\",\"url\":\"https:\\\/\\\/ejornais.com.br\\\/index.php\\\/2024\\\/03\\\/13\\\/guarda-municipal-prende-motorista-flagrado-dirigindo-kombi-sem-placa-na-faixa-exclusiva-da-avenida-brasil-prefeitura-da-cidade-do-rio-de-janeiro\\\/\",\"name\":\"Guarda Municipal prende motorista flagrado dirigindo Kombi sem placa na faixa exclusiva da Avenida Brasil \\u2013 Prefeitura da Cidade do Rio de Janeiro - eJornais\",\"description\":\"Kombi sem placa circulava na faixa exclusiva do BRT na Avenida Brasil - Divulga\\u00e7\\u00e3o Uma equipe do Grupamento de Guardas Motociclistas (GGM) da Guarda Municipal do Rio prendeu nesta quarta-feira (13\\\/03) um motorista flagrado circulando na faixa exclusiva do BRT na Avenida Brasil, sentido Centro, altura da Esta\\u00e7\\u00e3o de Benfica, na Zona Norte do Rio.\",\"inLanguage\":\"pt-BR\",\"isPartOf\":{\"@id\":\"https:\\\/\\\/ejornais.com.br\\\/#website\"},\"breadcrumb\":{\"@id\":\"https:\\\/\\\/ejornais.com.br\\\/index.php\\\/2024\\\/03\\\/13\\\/guarda-municipal-prende-motorista-flagrado-dirigindo-kombi-sem-placa-na-faixa-exclusiva-da-avenida-brasil-prefeitura-da-cidade-do-rio-de-janeiro\\\/#breadcrumblist\"},\"author\":{\"@id\":\"https:\\\/\\\/ejornais.com.br\\\/index.php\\\/author\\\/#author\"},\"creator\":{\"@id\":\"https:\\\/\\\/ejornais.com.br\\\/index.php\\\/author\\\/#author\"},\"datePublished\":\"2024-03-13T19:47:55-03:00\",\"dateModified\":\"2024-03-13T19:47:55-03:00\"},{\"@type\":\"WebSite\",\"@id\":\"https:\\\/\\\/ejornais.com.br\\\/#website\",\"url\":\"https:\\\/\\\/ejornais.com.br\\\/\",\"name\":\"eJornais\",\"description\":\"Cat\\u00e1logo de Jornais no mundo, Not\\u00edcias, Blog e Esportes ao vivo\",\"inLanguage\":\"pt-BR\",\"publisher\":{\"@id\":\"https:\\\/\\\/ejornais.com.br\\\/#organization\"}}]}\n\t\t<\/script>\n\t\t<!-- All in One SEO -->\n\n","aioseo_head_json":{"title":"Guarda Municipal prende motorista flagrado dirigindo Kombi sem placa na faixa exclusiva da Avenida Brasil \u2013 Prefeitura da Cidade do Rio de Janeiro - eJornais","description":"Kombi sem placa circulava na faixa exclusiva do BRT na Avenida Brasil - Divulga\u00e7\u00e3o Uma equipe do Grupamento de Guardas Motociclistas (GGM) da Guarda Municipal do Rio prendeu nesta quarta-feira (13\/03) um motorista flagrado circulando na faixa exclusiva do BRT na Avenida Brasil, sentido Centro, altura da Esta\u00e7\u00e3o de Benfica, na Zona Norte do Rio.","canonical_url":"https:\/\/ejornais.com.br\/index.php\/2024\/03\/13\/guarda-municipal-prende-motorista-flagrado-dirigindo-kombi-sem-placa-na-faixa-exclusiva-da-avenida-brasil-prefeitura-da-cidade-do-rio-de-janeiro\/","robots":"max-image-preview:large","keywords":"","webmasterTools":{"miscellaneous":""},"schema":{"@context":"https:\/\/schema.org","@graph":[{"@type":"BlogPosting","@id":"https:\/\/ejornais.com.br\/index.php\/2024\/03\/13\/guarda-municipal-prende-motorista-flagrado-dirigindo-kombi-sem-placa-na-faixa-exclusiva-da-avenida-brasil-prefeitura-da-cidade-do-rio-de-janeiro\/#blogposting","name":"Guarda Municipal prende motorista flagrado dirigindo Kombi sem placa na faixa exclusiva da Avenida Brasil \u2013 Prefeitura da Cidade do Rio de Janeiro - eJornais","headline":"Guarda Municipal prende motorista flagrado dirigindo Kombi sem placa na faixa exclusiva da Avenida Brasil &#8211; Prefeitura da Cidade do Rio de Janeiro","author":{"@id":"https:\/\/ejornais.com.br\/index.php\/author\/#author"},"publisher":{"@id":"https:\/\/ejornais.com.br\/#organization"},"datePublished":"2024-03-13T19:47:55-03:00","dateModified":"2024-03-13T19:47:55-03:00","inLanguage":"pt-BR","commentCount":1,"mainEntityOfPage":{"@id":"https:\/\/ejornais.com.br\/index.php\/2024\/03\/13\/guarda-municipal-prende-motorista-flagrado-dirigindo-kombi-sem-placa-na-faixa-exclusiva-da-avenida-brasil-prefeitura-da-cidade-do-rio-de-janeiro\/#webpage"},"isPartOf":{"@id":"https:\/\/ejornais.com.br\/index.php\/2024\/03\/13\/guarda-municipal-prende-motorista-flagrado-dirigindo-kombi-sem-placa-na-faixa-exclusiva-da-avenida-brasil-prefeitura-da-cidade-do-rio-de-janeiro\/#webpage"},"articleSection":"Cat\u00e1logo de Jornais"},{"@type":"BreadcrumbList","@id":"https:\/\/ejornais.com.br\/index.php\/2024\/03\/13\/guarda-municipal-prende-motorista-flagrado-dirigindo-kombi-sem-placa-na-faixa-exclusiva-da-avenida-brasil-prefeitura-da-cidade-do-rio-de-janeiro\/#breadcrumblist","itemListElement":[{"@type":"ListItem","@id":"https:\/\/ejornais.com.br#listItem","position":1,"name":"In\u00edcio","item":"https:\/\/ejornais.com.br","nextItem":{"@type":"ListItem","@id":"https:\/\/ejornais.com.br\/index.php\/category\/ejornais\/#listItem","name":"Cat\u00e1logo de Jornais"}},{"@type":"ListItem","@id":"https:\/\/ejornais.com.br\/index.php\/category\/ejornais\/#listItem","position":2,"name":"Cat\u00e1logo de Jornais","item":"https:\/\/ejornais.com.br\/index.php\/category\/ejornais\/","nextItem":{"@type":"ListItem","@id":"https:\/\/ejornais.com.br\/index.php\/2024\/03\/13\/guarda-municipal-prende-motorista-flagrado-dirigindo-kombi-sem-placa-na-faixa-exclusiva-da-avenida-brasil-prefeitura-da-cidade-do-rio-de-janeiro\/#listItem","name":"Guarda Municipal prende motorista flagrado dirigindo Kombi sem placa na faixa exclusiva da Avenida Brasil &#8211; Prefeitura da Cidade do Rio de Janeiro"},"previousItem":{"@type":"ListItem","@id":"https:\/\/ejornais.com.br#listItem","name":"In\u00edcio"}},{"@type":"ListItem","@id":"https:\/\/ejornais.com.br\/index.php\/2024\/03\/13\/guarda-municipal-prende-motorista-flagrado-dirigindo-kombi-sem-placa-na-faixa-exclusiva-da-avenida-brasil-prefeitura-da-cidade-do-rio-de-janeiro\/#listItem","position":3,"name":"Guarda Municipal prende motorista flagrado dirigindo Kombi sem placa na faixa exclusiva da Avenida Brasil &#8211; Prefeitura da Cidade do Rio de Janeiro","previousItem":{"@type":"ListItem","@id":"https:\/\/ejornais.com.br\/index.php\/category\/ejornais\/#listItem","name":"Cat\u00e1logo de Jornais"}}]},{"@type":"Organization","@id":"https:\/\/ejornais.com.br\/#organization","name":"eJornais","description":"Cat\u00e1logo de Jornais no mundo, Not\u00edcias, Blog e Esportes ao vivo","url":"https:\/\/ejornais.com.br\/"},{"@type":"Person","@id":"https:\/\/ejornais.com.br\/index.php\/author\/#author","url":"https:\/\/ejornais.com.br\/index.php\/author\/"},{"@type":"WebPage","@id":"https:\/\/ejornais.com.br\/index.php\/2024\/03\/13\/guarda-municipal-prende-motorista-flagrado-dirigindo-kombi-sem-placa-na-faixa-exclusiva-da-avenida-brasil-prefeitura-da-cidade-do-rio-de-janeiro\/#webpage","url":"https:\/\/ejornais.com.br\/index.php\/2024\/03\/13\/guarda-municipal-prende-motorista-flagrado-dirigindo-kombi-sem-placa-na-faixa-exclusiva-da-avenida-brasil-prefeitura-da-cidade-do-rio-de-janeiro\/","name":"Guarda Municipal prende motorista flagrado dirigindo Kombi sem placa na faixa exclusiva da Avenida Brasil \u2013 Prefeitura da Cidade do Rio de Janeiro - eJornais","description":"Kombi sem placa circulava na faixa exclusiva do BRT na Avenida Brasil - Divulga\u00e7\u00e3o Uma equipe do Grupamento de Guardas Motociclistas (GGM) da Guarda Municipal do Rio prendeu nesta quarta-feira (13\/03) um motorista flagrado circulando na faixa exclusiva do BRT na Avenida Brasil, sentido Centro, altura da Esta\u00e7\u00e3o de Benfica, na Zona Norte do Rio.","inLanguage":"pt-BR","isPartOf":{"@id":"https:\/\/ejornais.com.br\/#website"},"breadcrumb":{"@id":"https:\/\/ejornais.com.br\/index.php\/2024\/03\/13\/guarda-municipal-prende-motorista-flagrado-dirigindo-kombi-sem-placa-na-faixa-exclusiva-da-avenida-brasil-prefeitura-da-cidade-do-rio-de-janeiro\/#breadcrumblist"},"author":{"@id":"https:\/\/ejornais.com.br\/index.php\/author\/#author"},"creator":{"@id":"https:\/\/ejornais.com.br\/index.php\/author\/#author"},"datePublished":"2024-03-13T19:47:55-03:00","dateModified":"2024-03-13T19:47:55-03:00"},{"@type":"WebSite","@id":"https:\/\/ejornais.com.br\/#website","url":"https:\/\/ejornais.com.br\/","name":"eJornais","description":"Cat\u00e1logo de Jornais no mundo, Not\u00edcias, Blog e Esportes ao vivo","inLanguage":"pt-BR","publisher":{"@id":"https:\/\/ejornais.com.br\/#organization"}}]},"og:locale":"pt_BR","og:site_name":"eJornais - Cat\u00e1logo de Jornais no mundo, Not\u00edcias, Blog e Esportes ao vivo","og:type":"article","og:title":"Guarda Municipal prende motorista flagrado dirigindo Kombi sem placa na faixa exclusiva da Avenida Brasil \u2013 Prefeitura da Cidade do Rio de Janeiro - eJornais","og:description":"Kombi sem placa circulava na faixa exclusiva do BRT na Avenida Brasil - Divulga\u00e7\u00e3o Uma equipe do Grupamento de Guardas Motociclistas (GGM) da Guarda Municipal do Rio prendeu nesta quarta-feira (13\/03) um motorista flagrado circulando na faixa exclusiva do BRT na Avenida Brasil, sentido Centro, altura da Esta\u00e7\u00e3o de Benfica, na Zona Norte do Rio.","og:url":"https:\/\/ejornais.com.br\/index.php\/2024\/03\/13\/guarda-municipal-prende-motorista-flagrado-dirigindo-kombi-sem-placa-na-faixa-exclusiva-da-avenida-brasil-prefeitura-da-cidade-do-rio-de-janeiro\/","article:published_time":"2024-03-13T22:47:55+00:00","article:modified_time":"2024-03-13T22:47:55+00:00","twitter:card":"summary_large_image","twitter:title":"Guarda Municipal prende motorista flagrado dirigindo Kombi sem placa na faixa exclusiva da Avenida Brasil \u2013 Prefeitura da Cidade do Rio de Janeiro - eJornais","twitter:description":"Kombi sem placa circulava na faixa exclusiva do BRT na Avenida Brasil - Divulga\u00e7\u00e3o Uma equipe do Grupamento de Guardas Motociclistas (GGM) da Guarda Municipal do Rio prendeu nesta quarta-feira (13\/03) um motorista flagrado circulando na faixa exclusiva do BRT na Avenida Brasil, sentido Centro, altura da Esta\u00e7\u00e3o de Benfica, na Zona Norte do Rio."},"aioseo_meta_data":{"post_id":"21220","title":null,"description":null,"keywords":null,"keyphrases":null,"primary_term":null,"canonical_url":null,"og_title":null,"og_description":null,"og_object_type":"default","og_image_type":"default","og_image_url":null,"og_image_width":null,"og_image_height":null,"og_image_custom_url":null,"og_image_custom_fields":null,"og_video":null,"og_custom_url":null,"og_article_section":null,"og_article_tags":null,"twitter_use_og":false,"twitter_card":"default","twitter_image_type":"default","twitter_image_url":null,"twitter_image_custom_url":null,"twitter_image_custom_fields":null,"twitter_title":null,"twitter_description":null,"schema":{"blockGraphs":[],"customGraphs":[],"default":{"data":{"Article":[],"Course":[],"Dataset":[],"FAQPage":[],"Movie":[],"Person":[],"Product":[],"ProductReview":[],"Car":[],"Recipe":[],"Service":[],"SoftwareApplication":[],"WebPage":[]},"graphName":"","isEnabled":true},"graphs":[]},"schema_type":"default","schema_type_options":null,"pillar_content":false,"robots_default":true,"robots_noindex":false,"robots_noarchive":false,"robots_nosnippet":false,"robots_nofollow":false,"robots_noimageindex":false,"robots_noodp":false,"robots_notranslate":false,"robots_max_snippet":null,"robots_max_videopreview":null,"robots_max_imagepreview":"large","priority":null,"frequency":null,"local_seo":null,"breadcrumb_settings":null,"limit_modified_date":false,"ai":null,"created":"2024-03-13 22:49:08","updated":"2025-06-05 06:07:42","seo_analyzer_scan_date":null,"focus_keyword":null,"additional_keywords":null,"truseo_locale":null},"aioseo_breadcrumb":"<div class=\"aioseo-breadcrumbs\"><span class=\"aioseo-breadcrumb\">\n\t\t\t<a href=\"https:\/\/ejornais.com.br\" title=\"In\u00edcio\">In\u00edcio<\/a>\n\t\t<\/span><span class=\"aioseo-breadcrumb-separator\">&raquo;<\/span><span class=\"aioseo-breadcrumb\">\n\t\t\t<a href=\"https:\/\/ejornais.com.br\/index.php\/category\/ejornais\/\" title=\"Cat\u00e1logo de Jornais\">Cat\u00e1logo de Jornais<\/a>\n\t\t<\/span><span class=\"aioseo-breadcrumb-separator\">&raquo;<\/span><span class=\"aioseo-breadcrumb\">\n\t\t\tGuarda Municipal prende motorista flagrado dirigindo Kombi sem placa na faixa exclusiva da Avenida Brasil \u2013 Prefeitura da Cidade do Rio de Janeiro\n\t\t<\/span><\/div>","aioseo_breadcrumb_json":[{"label":"In\u00edcio","link":"https:\/\/ejornais.com.br"},{"label":"Cat\u00e1logo de Jornais","link":"https:\/\/ejornais.com.br\/index.php\/category\/ejornais\/"},{"label":"Guarda Municipal prende motorista flagrado dirigindo Kombi sem placa na faixa exclusiva da Avenida Brasil &#8211; Prefeitura da Cidade do Rio de Janeiro","link":"https:\/\/ejornais.com.br\/index.php\/2024\/03\/13\/guarda-municipal-prende-motorista-flagrado-dirigindo-kombi-sem-placa-na-faixa-exclusiva-da-avenida-brasil-prefeitura-da-cidade-do-rio-de-janeiro\/"}],"amp_enabled":true,"_links":{"self":[{"href":"https:\/\/ejornais.com.br\/index.php\/wp-json\/wp\/v2\/posts\/21220","targetHints":{"allow":["GET"]}}],"collection":[{"href":"https:\/\/ejornais.com.br\/index.php\/wp-json\/wp\/v2\/posts"}],"about":[{"href":"https:\/\/ejornais.com.br\/index.php\/wp-json\/wp\/v2\/types\/post"}],"author":[{"embeddable":true,"href":"https:\/\/ejornais.com.br\/index.php\/wp-json\/wp\/v2\/users\/1"}],"replies":[{"embeddable":true,"href":"https:\/\/ejornais.com.br\/index.php\/wp-json\/wp\/v2\/comments?post=21220"}],"version-history":[{"count":0,"href":"https:\/\/ejornais.com.br\/index.php\/wp-json\/wp\/v2\/posts\/21220\/revisions"}],"wp:attachment":[{"href":"https:\/\/ejornais.com.br\/index.php\/wp-json\/wp\/v2\/media?parent=21220"}],"wp:term":[{"taxonomy":"category","embeddable":true,"href":"https:\/\/ejornais.com.br\/index.php\/wp-json\/wp\/v2\/categories?post=21220"},{"taxonomy":"post_tag","embeddable":true,"href":"https:\/\/ejornais.com.br\/index.php\/wp-json\/wp\/v2\/tags?post=21220"}],"curies":[{"name":"wp","href":"https:\/\/api.w.org\/{rel}","templated":true}]}}