{"id":21279,"date":"2024-03-14T15:26:46","date_gmt":"2024-03-14T18:26:46","guid":{"rendered":"https:\/\/ejornais.com.br\/index.php\/2024\/03\/14\/controlador-geral-do-municipio-de-joao-pessoa-participa-da-49a-reuniao-tecnica-do-conaci\/"},"modified":"2024-03-14T15:26:46","modified_gmt":"2024-03-14T18:26:46","slug":"controlador-geral-do-municipio-de-joao-pessoa-participa-da-49a-reuniao-tecnica-do-conaci","status":"publish","type":"post","link":"https:\/\/ejornais.com.br\/index.php\/2024\/03\/14\/controlador-geral-do-municipio-de-joao-pessoa-participa-da-49a-reuniao-tecnica-do-conaci\/","title":{"rendered":"Controlador Geral do Munic\u00edpio de Jo\u00e3o Pessoa participa da 49\u00aa Reuni\u00e3o T\u00e9cnica do Conaci"},"content":{"rendered":"<p><\/p>\n<div>\n<p>O controlador geral do Munic\u00edpio, Diego Fabr\u00edcio Albuquerque, est\u00e1 representando a Prefeitura de Jo\u00e3o Pessoa na 49\u00aa Reuni\u00e3o T\u00e9cnica do Conselho Nacional de Controle Interno (Conaci), que acontece nesta quinta-feira (14) e sexta-feira (15), em Vila Velha, no Esp\u00edrito Santo (ES). O encontro tem como objetivo ampliar o di\u00e1logo sobre Controle Interno, Integridade e Gest\u00e3o de Risco.<\/p>\n<figure class=\"wp-block-image size-large\"><\/figure>\n<p>A palestra de abertura do evento foi comandada pela jornalista, Giuliana Morrone, que abordou o tema \u201cSustentabilidade ambiental, social e de governan\u00e7a corporativa e seus Desafios no Mundo Digital\u201d. Na sequ\u00eancia aconteceu a palestra sobre \u201cAuditoria Interna e Integridade: conex\u00f5es e aspectos pr\u00e1ticos\u201d.<\/p>\n<figure class=\"wp-block-image size-large\"><\/figure>\n<p>No per\u00edodo da tarde, os temas debatidos foram \u201cControle Preventivo e sua aplica\u00e7\u00e3o nos munic\u00edpios\u201d e \u201cLicita\u00e7\u00f5es P\u00fablicas: inova\u00e7\u00f5es nas contrata\u00e7\u00f5es\u201d. Al\u00e9m da apresenta\u00e7\u00e3o da Controladoria Geral da Uni\u00e3o e da Ag\u00eancia de Regula\u00e7\u00e3o de Servi\u00e7os P\u00fablicos do ES. O evento re\u00fane os mais de 60 membros do Conselho.<\/p>\n<figure class=\"wp-block-image size-large\"><\/figure>\n<p>O controlador geral de Jo\u00e3o Pessoa, Diego Fabr\u00edcio, destacou a import\u00e2ncia de trazer a pauta sobre sustentabilidade ambiental, social e de governan\u00e7a corporativa para o centro das discuss\u00f5es do Conaci. \u201c\u00c9 imposs\u00edvel hoje imaginar a corpora\u00e7\u00e3o, ou at\u00e9 mesmo o servi\u00e7o p\u00fablico, como algo fechado. \u00c9 necess\u00e1rio pensar tamb\u00e9m em como tratar pessoas, meio ambiente e a comunidade em geral. E na prefeitura de Jo\u00e3o Pessoa temos esse cuidado muito enraizado em nossas decis\u00f5es no dia a dia. Estamos desenvolvendo n\u00e3o s\u00f3 a cidade, mas o bem estar do povo que nela vive\u201d, declarou.<\/p>\n<p>Sobre o encontro, Fabr\u00edcio ressaltou que levar\u00e1 boas refer\u00eancias para o munic\u00edpio de Jo\u00e3o Pessoa. \u201cSempre destaco que os encontros do Conaci proporcionam interc\u00e2mbios significativos de aprendizagem. Mostrar como fazemos nosso controle interno e aprender com os colegiados \u00e9 uma oportunidade \u00edmpar. Esses frutos s\u00e3o colhidos pela popula\u00e7\u00e3o, quando trabalhamos em prol de uma gest\u00e3o que zela pelos recursos dos seus contribuintes\u201d, concluiu.<\/p>\n<p>O Conaci \u00e9 respons\u00e1vel por criar e promover sistemas de controle para a constru\u00e7\u00e3o de gest\u00f5es p\u00fablicas mais eficientes e assertivas. Al\u00e9m de discutir, conhecer e trocar experi\u00eancias, o Conaci consolida-se com o prop\u00f3sito principal de promover a necess\u00e1ria integra\u00e7\u00e3o entre todos os \u00f3rg\u00e3os respons\u00e1veis pelo controle dos gastos p\u00fablicos atuantes no Brasil, beneficiando a sociedade, o Estado e o Pa\u00eds.<\/p>\n<\/p><\/div>\n","protected":false},"excerpt":{"rendered":"<p>O controlador geral do Munic\u00edpio, Diego Fabr\u00edcio Albuquerque, est\u00e1 representando a Prefeitura de Jo\u00e3o Pessoa na 49\u00aa Reuni\u00e3o T\u00e9cnica do<\/p>\n","protected":false},"author":1,"featured_media":0,"comment_status":"open","ping_status":"open","sticky":false,"template":"","format":"standard","meta":{"colormag_page_container_layout":"default_layout","colormag_page_sidebar_layout":"default_layout","footnotes":""},"categories":[1],"tags":[],"class_list":["post-21279","post","type-post","status-publish","format-standard","hentry","category-ejornais"],"aioseo_notices":[],"amp_enabled":true,"_links":{"self":[{"href":"https:\/\/ejornais.com.br\/index.php\/wp-json\/wp\/v2\/posts\/21279","targetHints":{"allow":["GET"]}}],"collection":[{"href":"https:\/\/ejornais.com.br\/index.php\/wp-json\/wp\/v2\/posts"}],"about":[{"href":"https:\/\/ejornais.com.br\/index.php\/wp-json\/wp\/v2\/types\/post"}],"author":[{"embeddable":true,"href":"https:\/\/ejornais.com.br\/index.php\/wp-json\/wp\/v2\/users\/1"}],"replies":[{"embeddable":true,"href":"https:\/\/ejornais.com.br\/index.php\/wp-json\/wp\/v2\/comments?post=21279"}],"version-history":[{"count":0,"href":"https:\/\/ejornais.com.br\/index.php\/wp-json\/wp\/v2\/posts\/21279\/revisions"}],"wp:attachment":[{"href":"https:\/\/ejornais.com.br\/index.php\/wp-json\/wp\/v2\/media?parent=21279"}],"wp:term":[{"taxonomy":"category","embeddable":true,"href":"https:\/\/ejornais.com.br\/index.php\/wp-json\/wp\/v2\/categories?post=21279"},{"taxonomy":"post_tag","embeddable":true,"href":"https:\/\/ejornais.com.br\/index.php\/wp-json\/wp\/v2\/tags?post=21279"}],"curies":[{"name":"wp","href":"https:\/\/api.w.org\/{rel}","templated":true}]}}