{"id":21283,"date":"2024-03-14T16:08:30","date_gmt":"2024-03-14T19:08:30","guid":{"rendered":"https:\/\/ejornais.com.br\/index.php\/2024\/03\/14\/ifsp-inscreve-para-vaga-de-estagio-na-reitoria-ifsp\/"},"modified":"2024-03-14T16:08:30","modified_gmt":"2024-03-14T19:08:30","slug":"ifsp-inscreve-para-vaga-de-estagio-na-reitoria-ifsp","status":"publish","type":"post","link":"https:\/\/ejornais.com.br\/index.php\/2024\/03\/14\/ifsp-inscreve-para-vaga-de-estagio-na-reitoria-ifsp\/","title":{"rendered":"IFSP inscreve para vaga de est\u00e1gio na reitoria &#8211; IFSP"},"content":{"rendered":"<p><\/p>\n<div>\n<div class=\"subtitle\">\n<p><span data-contrast=\"auto\">Est\u00e1 sendo ofertada uma vaga na \u00e1rea administrativa, destinada a Pessoa com Defici\u00eancia (PcD)<\/span><span data-ccp-props=\"{}\">\u00a0<\/span><\/p>\n<\/div>\n<p><!-- fim .content-header-options-1 --><\/p>\n<p><span data-contrast=\"auto\">O IFSP, por meio da Coordena\u00e7\u00e3o de Forma\u00e7\u00e3o e Qualidade de Vida de Pessoal, est\u00e1 selecionando candidatos para 1 (uma) vaga de est\u00e1gio na reitoria, destinada a Pessoa com Defici\u00eancia (PcD). As inscri\u00e7\u00f5es acontecem de 15 a 30 de mar\u00e7o. <\/span><span data-ccp-props=\"{}\">\u00a0<\/span><\/p>\n<p><span data-contrast=\"auto\">Podem se candidatar, estudantes de\u00a0gradua\u00e7\u00e3o que estejam cursando o um Bacharelado em Administra\u00e7\u00e3o, Administra\u00e7\u00e3o P\u00fablica ou Gest\u00e3o de Pol\u00edticas P\u00fablicas;\u00a0ou um\u00a0Tecn\u00f3logo em Comunica\u00e7\u00e3o Institucional, Design Educacional, Gest\u00e3o de Recursos Humanos, Gest\u00e3o P\u00fablica, Marketing ou Processos Gerenciais. Tamb\u00e9m est\u00e3o aptos a concorrer \u00e0 vaga alunos de\u00a0P\u00f3s-gradua\u00e7\u00e3o em Design Instrucional, Design Educacional, Inform\u00e1tica na Educa\u00e7\u00e3o, Marketing ou Marketing Digital.<\/span><span data-ccp-props=\"{}\">\u00a0<\/span><\/p>\n<p><span data-contrast=\"auto\">Os interessados devem enviar e-mail com a documenta\u00e7\u00e3o exigida no<\/span><b><span data-contrast=\"auto\"> item 3.5 <\/span><\/b><span data-contrast=\"auto\">do Edital para o endere\u00e7o eletr\u00f4nico: <\/span><!-- This email address is being protected from spambots. --><span data-contrast=\"none\"><span class=\"cloaked_email ep_cc459f3c\"><span data-ep-a4c52=\"esta\" data-ep-ba576=\".br\"><span data-ep-a4c52=\"gio.\" data-ep-ba576=\".edu\"><span data-ep-a4c52=\"dgp@\" data-ep-ba576=\"ifsp\"\/><\/span><\/span><\/span><\/span><span class=\"cloaked_email ep_ae932462\" style=\"display:none;\"><span data-ep-a4c52=\"esta\" data-ep-ba576=\".br\"><span data-ep-a4c52=\"gio.\" data-ep-ba576=\".edu\"><span data-ep-a4c52=\"dgp@\" data-ep-ba576=\"ifsp\"\/><\/span><\/span><\/span><span data-contrast=\"auto\">.<\/span><span data-ccp-props=\"{}\">\u00a0<\/span><\/p>\n<p><span data-contrast=\"auto\">O estagi\u00e1rio selecionado e contratado receber\u00e1\u00a0<\/span><span data-contrast=\"auto\">bolsa-est\u00e1gio e aux\u00edlio transporte. Para conferir todos os detalhes e regras do processo seletivo, acesse o edital e demais documentos na <\/span><span data-contrast=\"none\">p\u00e1gina da sele\u00e7\u00e3o<\/span><span data-contrast=\"auto\">.<\/span><span data-ccp-props=\"{}\">\u00a0<\/span><\/p>\n<\/div>\n<p><script>(function(d, s, id) {\n  var js, fjs = d.getElementsByTagName(s)[0];\n  if (d.getElementById(id)) return;\n  js = d.createElement(s); js.id = id;\n  js.src = \"\/\/connect.facebook.net\/pt_BR\/all.js#xfbml=1&appId=509544779073047\";\n  fjs.parentNode.insertBefore(js, fjs);\n }(document, 'script', 'facebook-jssdk'));<\/script><\/p>\n","protected":false},"excerpt":{"rendered":"<p>Est\u00e1 sendo ofertada uma vaga na \u00e1rea administrativa, destinada a Pessoa com Defici\u00eancia (PcD)\u00a0 O IFSP, por meio da Coordena\u00e7\u00e3o<\/p>\n","protected":false},"author":1,"featured_media":0,"comment_status":"open","ping_status":"open","sticky":false,"template":"","format":"standard","meta":{"colormag_page_container_layout":"default_layout","colormag_page_sidebar_layout":"default_layout","footnotes":""},"categories":[1],"tags":[],"class_list":["post-21283","post","type-post","status-publish","format-standard","hentry","category-ejornais"],"aioseo_notices":[],"aioseo_head":"\n\t\t<!-- All in One SEO 5.0.1.1 - aioseo.com -->\n\t<meta name=\"description\" content=\"Est\u00e1 sendo ofertada uma vaga na \u00e1rea administrativa, destinada a Pessoa com Defici\u00eancia (PcD) O IFSP, por meio da Coordena\u00e7\u00e3o de Forma\u00e7\u00e3o e Qualidade de Vida de Pessoal, est\u00e1 selecionando candidatos para 1 (uma) vaga de est\u00e1gio na reitoria, destinada a Pessoa com Defici\u00eancia (PcD). As inscri\u00e7\u00f5es acontecem de 15 a 30 de mar\u00e7o.\" \/>\n\t<meta name=\"robots\" content=\"max-image-preview:large\" \/>\n\t<link rel=\"canonical\" href=\"https:\/\/ejornais.com.br\/index.php\/2024\/03\/14\/ifsp-inscreve-para-vaga-de-estagio-na-reitoria-ifsp\/\" \/>\n\t<meta name=\"generator\" content=\"All in One SEO (AIOSEO) 5.0.1.1\" \/>\n\t\t<meta property=\"og:locale\" content=\"pt_BR\" \/>\n\t\t<meta property=\"og:site_name\" content=\"eJornais - Cat\u00e1logo de Jornais no mundo, Not\u00edcias, Blog e Esportes ao vivo\" \/>\n\t\t<meta property=\"og:type\" content=\"article\" \/>\n\t\t<meta property=\"og:title\" content=\"IFSP inscreve para vaga de est\u00e1gio na reitoria \u2013 IFSP - eJornais\" \/>\n\t\t<meta property=\"og:description\" content=\"Est\u00e1 sendo ofertada uma vaga na \u00e1rea administrativa, destinada a Pessoa com Defici\u00eancia (PcD) O IFSP, por meio da Coordena\u00e7\u00e3o de Forma\u00e7\u00e3o e Qualidade de Vida de Pessoal, est\u00e1 selecionando candidatos para 1 (uma) vaga de est\u00e1gio na reitoria, destinada a Pessoa com Defici\u00eancia (PcD). As inscri\u00e7\u00f5es acontecem de 15 a 30 de mar\u00e7o.\" \/>\n\t\t<meta property=\"og:url\" content=\"https:\/\/ejornais.com.br\/index.php\/2024\/03\/14\/ifsp-inscreve-para-vaga-de-estagio-na-reitoria-ifsp\/\" \/>\n\t\t<meta property=\"article:published_time\" content=\"2024-03-14T19:08:30+00:00\" \/>\n\t\t<meta property=\"article:modified_time\" content=\"2024-03-14T19:08:30+00:00\" \/>\n\t\t<meta name=\"twitter:card\" content=\"summary_large_image\" \/>\n\t\t<meta name=\"twitter:title\" content=\"IFSP inscreve para vaga de est\u00e1gio na reitoria \u2013 IFSP - eJornais\" \/>\n\t\t<meta name=\"twitter:description\" content=\"Est\u00e1 sendo ofertada uma vaga na \u00e1rea administrativa, destinada a Pessoa com Defici\u00eancia (PcD) O IFSP, por meio da Coordena\u00e7\u00e3o de Forma\u00e7\u00e3o e Qualidade de Vida de Pessoal, est\u00e1 selecionando candidatos para 1 (uma) vaga de est\u00e1gio na reitoria, destinada a Pessoa com Defici\u00eancia (PcD). As inscri\u00e7\u00f5es acontecem de 15 a 30 de mar\u00e7o.\" \/>\n\t\t<script type=\"application\/ld+json\" class=\"aioseo-schema\">\n\t\t\t{\"@context\":\"https:\\\/\\\/schema.org\",\"@graph\":[{\"@type\":\"BlogPosting\",\"@id\":\"https:\\\/\\\/ejornais.com.br\\\/index.php\\\/2024\\\/03\\\/14\\\/ifsp-inscreve-para-vaga-de-estagio-na-reitoria-ifsp\\\/#blogposting\",\"name\":\"IFSP inscreve para vaga de est\\u00e1gio na reitoria \\u2013 IFSP - eJornais\",\"headline\":\"IFSP inscreve para vaga de est\\u00e1gio na reitoria &#8211; IFSP\",\"author\":{\"@id\":\"https:\\\/\\\/ejornais.com.br\\\/index.php\\\/author\\\/#author\"},\"publisher\":{\"@id\":\"https:\\\/\\\/ejornais.com.br\\\/#organization\"},\"datePublished\":\"2024-03-14T16:08:30-03:00\",\"dateModified\":\"2024-03-14T16:08:30-03:00\",\"inLanguage\":\"pt-BR\",\"mainEntityOfPage\":{\"@id\":\"https:\\\/\\\/ejornais.com.br\\\/index.php\\\/2024\\\/03\\\/14\\\/ifsp-inscreve-para-vaga-de-estagio-na-reitoria-ifsp\\\/#webpage\"},\"isPartOf\":{\"@id\":\"https:\\\/\\\/ejornais.com.br\\\/index.php\\\/2024\\\/03\\\/14\\\/ifsp-inscreve-para-vaga-de-estagio-na-reitoria-ifsp\\\/#webpage\"},\"articleSection\":\"Cat\\u00e1logo de Jornais\"},{\"@type\":\"BreadcrumbList\",\"@id\":\"https:\\\/\\\/ejornais.com.br\\\/index.php\\\/2024\\\/03\\\/14\\\/ifsp-inscreve-para-vaga-de-estagio-na-reitoria-ifsp\\\/#breadcrumblist\",\"itemListElement\":[{\"@type\":\"ListItem\",\"@id\":\"https:\\\/\\\/ejornais.com.br#listItem\",\"position\":1,\"name\":\"In\\u00edcio\",\"item\":\"https:\\\/\\\/ejornais.com.br\",\"nextItem\":{\"@type\":\"ListItem\",\"@id\":\"https:\\\/\\\/ejornais.com.br\\\/index.php\\\/category\\\/ejornais\\\/#listItem\",\"name\":\"Cat\\u00e1logo de Jornais\"}},{\"@type\":\"ListItem\",\"@id\":\"https:\\\/\\\/ejornais.com.br\\\/index.php\\\/category\\\/ejornais\\\/#listItem\",\"position\":2,\"name\":\"Cat\\u00e1logo de Jornais\",\"item\":\"https:\\\/\\\/ejornais.com.br\\\/index.php\\\/category\\\/ejornais\\\/\",\"nextItem\":{\"@type\":\"ListItem\",\"@id\":\"https:\\\/\\\/ejornais.com.br\\\/index.php\\\/2024\\\/03\\\/14\\\/ifsp-inscreve-para-vaga-de-estagio-na-reitoria-ifsp\\\/#listItem\",\"name\":\"IFSP inscreve para vaga de est\\u00e1gio na reitoria &#8211; IFSP\"},\"previousItem\":{\"@type\":\"ListItem\",\"@id\":\"https:\\\/\\\/ejornais.com.br#listItem\",\"name\":\"In\\u00edcio\"}},{\"@type\":\"ListItem\",\"@id\":\"https:\\\/\\\/ejornais.com.br\\\/index.php\\\/2024\\\/03\\\/14\\\/ifsp-inscreve-para-vaga-de-estagio-na-reitoria-ifsp\\\/#listItem\",\"position\":3,\"name\":\"IFSP inscreve para vaga de est\\u00e1gio na reitoria &#8211; IFSP\",\"previousItem\":{\"@type\":\"ListItem\",\"@id\":\"https:\\\/\\\/ejornais.com.br\\\/index.php\\\/category\\\/ejornais\\\/#listItem\",\"name\":\"Cat\\u00e1logo de Jornais\"}}]},{\"@type\":\"Organization\",\"@id\":\"https:\\\/\\\/ejornais.com.br\\\/#organization\",\"name\":\"eJornais\",\"description\":\"Cat\\u00e1logo de Jornais no mundo, Not\\u00edcias, Blog e Esportes ao vivo\",\"url\":\"https:\\\/\\\/ejornais.com.br\\\/\"},{\"@type\":\"Person\",\"@id\":\"https:\\\/\\\/ejornais.com.br\\\/index.php\\\/author\\\/#author\",\"url\":\"https:\\\/\\\/ejornais.com.br\\\/index.php\\\/author\\\/\"},{\"@type\":\"WebPage\",\"@id\":\"https:\\\/\\\/ejornais.com.br\\\/index.php\\\/2024\\\/03\\\/14\\\/ifsp-inscreve-para-vaga-de-estagio-na-reitoria-ifsp\\\/#webpage\",\"url\":\"https:\\\/\\\/ejornais.com.br\\\/index.php\\\/2024\\\/03\\\/14\\\/ifsp-inscreve-para-vaga-de-estagio-na-reitoria-ifsp\\\/\",\"name\":\"IFSP inscreve para vaga de est\\u00e1gio na reitoria \\u2013 IFSP - eJornais\",\"description\":\"Est\\u00e1 sendo ofertada uma vaga na \\u00e1rea administrativa, destinada a Pessoa com Defici\\u00eancia (PcD) O IFSP, por meio da Coordena\\u00e7\\u00e3o de Forma\\u00e7\\u00e3o e Qualidade de Vida de Pessoal, est\\u00e1 selecionando candidatos para 1 (uma) vaga de est\\u00e1gio na reitoria, destinada a Pessoa com Defici\\u00eancia (PcD). As inscri\\u00e7\\u00f5es acontecem de 15 a 30 de mar\\u00e7o.\",\"inLanguage\":\"pt-BR\",\"isPartOf\":{\"@id\":\"https:\\\/\\\/ejornais.com.br\\\/#website\"},\"breadcrumb\":{\"@id\":\"https:\\\/\\\/ejornais.com.br\\\/index.php\\\/2024\\\/03\\\/14\\\/ifsp-inscreve-para-vaga-de-estagio-na-reitoria-ifsp\\\/#breadcrumblist\"},\"author\":{\"@id\":\"https:\\\/\\\/ejornais.com.br\\\/index.php\\\/author\\\/#author\"},\"creator\":{\"@id\":\"https:\\\/\\\/ejornais.com.br\\\/index.php\\\/author\\\/#author\"},\"datePublished\":\"2024-03-14T16:08:30-03:00\",\"dateModified\":\"2024-03-14T16:08:30-03:00\"},{\"@type\":\"WebSite\",\"@id\":\"https:\\\/\\\/ejornais.com.br\\\/#website\",\"url\":\"https:\\\/\\\/ejornais.com.br\\\/\",\"name\":\"eJornais\",\"description\":\"Cat\\u00e1logo de Jornais no mundo, Not\\u00edcias, Blog e Esportes ao vivo\",\"inLanguage\":\"pt-BR\",\"publisher\":{\"@id\":\"https:\\\/\\\/ejornais.com.br\\\/#organization\"}}]}\n\t\t<\/script>\n\t\t<!-- All in One SEO -->\n\n","aioseo_head_json":{"title":"IFSP inscreve para vaga de est\u00e1gio na reitoria \u2013 IFSP - eJornais","description":"Est\u00e1 sendo ofertada uma vaga na \u00e1rea administrativa, destinada a Pessoa com Defici\u00eancia (PcD) O IFSP, por meio da Coordena\u00e7\u00e3o de Forma\u00e7\u00e3o e Qualidade de Vida de Pessoal, est\u00e1 selecionando candidatos para 1 (uma) vaga de est\u00e1gio na reitoria, destinada a Pessoa com Defici\u00eancia (PcD). As inscri\u00e7\u00f5es acontecem de 15 a 30 de mar\u00e7o.","canonical_url":"https:\/\/ejornais.com.br\/index.php\/2024\/03\/14\/ifsp-inscreve-para-vaga-de-estagio-na-reitoria-ifsp\/","robots":"max-image-preview:large","keywords":"","webmasterTools":{"miscellaneous":""},"schema":{"@context":"https:\/\/schema.org","@graph":[{"@type":"BlogPosting","@id":"https:\/\/ejornais.com.br\/index.php\/2024\/03\/14\/ifsp-inscreve-para-vaga-de-estagio-na-reitoria-ifsp\/#blogposting","name":"IFSP inscreve para vaga de est\u00e1gio na reitoria \u2013 IFSP - eJornais","headline":"IFSP inscreve para vaga de est\u00e1gio na reitoria &#8211; IFSP","author":{"@id":"https:\/\/ejornais.com.br\/index.php\/author\/#author"},"publisher":{"@id":"https:\/\/ejornais.com.br\/#organization"},"datePublished":"2024-03-14T16:08:30-03:00","dateModified":"2024-03-14T16:08:30-03:00","inLanguage":"pt-BR","mainEntityOfPage":{"@id":"https:\/\/ejornais.com.br\/index.php\/2024\/03\/14\/ifsp-inscreve-para-vaga-de-estagio-na-reitoria-ifsp\/#webpage"},"isPartOf":{"@id":"https:\/\/ejornais.com.br\/index.php\/2024\/03\/14\/ifsp-inscreve-para-vaga-de-estagio-na-reitoria-ifsp\/#webpage"},"articleSection":"Cat\u00e1logo de Jornais"},{"@type":"BreadcrumbList","@id":"https:\/\/ejornais.com.br\/index.php\/2024\/03\/14\/ifsp-inscreve-para-vaga-de-estagio-na-reitoria-ifsp\/#breadcrumblist","itemListElement":[{"@type":"ListItem","@id":"https:\/\/ejornais.com.br#listItem","position":1,"name":"In\u00edcio","item":"https:\/\/ejornais.com.br","nextItem":{"@type":"ListItem","@id":"https:\/\/ejornais.com.br\/index.php\/category\/ejornais\/#listItem","name":"Cat\u00e1logo de Jornais"}},{"@type":"ListItem","@id":"https:\/\/ejornais.com.br\/index.php\/category\/ejornais\/#listItem","position":2,"name":"Cat\u00e1logo de Jornais","item":"https:\/\/ejornais.com.br\/index.php\/category\/ejornais\/","nextItem":{"@type":"ListItem","@id":"https:\/\/ejornais.com.br\/index.php\/2024\/03\/14\/ifsp-inscreve-para-vaga-de-estagio-na-reitoria-ifsp\/#listItem","name":"IFSP inscreve para vaga de est\u00e1gio na reitoria &#8211; IFSP"},"previousItem":{"@type":"ListItem","@id":"https:\/\/ejornais.com.br#listItem","name":"In\u00edcio"}},{"@type":"ListItem","@id":"https:\/\/ejornais.com.br\/index.php\/2024\/03\/14\/ifsp-inscreve-para-vaga-de-estagio-na-reitoria-ifsp\/#listItem","position":3,"name":"IFSP inscreve para vaga de est\u00e1gio na reitoria &#8211; IFSP","previousItem":{"@type":"ListItem","@id":"https:\/\/ejornais.com.br\/index.php\/category\/ejornais\/#listItem","name":"Cat\u00e1logo de Jornais"}}]},{"@type":"Organization","@id":"https:\/\/ejornais.com.br\/#organization","name":"eJornais","description":"Cat\u00e1logo de Jornais no mundo, Not\u00edcias, Blog e Esportes ao vivo","url":"https:\/\/ejornais.com.br\/"},{"@type":"Person","@id":"https:\/\/ejornais.com.br\/index.php\/author\/#author","url":"https:\/\/ejornais.com.br\/index.php\/author\/"},{"@type":"WebPage","@id":"https:\/\/ejornais.com.br\/index.php\/2024\/03\/14\/ifsp-inscreve-para-vaga-de-estagio-na-reitoria-ifsp\/#webpage","url":"https:\/\/ejornais.com.br\/index.php\/2024\/03\/14\/ifsp-inscreve-para-vaga-de-estagio-na-reitoria-ifsp\/","name":"IFSP inscreve para vaga de est\u00e1gio na reitoria \u2013 IFSP - eJornais","description":"Est\u00e1 sendo ofertada uma vaga na \u00e1rea administrativa, destinada a Pessoa com Defici\u00eancia (PcD) O IFSP, por meio da Coordena\u00e7\u00e3o de Forma\u00e7\u00e3o e Qualidade de Vida de Pessoal, est\u00e1 selecionando candidatos para 1 (uma) vaga de est\u00e1gio na reitoria, destinada a Pessoa com Defici\u00eancia (PcD). As inscri\u00e7\u00f5es acontecem de 15 a 30 de mar\u00e7o.","inLanguage":"pt-BR","isPartOf":{"@id":"https:\/\/ejornais.com.br\/#website"},"breadcrumb":{"@id":"https:\/\/ejornais.com.br\/index.php\/2024\/03\/14\/ifsp-inscreve-para-vaga-de-estagio-na-reitoria-ifsp\/#breadcrumblist"},"author":{"@id":"https:\/\/ejornais.com.br\/index.php\/author\/#author"},"creator":{"@id":"https:\/\/ejornais.com.br\/index.php\/author\/#author"},"datePublished":"2024-03-14T16:08:30-03:00","dateModified":"2024-03-14T16:08:30-03:00"},{"@type":"WebSite","@id":"https:\/\/ejornais.com.br\/#website","url":"https:\/\/ejornais.com.br\/","name":"eJornais","description":"Cat\u00e1logo de Jornais no mundo, Not\u00edcias, Blog e Esportes ao vivo","inLanguage":"pt-BR","publisher":{"@id":"https:\/\/ejornais.com.br\/#organization"}}]},"og:locale":"pt_BR","og:site_name":"eJornais - Cat\u00e1logo de Jornais no mundo, Not\u00edcias, Blog e Esportes ao vivo","og:type":"article","og:title":"IFSP inscreve para vaga de est\u00e1gio na reitoria \u2013 IFSP - eJornais","og:description":"Est\u00e1 sendo ofertada uma vaga na \u00e1rea administrativa, destinada a Pessoa com Defici\u00eancia (PcD) O IFSP, por meio da Coordena\u00e7\u00e3o de Forma\u00e7\u00e3o e Qualidade de Vida de Pessoal, est\u00e1 selecionando candidatos para 1 (uma) vaga de est\u00e1gio na reitoria, destinada a Pessoa com Defici\u00eancia (PcD). As inscri\u00e7\u00f5es acontecem de 15 a 30 de mar\u00e7o.","og:url":"https:\/\/ejornais.com.br\/index.php\/2024\/03\/14\/ifsp-inscreve-para-vaga-de-estagio-na-reitoria-ifsp\/","article:published_time":"2024-03-14T19:08:30+00:00","article:modified_time":"2024-03-14T19:08:30+00:00","twitter:card":"summary_large_image","twitter:title":"IFSP inscreve para vaga de est\u00e1gio na reitoria \u2013 IFSP - eJornais","twitter:description":"Est\u00e1 sendo ofertada uma vaga na \u00e1rea administrativa, destinada a Pessoa com Defici\u00eancia (PcD) O IFSP, por meio da Coordena\u00e7\u00e3o de Forma\u00e7\u00e3o e Qualidade de Vida de Pessoal, est\u00e1 selecionando candidatos para 1 (uma) vaga de est\u00e1gio na reitoria, destinada a Pessoa com Defici\u00eancia (PcD). As inscri\u00e7\u00f5es acontecem de 15 a 30 de mar\u00e7o."},"aioseo_meta_data":{"post_id":"21283","title":null,"description":null,"keywords":null,"keyphrases":null,"primary_term":null,"canonical_url":null,"og_title":null,"og_description":null,"og_object_type":"default","og_image_type":"default","og_image_url":null,"og_image_width":null,"og_image_height":null,"og_image_custom_url":null,"og_image_custom_fields":null,"og_video":null,"og_custom_url":null,"og_article_section":null,"og_article_tags":null,"twitter_use_og":false,"twitter_card":"default","twitter_image_type":"default","twitter_image_url":null,"twitter_image_custom_url":null,"twitter_image_custom_fields":null,"twitter_title":null,"twitter_description":null,"schema":{"blockGraphs":[],"customGraphs":[],"default":{"data":{"Article":[],"Course":[],"Dataset":[],"FAQPage":[],"Movie":[],"Person":[],"Product":[],"ProductReview":[],"Car":[],"Recipe":[],"Service":[],"SoftwareApplication":[],"WebPage":[]},"graphName":"","isEnabled":true},"graphs":[]},"schema_type":"default","schema_type_options":null,"pillar_content":false,"robots_default":true,"robots_noindex":false,"robots_noarchive":false,"robots_nosnippet":false,"robots_nofollow":false,"robots_noimageindex":false,"robots_noodp":false,"robots_notranslate":false,"robots_max_snippet":null,"robots_max_videopreview":null,"robots_max_imagepreview":"large","priority":null,"frequency":null,"local_seo":null,"breadcrumb_settings":null,"limit_modified_date":false,"ai":null,"created":"2024-03-14 19:09:32","updated":"2025-06-05 06:14:01","seo_analyzer_scan_date":null,"focus_keyword":null,"additional_keywords":null,"truseo_locale":null},"aioseo_breadcrumb":"<div class=\"aioseo-breadcrumbs\"><span class=\"aioseo-breadcrumb\">\n\t\t\t<a href=\"https:\/\/ejornais.com.br\" title=\"In\u00edcio\">In\u00edcio<\/a>\n\t\t<\/span><span class=\"aioseo-breadcrumb-separator\">&raquo;<\/span><span class=\"aioseo-breadcrumb\">\n\t\t\t<a href=\"https:\/\/ejornais.com.br\/index.php\/category\/ejornais\/\" title=\"Cat\u00e1logo de Jornais\">Cat\u00e1logo de Jornais<\/a>\n\t\t<\/span><span class=\"aioseo-breadcrumb-separator\">&raquo;<\/span><span class=\"aioseo-breadcrumb\">\n\t\t\tIFSP inscreve para vaga de est\u00e1gio na reitoria \u2013 IFSP\n\t\t<\/span><\/div>","aioseo_breadcrumb_json":[{"label":"In\u00edcio","link":"https:\/\/ejornais.com.br"},{"label":"Cat\u00e1logo de Jornais","link":"https:\/\/ejornais.com.br\/index.php\/category\/ejornais\/"},{"label":"IFSP inscreve para vaga de est\u00e1gio na reitoria &#8211; IFSP","link":"https:\/\/ejornais.com.br\/index.php\/2024\/03\/14\/ifsp-inscreve-para-vaga-de-estagio-na-reitoria-ifsp\/"}],"amp_enabled":true,"_links":{"self":[{"href":"https:\/\/ejornais.com.br\/index.php\/wp-json\/wp\/v2\/posts\/21283","targetHints":{"allow":["GET"]}}],"collection":[{"href":"https:\/\/ejornais.com.br\/index.php\/wp-json\/wp\/v2\/posts"}],"about":[{"href":"https:\/\/ejornais.com.br\/index.php\/wp-json\/wp\/v2\/types\/post"}],"author":[{"embeddable":true,"href":"https:\/\/ejornais.com.br\/index.php\/wp-json\/wp\/v2\/users\/1"}],"replies":[{"embeddable":true,"href":"https:\/\/ejornais.com.br\/index.php\/wp-json\/wp\/v2\/comments?post=21283"}],"version-history":[{"count":0,"href":"https:\/\/ejornais.com.br\/index.php\/wp-json\/wp\/v2\/posts\/21283\/revisions"}],"wp:attachment":[{"href":"https:\/\/ejornais.com.br\/index.php\/wp-json\/wp\/v2\/media?parent=21283"}],"wp:term":[{"taxonomy":"category","embeddable":true,"href":"https:\/\/ejornais.com.br\/index.php\/wp-json\/wp\/v2\/categories?post=21283"},{"taxonomy":"post_tag","embeddable":true,"href":"https:\/\/ejornais.com.br\/index.php\/wp-json\/wp\/v2\/tags?post=21283"}],"curies":[{"name":"wp","href":"https:\/\/api.w.org\/{rel}","templated":true}]}}