{"id":21580,"date":"2024-03-19T06:06:51","date_gmt":"2024-03-19T09:06:51","guid":{"rendered":"https:\/\/ejornais.com.br\/index.php\/2024\/03\/19\/prefeitura-inicia-vacinacao-contra-influenza-e-segue-ofertando-todos-os-imunizantes-do-calendario-de-rotina\/"},"modified":"2024-03-19T06:06:51","modified_gmt":"2024-03-19T09:06:51","slug":"prefeitura-inicia-vacinacao-contra-influenza-e-segue-ofertando-todos-os-imunizantes-do-calendario-de-rotina","status":"publish","type":"post","link":"https:\/\/ejornais.com.br\/index.php\/2024\/03\/19\/prefeitura-inicia-vacinacao-contra-influenza-e-segue-ofertando-todos-os-imunizantes-do-calendario-de-rotina\/","title":{"rendered":"Prefeitura inicia vacina\u00e7\u00e3o contra Influenza e segue ofertando todos os imunizantes do calend\u00e1rio de rotina"},"content":{"rendered":"<p><\/p>\n<div>\n<p>A Campanha Nacional de Vacina\u00e7\u00e3o contra Influenza iniciou, nesta segunda-feira (18), em diversos servi\u00e7os de sa\u00fade de Jo\u00e3o Pessoa. Nos tr\u00eas pontos m\u00f3veis, o atendimento \u00e9 exclusivo para a administra\u00e7\u00e3o com as doses que protegem contra a gripe. Incialmente a vacina \u00e9 destinada apenas para pessoas que fazem parte dos grupos priorit\u00e1rios. O imunizante \u00e9 trivalente, atualizado anualmente e promove a prote\u00e7\u00e3o contra tr\u00eas tipos de cepas do v\u00edrus Influenza (A-H1N1, A-H3N2 e B). \u00a0 <\/p>\n<p>O professor aposentado Francisco Jos\u00e9 Alves, 69 anos, chegou cedo a um dos pontos m\u00f3veis e aproveitou para tomar a vacina contra Influenza. \u201c\u00c9 uma responsabilidade, amor pr\u00f3prio e um compromisso que tenho h\u00e1 muitos anos. Quando come\u00e7a a campanha de vacina\u00e7\u00e3o contra Influenza, eu j\u00e1 deixo o meu cart\u00e3o de vacina separado. A mesma coisa com a mais recente vacina que protege contra Covid-19. Estou com minhas doses em dia e o cart\u00e3o atualizado. Agora eu sei que estou protegido\u201d, afirmou. \u00a0 <\/p>\n<figure class=\"wp-block-gallery has-nested-images columns-default is-cropped wp-block-gallery-1 is-layout-flex wp-block-gallery-is-layout-flex\">\n<figure class=\"wp-block-image size-large\"><\/figure>\n<figure class=\"wp-block-image size-large\"><\/figure>\n<\/figure>\n<p>Os sintomas da gripe podem variar desde a infec\u00e7\u00e3o assintom\u00e1tica at\u00e9 formas graves. A doen\u00e7a pode ser transmitida por got\u00edculas da fala, tosse ou espirro, pelo ar e ao tocar em superf\u00edcies contaminadas. Nos casos mais graves, geralmente, existe dificuldade respirat\u00f3ria, com a necessidade de hospitaliza\u00e7\u00e3o, podendo evoluir para a s\u00edndrome respirat\u00f3ria aguda grave (Srag) ou mesmo \u00f3bito. \u00a0<\/p>\n<p>\u201cNesse in\u00edcio de campanha n\u00f3s refor\u00e7amos o chamamento para que as pessoas que fazem parte dos grupos priorit\u00e1rios procurem uma das salas de vacinas ou postos m\u00f3veis para garantir esse cuidado preventivo e se proteger da gripe. Sobretudo, \u00e9 importante que a caderneta esteja em dia. \u00c9 uma oportunidade de tirar quaisquer d\u00favidas com as profissionais que est\u00e3o nas salas de vacinas e, se for necess\u00e1rio, iniciar ou completar o esquema vacinal\u201d, destacou Fernando Virgolino, chefe da Se\u00e7\u00e3o de Imuniza\u00e7\u00e3o da Prefeitura de Jo\u00e3o Pessoa. \u00a0 <\/p>\n<p><strong>Grupos priorit\u00e1rios<\/strong> \u2013 Crian\u00e7as de 6 meses a menores de 6 anos de idade (5 anos, 11 meses e 29 dias), trabalhadores da sa\u00fade, gestantes, pu\u00e9rperas, professores do ensino b\u00e1sico e superior, povos ind\u00edgenas, idosos com 60 anos ou mais de idade, pessoas em situa\u00e7\u00e3o de rua, profissionais das for\u00e7as de seguran\u00e7a e salvamento, profissionais das For\u00e7as Armadas e pessoas com doen\u00e7as cr\u00f4nicas n\u00e3o transmiss\u00edveis e outras condi\u00e7\u00f5es cl\u00ednicas especiais, pessoas com defici\u00eancia permanente, trabalhadores de transporte coletivo rodovi\u00e1rio para passageiros urbanos e de longo curso, trabalhadores portu\u00e1rios, popula\u00e7\u00e3o privada de liberdade e funcion\u00e1rios do sistema de priva\u00e7\u00e3o de liberdade, adolescentes e jovens de 12 a 21 anos de idade sob medidas socioeducativas. \u00a0 <\/p>\n<p>A Covid-19 e a Influenza continuam sendo amea\u00e7as para a sa\u00fade p\u00fablica, especialmente para as pessoas n\u00e3o vacinadas. Assim, o Minist\u00e9rio da Sa\u00fade recomenda aproveitar a oportunidade da campanha de vacina\u00e7\u00e3o contra a Influenza para atualiza\u00e7\u00e3o da situa\u00e7\u00e3o vacinal para Covid-19 nos grupos eleg\u00edveis. \u00a0 <\/p>\n<p><strong>Documenta\u00e7\u00e3o<\/strong>\u00a0\u2013 \u00c9 necess\u00e1rio levar, al\u00e9m do cart\u00e3o de vacina, os documentos comprobat\u00f3rios de cada grupo. Os profissionais que se enquadram na amplia\u00e7\u00e3o dos grupos priorit\u00e1rios dever\u00e3o apresentar documento de identifica\u00e7\u00e3o com foto e comprovante (declara\u00e7\u00e3o, carteira do conselho de classe ou contracheque) de v\u00ednculo com a empresa ou institui\u00e7\u00e3o onde atua. J\u00e1 pessoas com doen\u00e7as cr\u00f4nicas n\u00e3o transmiss\u00edveis e outras condi\u00e7\u00f5es cl\u00ednicas especiais dever\u00e3o apresentar laudo m\u00e9dico. \u00a0 <\/p>\n<p><strong>Em 2023 <\/strong>\u2013 Jo\u00e3o Pessoa ficou em 1\u00ba lugar no ranking entre as capitais do Nordeste e 2\u00ba lugar entre as capitais do Brasil com 90,96% de doses de vacina contra Influenza aplicadas na popula\u00e7\u00e3o. Esse percentual representa o n\u00famero de pessoas que fazem parte dos grupos priorit\u00e1rios. \u00a0 <\/p>\n<p><strong>Vacina\u00e7\u00e3o Domiciliar<\/strong> \u2013 Para pessoas acamadas e restritas ao leito, \u00e9 necess\u00e1rio fazer agendamento, por meio do n\u00famero (83) 98645-7727. As vacinas s\u00e3o disponibilizadas nos domic\u00edlios, de segunda a sexta-feira, no hor\u00e1rio das 8h \u00e0s 16h. \u00a0 <\/p>\n<p><strong>Locais de vacina\u00e7\u00e3o em Jo\u00e3o Pessoa nesta ter\u00e7a-feira (19):\u00a0<\/strong><\/p>\n<p><strong>Unidades de Sa\u00fade da Fam\u00edlia (USFs)<\/strong> <\/p>\n<p>Todas as vacinas de Campanha (Covid-19, Dengue, Influenza) e de rotina <\/p>\n<p>Hor\u00e1rio: 7h \u00e0s 11h e das 12h \u00e0s 16h (de segunda a sexta-feira) <\/p>\n<p><strong>*exce\u00e7\u00e3o:<\/strong> Alto do C\u00e9u II, Roger III, Cruz das Armas IV, Anayde Beiriz e Jardim Planalto \u00a0 <\/p>\n<p><strong>Policl\u00ednicas Municipais e Centro Municipal de Imuniza\u00e7\u00e3o<\/strong> <\/p>\n<p>Todas as vacinas de Campanha (Covid-19, Dengue, Influenza) e de rotina <\/p>\n<p>Hor\u00e1rio: 8h \u00e0s 16h (de segunda a sexta-feira) \u00a0 <\/p>\n<p><strong>Home Center Ferreira Costa<\/strong> <\/p>\n<p>Apenas ofertando a vacina de campanha contra a Influenza <\/p>\n<p>Hor\u00e1rio: 12h \u00e0s 21h (de segunda a sexta-feira) <\/p>\n<p>8h \u00e0s 16h (s\u00e1bado) \u00a0 <\/p>\n<p><strong>Shopping Sul<\/strong> <\/p>\n<p>Apenas ofertando a vacina de campanha contra a Influenza <\/p>\n<p>Hor\u00e1rio: 12h \u00e0s 21h (de segunda a sexta-feira) <\/p>\n<p>10h \u00e0s 16h (s\u00e1bado) \u00a0 <\/p>\n<p><strong>Shopping Tambi\u00e1<\/strong> <\/p>\n<p>Apenas ofertando a vacina de campanha contra a Influenza <\/p>\n<p>Hor\u00e1rio: 12h \u00e0s 20h (de segunda a sexta-feira) <\/p>\n<p>9h \u00e0s 16h (s\u00e1bado) \u00a0 <\/p>\n<p><strong>Vacina\u00e7\u00e3o Domiciliar<\/strong> <\/p>\n<p>Agendamento: (83) 98645-7727 \u2013 (<strong><u>Apenas whatsapp<\/u><\/strong>) <\/p>\n<p>Hor\u00e1rio: 8h \u00e0s 16h (de segunda a sexta-feira)<\/p>\n<\/p><\/div>\n","protected":false},"excerpt":{"rendered":"<p>A Campanha Nacional de Vacina\u00e7\u00e3o contra Influenza iniciou, nesta segunda-feira (18), em diversos servi\u00e7os de sa\u00fade de Jo\u00e3o Pessoa. Nos<\/p>\n","protected":false},"author":1,"featured_media":0,"comment_status":"open","ping_status":"open","sticky":false,"template":"","format":"standard","meta":{"colormag_page_container_layout":"default_layout","colormag_page_sidebar_layout":"default_layout","footnotes":""},"categories":[1],"tags":[],"class_list":["post-21580","post","type-post","status-publish","format-standard","hentry","category-ejornais"],"aioseo_notices":[],"amp_enabled":true,"_links":{"self":[{"href":"https:\/\/ejornais.com.br\/index.php\/wp-json\/wp\/v2\/posts\/21580","targetHints":{"allow":["GET"]}}],"collection":[{"href":"https:\/\/ejornais.com.br\/index.php\/wp-json\/wp\/v2\/posts"}],"about":[{"href":"https:\/\/ejornais.com.br\/index.php\/wp-json\/wp\/v2\/types\/post"}],"author":[{"embeddable":true,"href":"https:\/\/ejornais.com.br\/index.php\/wp-json\/wp\/v2\/users\/1"}],"replies":[{"embeddable":true,"href":"https:\/\/ejornais.com.br\/index.php\/wp-json\/wp\/v2\/comments?post=21580"}],"version-history":[{"count":0,"href":"https:\/\/ejornais.com.br\/index.php\/wp-json\/wp\/v2\/posts\/21580\/revisions"}],"wp:attachment":[{"href":"https:\/\/ejornais.com.br\/index.php\/wp-json\/wp\/v2\/media?parent=21580"}],"wp:term":[{"taxonomy":"category","embeddable":true,"href":"https:\/\/ejornais.com.br\/index.php\/wp-json\/wp\/v2\/categories?post=21580"},{"taxonomy":"post_tag","embeddable":true,"href":"https:\/\/ejornais.com.br\/index.php\/wp-json\/wp\/v2\/tags?post=21580"}],"curies":[{"name":"wp","href":"https:\/\/api.w.org\/{rel}","templated":true}]}}