{"id":21593,"date":"2024-03-19T10:21:22","date_gmt":"2024-03-19T13:21:22","guid":{"rendered":"https:\/\/ejornais.com.br\/index.php\/2024\/03\/19\/agencia-minas-gerais-plataforma-selo-verde-ganha-atualizacao-com-integracao-de-dados-de-sojicultura\/"},"modified":"2024-03-19T10:21:22","modified_gmt":"2024-03-19T13:21:22","slug":"agencia-minas-gerais-plataforma-selo-verde-ganha-atualizacao-com-integracao-de-dados-de-sojicultura","status":"publish","type":"post","link":"https:\/\/ejornais.com.br\/index.php\/2024\/03\/19\/agencia-minas-gerais-plataforma-selo-verde-ganha-atualizacao-com-integracao-de-dados-de-sojicultura\/","title":{"rendered":"Ag\u00eancia Minas Gerais | Plataforma Selo Verde ganha atualiza\u00e7\u00e3o com integra\u00e7\u00e3o de dados de sojicultura"},"content":{"rendered":"<p><\/p>\n<div>\n<p>Usu\u00e1rios que acessarem a plataforma p\u00fablica de dados ambientais Selo Verde j\u00e1 poder\u00e3o consultar novos detalhamentos ap\u00f3s a \u00faltima atualiza\u00e7\u00e3o da ferramenta. A nova vers\u00e3o 1.3 agora inclui integra\u00e7\u00e3o com dados de sojicultura, mapas com refinamento do mosaico de uso da terra e um campo para consulta de desmatamento p\u00f3s-2020.<\/p>\n<p>\u00a0<\/p>\n<blockquote><p>&#13;<\/p>\n<p><em>Clique aqui\u00a0para acessar a plataforma Selo Verde<\/em><\/p>\n<p>&#13;\n<\/p><\/blockquote>\n<p>\u00a0<\/p>\n<p>&#8220;A primeira vers\u00e3o do sistema integrou dados da cafeicultura e a segunda de silvicultura. Agora temos a soja. \u00c9 importante ressaltar que todas as propriedades do Estado est\u00e3o no Selo Verde, mas as que trabalham com essas culturas t\u00eam essa especifica\u00e7\u00e3o&#8221;, explica o gerente de Regulariza\u00e7\u00e3o das Atividades Florestais do IEF, C\u00e9sar Donato.<\/p>\n<p>O novo campo com dados de desmatamento p\u00f3s-2020 \u00e9 importante para adequa\u00e7\u00e3o ao Regulamento da Uni\u00e3o Europeia para Produtos Livres de Desmatamento (EUDR, na sigla em ingl\u00eas).<\/p>\n<p>&#8220;O regulamento estabelece que os pa\u00edses n\u00e3o podem exportar para a Uni\u00e3o Europeia produtos provindos de \u00e1reas de desmatamento p\u00f3s-2020 e que t\u00eam at\u00e9 dezembro de 2024 para se adequarem. Estamos trabalhando para atender aos requisitos do EUDR e a inser\u00e7\u00e3o do campo de desmatamento p\u00f3s-2020 foi realizada com este objetivo\u201d, destacou.<\/p>\n<p><strong>Esfor\u00e7os conjuntos<\/strong><\/p>\n<p>A plataforma Selo Verde \u00e9 fruto de esfor\u00e7os conjuntos do IEF, Seapa e da UFMG e conta com o apoio da Organiza\u00e7\u00e3o N\u00e3o Governamental Al-Invest Verde, financiada pela Uni\u00e3o Europeia. O Selo Verde integra dados de \u00f3rg\u00e3os p\u00fablicos e aplica an\u00e1lises geoespaciais aos processos produtivos agroflorestais, trazendo transpar\u00eancia e rastreabilidade \u00e0 produ\u00e7\u00e3o regional e combatendo o desmatamento ilegal no estado.<\/p>\n<p>A plataforma disponibiliza estimativas da produ\u00e7\u00e3o agropecu\u00e1ria e adequa\u00e7\u00e3o ambiental por propriedades rurais com registro no Cadastro Ambiental Rural. Selo Verde integra dados de \u00f3rg\u00e3os p\u00fablicos e aplica an\u00e1lises geoespaciais visando prover de um modo transparente a rastreabilidade da produ\u00e7\u00e3o agropecu\u00e1ria e combater o desmatamento ilegal.<\/p>\n<p>A plataforma usa da mais avan\u00e7ada tecnologia e melhores dados cartogr\u00e1ficos dispon\u00edveis para:<\/p>\n<p>1- Avaliar a conformidade ao C\u00f3digo Florestal das propriedades rurais;<br \/>&#13;<br \/>\n2- Prover rastreabilidade transparente dos fornecedores de produtos agropecu\u00e1rios;<br \/>&#13;<br \/>\n3- Integrar informa\u00e7\u00f5es e dados geoespaciais atualizados de \u00f3rg\u00e3os federais e estaduais;<br \/>&#13;<br \/>\n4- Auxiliar a regulariza\u00e7\u00e3o ambiental;<br \/>&#13;<br \/>\n5- Identificar a ocorr\u00eancia de desmatamento n\u00e3o autorizado.<\/p>\n<\/p><\/div>\n","protected":false},"excerpt":{"rendered":"<p>Usu\u00e1rios que acessarem a plataforma p\u00fablica de dados ambientais Selo Verde j\u00e1 poder\u00e3o consultar novos detalhamentos ap\u00f3s a \u00faltima atualiza\u00e7\u00e3o<\/p>\n","protected":false},"author":1,"featured_media":0,"comment_status":"open","ping_status":"open","sticky":false,"template":"","format":"standard","meta":{"colormag_page_container_layout":"default_layout","colormag_page_sidebar_layout":"default_layout","footnotes":""},"categories":[1],"tags":[],"class_list":["post-21593","post","type-post","status-publish","format-standard","hentry","category-ejornais"],"aioseo_notices":[],"amp_enabled":true,"_links":{"self":[{"href":"https:\/\/ejornais.com.br\/index.php\/wp-json\/wp\/v2\/posts\/21593","targetHints":{"allow":["GET"]}}],"collection":[{"href":"https:\/\/ejornais.com.br\/index.php\/wp-json\/wp\/v2\/posts"}],"about":[{"href":"https:\/\/ejornais.com.br\/index.php\/wp-json\/wp\/v2\/types\/post"}],"author":[{"embeddable":true,"href":"https:\/\/ejornais.com.br\/index.php\/wp-json\/wp\/v2\/users\/1"}],"replies":[{"embeddable":true,"href":"https:\/\/ejornais.com.br\/index.php\/wp-json\/wp\/v2\/comments?post=21593"}],"version-history":[{"count":0,"href":"https:\/\/ejornais.com.br\/index.php\/wp-json\/wp\/v2\/posts\/21593\/revisions"}],"wp:attachment":[{"href":"https:\/\/ejornais.com.br\/index.php\/wp-json\/wp\/v2\/media?parent=21593"}],"wp:term":[{"taxonomy":"category","embeddable":true,"href":"https:\/\/ejornais.com.br\/index.php\/wp-json\/wp\/v2\/categories?post=21593"},{"taxonomy":"post_tag","embeddable":true,"href":"https:\/\/ejornais.com.br\/index.php\/wp-json\/wp\/v2\/tags?post=21593"}],"curies":[{"name":"wp","href":"https:\/\/api.w.org\/{rel}","templated":true}]}}