{"id":21685,"date":"2024-03-20T19:12:55","date_gmt":"2024-03-20T22:12:55","guid":{"rendered":"https:\/\/ejornais.com.br\/index.php\/2024\/03\/20\/que-horas-comeca-festa-do-bbb24-e-sessao-da-tarde\/"},"modified":"2024-03-20T19:12:55","modified_gmt":"2024-03-20T22:12:55","slug":"que-horas-comeca-festa-do-bbb24-e-sessao-da-tarde","status":"publish","type":"post","link":"https:\/\/ejornais.com.br\/index.php\/2024\/03\/20\/que-horas-comeca-festa-do-bbb24-e-sessao-da-tarde\/","title":{"rendered":"QUE HORAS COME\u00c7A FESTA DO BBB24 E SESS\u00c3O DA TARDE?"},"content":{"rendered":"<p> Por MRNews<br \/>\n<\/p>\n<div>\n<p>A Rede Globo de Televis\u00e3o divulgou sua grade desta<strong> semana. FILMES, NOVELAS E JORNALISMO<\/strong>\u00a0e toda a grade de programa\u00e7\u00e3o <strong>de hoje, sexta\u00a0<\/strong><strong>(22\/<\/strong><strong>03<\/strong><strong>)<\/strong><\/p>\n<div>\n<div>\n<div>\n<div>\n<p><strong>Sexta-feira, 22\/03\/2024<\/strong><\/p>\n<p>04:00 Hora Um<\/p>\n<p>06:00 Bom Dia Pra\u00e7a<\/p>\n<p>08:30 Bom Dia Brasil<\/p>\n<p>09:30 Encontro Com Patr\u00edcia Poeta<\/p>\n<p>10:35 Mais Voc\u00ea<\/p>\n<p>11:45 Pra\u00e7a TV \u2013 1\u00aa Edi\u00e7\u00e3o<\/p>\n<p>13:00 Globo Esporte<\/p>\n<p>13:25 Jornal Hoje<\/p>\n<p>14:45 Cheias de Charme<\/p>\n<p>15:25 Sess\u00e3o da Tarde \u2013 Thor<\/p>\n<p>17:05 Vale a Pena Ver de Novo \u2013 Para\u00edso Tropical<\/p>\n<p>18:25 Elas Por Elas<\/p>\n<p>19:10 Pra\u00e7a TV \u2013 2\u00aa Edi\u00e7\u00e3o<\/p>\n<p>19:40 Fam\u00edlia \u00e9 Tudo<\/p>\n<p>20:30 Jornal Nacional<\/p>\n<p>21:20 Renascer<\/p>\n<p>22:25 Big Brother Brasil 24<\/p>\n<p>23:10 Globo Rep\u00f3rter<\/p>\n<p>23:55 Jornal da Globo<\/p>\n<p>00:30 Lollapalooza<\/p>\n<p>01:55 Fam\u00edlia \u00e9 Tudo<\/p>\n<p>02:35 Com\u00e9dia Na Madruga I<\/p>\n<p>03:25 Com\u00e9dia Na Madruga II<\/p>\n<\/div>\n<\/div>\n<\/div>\n<\/div>\n<div>\n<p>\u00a0<\/p>\n<p>\u00a0<\/p>\n<h2>Programa\u00e7\u00e3o da Rede Globo: Sexta-feira, 22 de Mar\u00e7o de 2024<\/h2>\n<p>**04:00 \u2013 Hora Um**<br \/>Comece o seu dia bem informado com as principais not\u00edcias do Brasil e do mundo.<\/p>\n<p>**06:00 \u2013 Bom Dia Pra\u00e7a**<br \/>Acompanhe as \u00faltimas not\u00edcias locais e nacionais para come\u00e7ar o seu dia bem informado.<\/p>\n<p>**08:30 \u2013 Bom Dia Brasil**<br \/>Ana Paula Ara\u00fajo e Chico Pinheiro trazem an\u00e1lises aprofundadas dos acontecimentos que movimentam o pa\u00eds, com reportagens especiais e entrevistas.<\/p>\n<p>**09:30 \u2013 Encontro Com Patr\u00edcia Poeta**<br \/>Patr\u00edcia Poeta comanda um programa leve e descontra\u00eddo, com entrevistas, dicas de sa\u00fade, culin\u00e1ria e muito mais para deixar sua manh\u00e3 mais animada.<\/p>\n<p>**10:35 \u2013 Mais Voc\u00ea**<br \/>Ana Maria Braga e Louro Jos\u00e9 recebem convidados especiais, d\u00e3o dicas de culin\u00e1ria e compartilham hist\u00f3rias inspiradoras para come\u00e7ar bem o dia.<\/p>\n<p>**11:45 \u2013 Pra\u00e7a TV \u2013 1\u00aa Edi\u00e7\u00e3o**<br \/>Fique por dentro das \u00faltimas not\u00edcias regionais com o jornalismo local da Pra\u00e7a TV.<\/p>\n<p>**13:00 \u2013 Globo Esporte**<br \/>As \u00faltimas informa\u00e7\u00f5es do mundo esportivo, com destaques para os principais campeonatos, entrevistas exclusivas e an\u00e1lises dos comentaristas.<\/p>\n<p>**13:25 \u2013 Jornal Hoje**<br \/>Evaristo Costa e Sandra Annenberg trazem as principais not\u00edcias do Brasil e do mundo de forma din\u00e2mica e objetiva.<\/p>\n<p>**14:45 \u2013 Cheias de Charme**<br \/>Acompanhe as aventuras e desventuras das empregadas dom\u00e9sticas que se tornam estrelas da m\u00fasica pop neste divertido folhetim.<\/p>\n<p>**15:25 \u2013 Sess\u00e3o da Tarde \u2013 Thor**<br \/>Prepare-se para uma aventura \u00e9pica com o deus do trov\u00e3o neste filme repleto de a\u00e7\u00e3o e efeitos especiais.<\/p>\n<p>**17:05 \u2013 Vale a Pena Ver de Novo \u2013 Para\u00edso Tropical**<br \/>Reviva os dramas e romances desta novela que marcou \u00e9poca, com personagens inesquec\u00edveis e reviravoltas surpreendentes.<\/p>\n<p>**18:25 \u2013 Elas Por Elas**<br \/>Um programa dedicado \u00e0s mulheres, com debates sobre quest\u00f5es de g\u00eanero, sa\u00fade, carreira e muito mais.<\/p>\n<p>Continua\u2026<\/p>\n<\/div>\n<p>**Programa\u00e7\u00e3o da Rede Globo: 21\/03\/2024 \u2013 22\/03\/2024**<\/p>\n<p>Na era da televis\u00e3o digital e streaming, a Rede Globo continua a liderar a programa\u00e7\u00e3o televisiva brasileira, oferecendo uma variedade de entretenimento para todas as idades. A programa\u00e7\u00e3o para os dias 21 e 22 de mar\u00e7o de 2024 promete momentos emocionantes, desde dramas intensos at\u00e9 com\u00e9dias leves.<\/p>\n<p>**Quinta-feira, 21 de Mar\u00e7o de 2024**<\/p>\n<p>**04:00 \u2013 Hora Um**: Comece o dia bem informado com as \u00faltimas not\u00edcias do Brasil e do mundo.<\/p>\n<p>**06:00 \u2013 Bom Dia Pra\u00e7a**: Um programa matinal para come\u00e7ar o dia com informa\u00e7\u00f5es regionais e nacionais.<\/p>\n<p>**08:30 \u2013 Bom Dia Brasil**: Junte-se \u00e0 equipe do Bom Dia Brasil para as principais not\u00edcias do dia e an\u00e1lises aprofundadas.<\/p>\n<p>**09:30 \u2013 Encontro Com Patr\u00edcia Poeta**: Patr\u00edcia Poeta traz entrevistas, m\u00fasica e variedades neste programa matinal.<\/p>\n<p>**10:35 \u2013 Mais Voc\u00ea**: Ana Maria Braga e Louro Jos\u00e9 animam as manh\u00e3s com culin\u00e1ria, dicas e entrevistas especiais.<\/p>\n<p>**11:45 \u2013 Pra\u00e7a TV \u2013 1\u00aa Edi\u00e7\u00e3o**: Fique por dentro das not\u00edcias locais com o Pra\u00e7a TV.<\/p>\n<p>**13:00 \u2013 Globo Esporte**: As \u00faltimas not\u00edcias e destaques do mundo dos esportes.<\/p>\n<p>**13:25 \u2013 Jornal Hoje**: Sandra Annenberg e Dony De Nuccio trazem as not\u00edcias do meio-dia com an\u00e1lises aprofundadas.<\/p>\n<p>**14:45 \u2013 Cheias de Charme**: Entre no mundo divertido e envolvente das empreguetes nesta novela cheia de m\u00fasica e humor.<\/p>\n<p>**15:25 \u2013 Sess\u00e3o da Tarde \u2013 Minha Vida Em Marte**: Uma com\u00e9dia rom\u00e2ntica para animar a tarde.<\/p>\n<p>**17:05 \u2013 Vale a Pena Ver de Novo \u2013 Para\u00edso Tropical**: Reviva os momentos marcantes desta novela que conquistou o Brasil.<\/p>\n<p>**18:25 \u2013 Elas Por Elas**: Um programa dedicado ao universo feminino com debates, entrevistas e dicas.<\/p>\n<p>**19:10 \u2013 Pra\u00e7a TV \u2013 2\u00aa Edi\u00e7\u00e3o**: As \u00faltimas not\u00edcias locais antes do hor\u00e1rio nobre.<\/p>\n<p>**19:40 \u2013 Fam\u00edlia \u00e9 Tudo**: Uma s\u00e9rie emocionante sobre os la\u00e7os familiares e os desafios da vida moderna.<\/p>\n<p>**20:30 \u2013 Jornal Nacional**: William Bonner e Renata Vasconcellos apresentam as principais not\u00edcias do Brasil e do mundo.<\/p>\n<p>**21:20 \u2013 Renascer**: Acompanhe os dramas e triunfos dos personagens desta novela envolvente.<\/p>\n<p>**22:25 \u2013 Big Brother Brasil 24**: N\u00e3o perca os momentos emocionantes e as reviravoltas no reality show mais famoso do Brasil.<\/p>\n<p>**23:55 \u2013 This Is Us**: Entre no universo emocional e complexo desta aclamada s\u00e9rie dram\u00e1tica.<\/p>\n<p>**01:10 \u2013 Jornal da Globo**: Os principais acontecimentos do dia sob uma perspectiva anal\u00edtica e aprofundada.<\/p>\n<p>**02:00 \u2013 Fam\u00edlia \u00e9 Tudo**: Reviva os epis\u00f3dios desta s\u00e9rie emocionante sobre os la\u00e7os familiares.<\/p>\n<p>**02:40 \u2013 Com\u00e9dia Na Madruga I**: Risadas garantidas com uma sele\u00e7\u00e3o das melhores com\u00e9dias.<\/p>\n<p>**03:25 \u2013 Com\u00e9dia Na Madruga II**: A divers\u00e3o continua com mais com\u00e9dias para animar a madrugada.<\/p>\n<p>**Sexta-feira, 22 de Mar\u00e7o de 2024**<\/p>\n<p>A programa\u00e7\u00e3o continua com mais entretenimento e informa\u00e7\u00e3o para come\u00e7ar o seu fim de semana.<\/p>\n<p>**04:00 \u2013 Hora Um**: Fique por dentro das \u00faltimas not\u00edcias antes do amanhecer.<\/p>\n<p>**06:00 \u2013 Bom Dia Pra\u00e7a**: Comece o dia com informa\u00e7\u00f5es regionais e nacionais.<\/p>\n<p>**08:30 \u2013 Bom Dia Brasil**: As principais not\u00edcias do dia apresentadas por uma equipe dedicada.<\/p>\n<p>**09:30 \u2013 Encontro Com Patr\u00edcia Poeta**: Entretenimento e variedades para animar as manh\u00e3s.<\/p>\n<p>**10:35 \u2013 Mais Voc\u00ea**: Ana Maria Braga e Louro Jos\u00e9 continuam a animar as manh\u00e3s com culin\u00e1ria e divers\u00e3o.<\/p>\n<p>**11:45 \u2013 Pra\u00e7a TV \u2013 1\u00aa Edi\u00e7\u00e3o**: As \u00faltimas not\u00edcias locais em destaque.<\/p>\n<p>**13:00 \u2013 Globo Esporte**: Os destaques do mundo esportivo apresentados com paix\u00e3o e an\u00e1lise.<\/p>\n<p>**13:25 \u2013 Jornal Hoje**: As not\u00edcias do meio-dia com an\u00e1lises aprofundadas.<\/p>\n<p>**14:45 \u2013 Cheias de Charme**: Acompanhe as aventuras das empreguetes nesta novela envolvente.<\/p>\n<p>**15:25 \u2013 Sess\u00e3o da Tarde \u2013 Thor**: Uma aventura \u00e9pica com o poderoso deus do trov\u00e3o.<\/p>\n<p>**17:05 \u2013 Vale a Pena Ver de Novo \u2013 Para\u00edso Tropical**: Reviva os momentos emocionantes desta novela que conquistou o Brasil.<\/p>\n<p>**18:25 \u2013 Elas Por Elas**: Um programa dedicado ao universo feminino com debates e entrevistas.<\/p>\n<p>**19:10 \u2013 Pra\u00e7a TV \u2013 2\u00aa Edi\u00e7\u00e3o**: As \u00faltimas not\u00edcias locais antes do hor\u00e1rio nobre.<\/p>\n<p>**19:40 \u2013 Fam\u00edlia \u00e9 Tudo**: Uma s\u00e9rie emocionante sobre os desafios e alegrias da vida em fam\u00edlia.<\/p>\n<p>**20:30 \u2013 Jornal Nacional**: As principais not\u00edcias do Brasil e do mundo apresentadas com credibilidade.<\/p>\n<p>**21:20 \u2013 Renascer**: Acompanhe os dramas e reviravoltas desta novela envolvente.<\/p>\n<p>**22:25 \u2013 Big Brother Brasil 24**: Os momentos emocionantes e as intrigas continuam no reality show mais famoso do Brasil.<\/p>\n<p>**23:10 \u2013 Globo Rep\u00f3rter**: Reportagens especiais sobre os temas mais relevantes do momento.<\/p>\n<p>**23:55 \u2013 Jornal da Globo**: An\u00e1lises aprofundadas dos acontecimentos do dia.<\/p>\n<p>**00:30 \u2013 Lollapalooza**: Acompanhe os shows e os bastidores deste famoso festival de m\u00fasica.<\/p>\n<p>**01:55 \u2013 Fam\u00edlia \u00e9 Tudo**: Mais epis\u00f3dios desta s\u00e9rie emocionante sobre os la\u00e7os familiares.<\/p>\n<p>**02:35 \u2013 Com\u00e9dia Na Madruga I**: Mais risadas garantidas com uma sele\u00e7\u00e3o das melhores com\u00e9dias.<\/p>\n<p>**03:25 \u2013 Com\u00e9dia Na Madruga II**: A divers\u00e3o continua at\u00e9 o amanhecer com mais com\u00e9dias para animar a madrugada.<\/p>\n<p>Com uma programa\u00e7\u00e3o diversificada e envolvente, a Rede Globo continua a ser a escolha n\u00famero um<\/p>\n<\/div>\n","protected":false},"excerpt":{"rendered":"<p>Por MRNews A Rede Globo de Televis\u00e3o divulgou sua grade desta semana. FILMES, NOVELAS E JORNALISMO\u00a0e toda a grade de<\/p>\n","protected":false},"author":2,"featured_media":0,"comment_status":"open","ping_status":"open","sticky":false,"template":"","format":"standard","meta":{"colormag_page_container_layout":"default_layout","colormag_page_sidebar_layout":"default_layout","footnotes":""},"categories":[1],"tags":[],"class_list":["post-21685","post","type-post","status-publish","format-standard","hentry","category-ejornais"],"aioseo_notices":[],"amp_enabled":true,"_links":{"self":[{"href":"https:\/\/ejornais.com.br\/index.php\/wp-json\/wp\/v2\/posts\/21685","targetHints":{"allow":["GET"]}}],"collection":[{"href":"https:\/\/ejornais.com.br\/index.php\/wp-json\/wp\/v2\/posts"}],"about":[{"href":"https:\/\/ejornais.com.br\/index.php\/wp-json\/wp\/v2\/types\/post"}],"author":[{"embeddable":true,"href":"https:\/\/ejornais.com.br\/index.php\/wp-json\/wp\/v2\/users\/2"}],"replies":[{"embeddable":true,"href":"https:\/\/ejornais.com.br\/index.php\/wp-json\/wp\/v2\/comments?post=21685"}],"version-history":[{"count":0,"href":"https:\/\/ejornais.com.br\/index.php\/wp-json\/wp\/v2\/posts\/21685\/revisions"}],"wp:attachment":[{"href":"https:\/\/ejornais.com.br\/index.php\/wp-json\/wp\/v2\/media?parent=21685"}],"wp:term":[{"taxonomy":"category","embeddable":true,"href":"https:\/\/ejornais.com.br\/index.php\/wp-json\/wp\/v2\/categories?post=21685"},{"taxonomy":"post_tag","embeddable":true,"href":"https:\/\/ejornais.com.br\/index.php\/wp-json\/wp\/v2\/tags?post=21685"}],"curies":[{"name":"wp","href":"https:\/\/api.w.org\/{rel}","templated":true}]}}