{"id":21716,"date":"2024-03-21T07:58:48","date_gmt":"2024-03-21T10:58:48","guid":{"rendered":"https:\/\/ejornais.com.br\/index.php\/2024\/03\/21\/no-dia-mundial-da-saude-bucal-reeducandos-de-ms-participam-de-acao-de-conscientizacao-agencia-de-noticias-do-governo-de-mato-grosso-do-sul\/"},"modified":"2024-03-21T07:58:48","modified_gmt":"2024-03-21T10:58:48","slug":"no-dia-mundial-da-saude-bucal-reeducandos-de-ms-participam-de-acao-de-conscientizacao-agencia-de-noticias-do-governo-de-mato-grosso-do-sul","status":"publish","type":"post","link":"https:\/\/ejornais.com.br\/index.php\/2024\/03\/21\/no-dia-mundial-da-saude-bucal-reeducandos-de-ms-participam-de-acao-de-conscientizacao-agencia-de-noticias-do-governo-de-mato-grosso-do-sul\/","title":{"rendered":"No Dia Mundial da Sa\u00fade Bucal, reeducandos de MS participam de a\u00e7\u00e3o de conscientiza\u00e7\u00e3o \u2013 Ag\u00eancia de Noticias do Governo de Mato Grosso do Sul"},"content":{"rendered":"<p><\/p>\n<div>\n<p>No Estabelecimento Penal Jair Ferreira de Carvalho, em Campo Grande, foi realizada uma atividade em alus\u00e3o ao Dia Mundial da Sa\u00fade Bucal, celebrado em 20 de mar\u00e7o. Al\u00e9m da conscientiza\u00e7\u00e3o e a \u00eanfase na preven\u00e7\u00e3o, foram distribu\u00eddos kits de higiene bucal aos internos alojados na ala da sa\u00fade.<\/p>\n<div id=\"attachment_79558\" class=\"wp-caption alignright\">\n<p id=\"caption-attachment-79558\" class=\"wp-caption-text\">Kits de sa\u00fade bucal foram distribu\u00eddos.<\/p>\n<\/div>\n<p>O objetivo \u00e9 conscientizar os apenados que cumprem pena em regime fechado sobre a import\u00e2ncia dos cuidados com a higiene oral e a preven\u00e7\u00e3o de problemas dent\u00e1rios.<\/p>\n<p>A a\u00e7\u00e3o foi realizada pela equipe multidisciplinar que atua na \u00e1rea da sa\u00fade e psicossocial do pres\u00eddio, composta pelos servidores Christiane Toriy (dentista), L\u00facia Marcia de Mello (Auxiliar de Sa\u00fade Bucal) e Wilson Tadeu Tavares (t\u00e9cnico de enfermagem); e os policiais penais Meliane Higa, Carolina Tinoco, Luciano Caetano e Cleverton Henrique Leal.<\/p>\n<p>Para o diretor da unidade penal, Milson da Silva Caetano, a entrega de kits de higiene bucal aos presos \u00e9 uma medida simples, por\u00e9m de grande impacto. \u201cEssa iniciativa representa um passo importante na garantia do direito \u00e0 sa\u00fade bucal para todos, sem distin\u00e7\u00f5es\u201d, destacou.<\/p>\n<p>A aten\u00e7\u00e3o \u00e0 sa\u00fade odontol\u00f3gica \u00e9 constante nas unidades penais de Mato Grosso do Sul, com internos recebendo o mesmo cuidado assim como \u00e9 feita em rela\u00e7\u00e3o ao atendimento de sa\u00fade em geral.<\/p>\n<p>Para se ter uma ideia, somente em 2023, foram realizados cerca de 139 mil atendimentos de sa\u00fade aos homens e mulheres privados de liberdade no estado; destes, 18.354 foram odontol\u00f3gicos, representando mais de 13%.<\/p>\n<p>Essas a\u00e7\u00f5es integram a pol\u00edtica p\u00fablica da PNAISP (Pol\u00edtica Nacional de Aten\u00e7\u00e3o Integral \u00e0 Sa\u00fade das Pessoas Privadas de Liberdade no Sistema Prisional) dos minist\u00e9rios da Sa\u00fade e da Justi\u00e7a, que financiam equipes multidisciplinares de aten\u00e7\u00e3o prim\u00e1ria e sa\u00fade mental da \u00e1rea, com contrapartida do Governo do Estado, para atuarem no atendimento \u00e0 popula\u00e7\u00e3o carcer\u00e1ria dentro das estruturas instaladas nos estabelecimentos penais, como parte do CNES (Cadastro Nacional de Estabelecimentos de Sa\u00fade) da Rede SUS (Sistema \u00danico de Sa\u00fade).<\/p>\n<p>Atualmente, no estado, s\u00e3o 33 unidades b\u00e1sicas de sa\u00fade em funcionamento dentro da PNAISP. As atividades s\u00e3o coordenadas pela Diretoria de Assist\u00eancia Penitenci\u00e1ria da Agepen (Ag\u00eancia Estadual de Administra\u00e7\u00e3o do Sistema Penitenci\u00e1rio).<\/p>\n<p><em>Tatyane Santinoni, Comunica\u00e7\u00e3o Agepen<br \/><\/em><\/p>\n<\/div>\n","protected":false},"excerpt":{"rendered":"<p>No Estabelecimento Penal Jair Ferreira de Carvalho, em Campo Grande, foi realizada uma atividade em alus\u00e3o ao Dia Mundial da<\/p>\n","protected":false},"author":1,"featured_media":0,"comment_status":"open","ping_status":"open","sticky":false,"template":"","format":"standard","meta":{"colormag_page_container_layout":"default_layout","colormag_page_sidebar_layout":"default_layout","footnotes":""},"categories":[],"tags":[],"class_list":["post-21716","post","type-post","status-publish","format-standard","hentry"],"aioseo_notices":[],"aioseo_head":"\n\t\t<!-- All in One SEO 5.0.1.1 - aioseo.com -->\n\t<meta name=\"description\" content=\"No Estabelecimento Penal Jair Ferreira de Carvalho, em Campo Grande, foi realizada uma atividade em alus\u00e3o ao Dia Mundial da Sa\u00fade Bucal, celebrado em 20 de mar\u00e7o. Al\u00e9m da conscientiza\u00e7\u00e3o e a \u00eanfase na preven\u00e7\u00e3o, foram distribu\u00eddos kits de higiene bucal aos internos alojados na ala da sa\u00fade. Kits de sa\u00fade bucal foram distribu\u00eddos. O\" \/>\n\t<meta name=\"robots\" content=\"max-image-preview:large\" \/>\n\t<link rel=\"canonical\" href=\"https:\/\/ejornais.com.br\/index.php\/2024\/03\/21\/no-dia-mundial-da-saude-bucal-reeducandos-de-ms-participam-de-acao-de-conscientizacao-agencia-de-noticias-do-governo-de-mato-grosso-do-sul\/\" \/>\n\t<meta name=\"generator\" content=\"All in One SEO (AIOSEO) 5.0.1.1\" \/>\n\t\t<meta property=\"og:locale\" content=\"pt_BR\" \/>\n\t\t<meta property=\"og:site_name\" content=\"eJornais - Cat\u00e1logo de Jornais no mundo, Not\u00edcias, Blog e Esportes ao vivo\" \/>\n\t\t<meta property=\"og:type\" content=\"article\" \/>\n\t\t<meta property=\"og:title\" content=\"No Dia Mundial da Sa\u00fade Bucal, reeducandos de MS participam de a\u00e7\u00e3o de conscientiza\u00e7\u00e3o \u2013 Ag\u00eancia de Noticias do Governo de Mato Grosso do Sul - eJornais\" \/>\n\t\t<meta property=\"og:description\" content=\"No Estabelecimento Penal Jair Ferreira de Carvalho, em Campo Grande, foi realizada uma atividade em alus\u00e3o ao Dia Mundial da Sa\u00fade Bucal, celebrado em 20 de mar\u00e7o. Al\u00e9m da conscientiza\u00e7\u00e3o e a \u00eanfase na preven\u00e7\u00e3o, foram distribu\u00eddos kits de higiene bucal aos internos alojados na ala da sa\u00fade. Kits de sa\u00fade bucal foram distribu\u00eddos. O\" \/>\n\t\t<meta property=\"og:url\" content=\"https:\/\/ejornais.com.br\/index.php\/2024\/03\/21\/no-dia-mundial-da-saude-bucal-reeducandos-de-ms-participam-de-acao-de-conscientizacao-agencia-de-noticias-do-governo-de-mato-grosso-do-sul\/\" \/>\n\t\t<meta property=\"article:published_time\" content=\"2024-03-21T10:58:48+00:00\" \/>\n\t\t<meta property=\"article:modified_time\" content=\"2024-03-21T10:58:48+00:00\" \/>\n\t\t<meta name=\"twitter:card\" content=\"summary_large_image\" \/>\n\t\t<meta name=\"twitter:title\" content=\"No Dia Mundial da Sa\u00fade Bucal, reeducandos de MS participam de a\u00e7\u00e3o de conscientiza\u00e7\u00e3o \u2013 Ag\u00eancia de Noticias do Governo de Mato Grosso do Sul - eJornais\" \/>\n\t\t<meta name=\"twitter:description\" content=\"No Estabelecimento Penal Jair Ferreira de Carvalho, em Campo Grande, foi realizada uma atividade em alus\u00e3o ao Dia Mundial da Sa\u00fade Bucal, celebrado em 20 de mar\u00e7o. Al\u00e9m da conscientiza\u00e7\u00e3o e a \u00eanfase na preven\u00e7\u00e3o, foram distribu\u00eddos kits de higiene bucal aos internos alojados na ala da sa\u00fade. Kits de sa\u00fade bucal foram distribu\u00eddos. O\" \/>\n\t\t<script type=\"application\/ld+json\" class=\"aioseo-schema\">\n\t\t\t{\"@context\":\"https:\\\/\\\/schema.org\",\"@graph\":[{\"@type\":\"BlogPosting\",\"@id\":\"https:\\\/\\\/ejornais.com.br\\\/index.php\\\/2024\\\/03\\\/21\\\/no-dia-mundial-da-saude-bucal-reeducandos-de-ms-participam-de-acao-de-conscientizacao-agencia-de-noticias-do-governo-de-mato-grosso-do-sul\\\/#blogposting\",\"name\":\"No Dia Mundial da Sa\\u00fade Bucal, reeducandos de MS participam de a\\u00e7\\u00e3o de conscientiza\\u00e7\\u00e3o \\u2013 Ag\\u00eancia de Noticias do Governo de Mato Grosso do Sul - eJornais\",\"headline\":\"No Dia Mundial da Sa\\u00fade Bucal, reeducandos de MS participam de a\\u00e7\\u00e3o de conscientiza\\u00e7\\u00e3o \\u2013 Ag\\u00eancia de Noticias do Governo de Mato Grosso do Sul\",\"author\":{\"@id\":\"https:\\\/\\\/ejornais.com.br\\\/index.php\\\/author\\\/#author\"},\"publisher\":{\"@id\":\"https:\\\/\\\/ejornais.com.br\\\/#organization\"},\"datePublished\":\"2024-03-21T07:58:48-03:00\",\"dateModified\":\"2024-03-21T07:58:48-03:00\",\"inLanguage\":\"pt-BR\",\"mainEntityOfPage\":{\"@id\":\"https:\\\/\\\/ejornais.com.br\\\/index.php\\\/2024\\\/03\\\/21\\\/no-dia-mundial-da-saude-bucal-reeducandos-de-ms-participam-de-acao-de-conscientizacao-agencia-de-noticias-do-governo-de-mato-grosso-do-sul\\\/#webpage\"},\"isPartOf\":{\"@id\":\"https:\\\/\\\/ejornais.com.br\\\/index.php\\\/2024\\\/03\\\/21\\\/no-dia-mundial-da-saude-bucal-reeducandos-de-ms-participam-de-acao-de-conscientizacao-agencia-de-noticias-do-governo-de-mato-grosso-do-sul\\\/#webpage\"}},{\"@type\":\"BreadcrumbList\",\"@id\":\"https:\\\/\\\/ejornais.com.br\\\/index.php\\\/2024\\\/03\\\/21\\\/no-dia-mundial-da-saude-bucal-reeducandos-de-ms-participam-de-acao-de-conscientizacao-agencia-de-noticias-do-governo-de-mato-grosso-do-sul\\\/#breadcrumblist\",\"itemListElement\":[{\"@type\":\"ListItem\",\"@id\":\"https:\\\/\\\/ejornais.com.br#listItem\",\"position\":1,\"name\":\"In\\u00edcio\",\"item\":\"https:\\\/\\\/ejornais.com.br\",\"nextItem\":{\"@type\":\"ListItem\",\"@id\":\"https:\\\/\\\/ejornais.com.br\\\/index.php\\\/2024\\\/03\\\/21\\\/no-dia-mundial-da-saude-bucal-reeducandos-de-ms-participam-de-acao-de-conscientizacao-agencia-de-noticias-do-governo-de-mato-grosso-do-sul\\\/#listItem\",\"name\":\"No Dia Mundial da Sa\\u00fade Bucal, reeducandos de MS participam de a\\u00e7\\u00e3o de conscientiza\\u00e7\\u00e3o \\u2013 Ag\\u00eancia de Noticias do Governo de Mato Grosso do Sul\"}},{\"@type\":\"ListItem\",\"@id\":\"https:\\\/\\\/ejornais.com.br\\\/index.php\\\/2024\\\/03\\\/21\\\/no-dia-mundial-da-saude-bucal-reeducandos-de-ms-participam-de-acao-de-conscientizacao-agencia-de-noticias-do-governo-de-mato-grosso-do-sul\\\/#listItem\",\"position\":2,\"name\":\"No Dia Mundial da Sa\\u00fade Bucal, reeducandos de MS participam de a\\u00e7\\u00e3o de conscientiza\\u00e7\\u00e3o \\u2013 Ag\\u00eancia de Noticias do Governo de Mato Grosso do Sul\",\"previousItem\":{\"@type\":\"ListItem\",\"@id\":\"https:\\\/\\\/ejornais.com.br#listItem\",\"name\":\"In\\u00edcio\"}}]},{\"@type\":\"Organization\",\"@id\":\"https:\\\/\\\/ejornais.com.br\\\/#organization\",\"name\":\"eJornais\",\"description\":\"Cat\\u00e1logo de Jornais no mundo, Not\\u00edcias, Blog e Esportes ao vivo\",\"url\":\"https:\\\/\\\/ejornais.com.br\\\/\"},{\"@type\":\"Person\",\"@id\":\"https:\\\/\\\/ejornais.com.br\\\/index.php\\\/author\\\/#author\",\"url\":\"https:\\\/\\\/ejornais.com.br\\\/index.php\\\/author\\\/\"},{\"@type\":\"WebPage\",\"@id\":\"https:\\\/\\\/ejornais.com.br\\\/index.php\\\/2024\\\/03\\\/21\\\/no-dia-mundial-da-saude-bucal-reeducandos-de-ms-participam-de-acao-de-conscientizacao-agencia-de-noticias-do-governo-de-mato-grosso-do-sul\\\/#webpage\",\"url\":\"https:\\\/\\\/ejornais.com.br\\\/index.php\\\/2024\\\/03\\\/21\\\/no-dia-mundial-da-saude-bucal-reeducandos-de-ms-participam-de-acao-de-conscientizacao-agencia-de-noticias-do-governo-de-mato-grosso-do-sul\\\/\",\"name\":\"No Dia Mundial da Sa\\u00fade Bucal, reeducandos de MS participam de a\\u00e7\\u00e3o de conscientiza\\u00e7\\u00e3o \\u2013 Ag\\u00eancia de Noticias do Governo de Mato Grosso do Sul - eJornais\",\"description\":\"No Estabelecimento Penal Jair Ferreira de Carvalho, em Campo Grande, foi realizada uma atividade em alus\\u00e3o ao Dia Mundial da Sa\\u00fade Bucal, celebrado em 20 de mar\\u00e7o. Al\\u00e9m da conscientiza\\u00e7\\u00e3o e a \\u00eanfase na preven\\u00e7\\u00e3o, foram distribu\\u00eddos kits de higiene bucal aos internos alojados na ala da sa\\u00fade. Kits de sa\\u00fade bucal foram distribu\\u00eddos. O\",\"inLanguage\":\"pt-BR\",\"isPartOf\":{\"@id\":\"https:\\\/\\\/ejornais.com.br\\\/#website\"},\"breadcrumb\":{\"@id\":\"https:\\\/\\\/ejornais.com.br\\\/index.php\\\/2024\\\/03\\\/21\\\/no-dia-mundial-da-saude-bucal-reeducandos-de-ms-participam-de-acao-de-conscientizacao-agencia-de-noticias-do-governo-de-mato-grosso-do-sul\\\/#breadcrumblist\"},\"author\":{\"@id\":\"https:\\\/\\\/ejornais.com.br\\\/index.php\\\/author\\\/#author\"},\"creator\":{\"@id\":\"https:\\\/\\\/ejornais.com.br\\\/index.php\\\/author\\\/#author\"},\"datePublished\":\"2024-03-21T07:58:48-03:00\",\"dateModified\":\"2024-03-21T07:58:48-03:00\"},{\"@type\":\"WebSite\",\"@id\":\"https:\\\/\\\/ejornais.com.br\\\/#website\",\"url\":\"https:\\\/\\\/ejornais.com.br\\\/\",\"name\":\"eJornais\",\"description\":\"Cat\\u00e1logo de Jornais no mundo, Not\\u00edcias, Blog e Esportes ao vivo\",\"inLanguage\":\"pt-BR\",\"publisher\":{\"@id\":\"https:\\\/\\\/ejornais.com.br\\\/#organization\"}}]}\n\t\t<\/script>\n\t\t<!-- All in One SEO -->\n\n","aioseo_head_json":{"title":"No Dia Mundial da Sa\u00fade Bucal, reeducandos de MS participam de a\u00e7\u00e3o de conscientiza\u00e7\u00e3o \u2013 Ag\u00eancia de Noticias do Governo de Mato Grosso do Sul - eJornais","description":"No Estabelecimento Penal Jair Ferreira de Carvalho, em Campo Grande, foi realizada uma atividade em alus\u00e3o ao Dia Mundial da Sa\u00fade Bucal, celebrado em 20 de mar\u00e7o. Al\u00e9m da conscientiza\u00e7\u00e3o e a \u00eanfase na preven\u00e7\u00e3o, foram distribu\u00eddos kits de higiene bucal aos internos alojados na ala da sa\u00fade. Kits de sa\u00fade bucal foram distribu\u00eddos. O","canonical_url":"https:\/\/ejornais.com.br\/index.php\/2024\/03\/21\/no-dia-mundial-da-saude-bucal-reeducandos-de-ms-participam-de-acao-de-conscientizacao-agencia-de-noticias-do-governo-de-mato-grosso-do-sul\/","robots":"max-image-preview:large","keywords":"","webmasterTools":{"miscellaneous":""},"schema":{"@context":"https:\/\/schema.org","@graph":[{"@type":"BlogPosting","@id":"https:\/\/ejornais.com.br\/index.php\/2024\/03\/21\/no-dia-mundial-da-saude-bucal-reeducandos-de-ms-participam-de-acao-de-conscientizacao-agencia-de-noticias-do-governo-de-mato-grosso-do-sul\/#blogposting","name":"No Dia Mundial da Sa\u00fade Bucal, reeducandos de MS participam de a\u00e7\u00e3o de conscientiza\u00e7\u00e3o \u2013 Ag\u00eancia de Noticias do Governo de Mato Grosso do Sul - eJornais","headline":"No Dia Mundial da Sa\u00fade Bucal, reeducandos de MS participam de a\u00e7\u00e3o de conscientiza\u00e7\u00e3o \u2013 Ag\u00eancia de Noticias do Governo de Mato Grosso do Sul","author":{"@id":"https:\/\/ejornais.com.br\/index.php\/author\/#author"},"publisher":{"@id":"https:\/\/ejornais.com.br\/#organization"},"datePublished":"2024-03-21T07:58:48-03:00","dateModified":"2024-03-21T07:58:48-03:00","inLanguage":"pt-BR","mainEntityOfPage":{"@id":"https:\/\/ejornais.com.br\/index.php\/2024\/03\/21\/no-dia-mundial-da-saude-bucal-reeducandos-de-ms-participam-de-acao-de-conscientizacao-agencia-de-noticias-do-governo-de-mato-grosso-do-sul\/#webpage"},"isPartOf":{"@id":"https:\/\/ejornais.com.br\/index.php\/2024\/03\/21\/no-dia-mundial-da-saude-bucal-reeducandos-de-ms-participam-de-acao-de-conscientizacao-agencia-de-noticias-do-governo-de-mato-grosso-do-sul\/#webpage"}},{"@type":"BreadcrumbList","@id":"https:\/\/ejornais.com.br\/index.php\/2024\/03\/21\/no-dia-mundial-da-saude-bucal-reeducandos-de-ms-participam-de-acao-de-conscientizacao-agencia-de-noticias-do-governo-de-mato-grosso-do-sul\/#breadcrumblist","itemListElement":[{"@type":"ListItem","@id":"https:\/\/ejornais.com.br#listItem","position":1,"name":"In\u00edcio","item":"https:\/\/ejornais.com.br","nextItem":{"@type":"ListItem","@id":"https:\/\/ejornais.com.br\/index.php\/2024\/03\/21\/no-dia-mundial-da-saude-bucal-reeducandos-de-ms-participam-de-acao-de-conscientizacao-agencia-de-noticias-do-governo-de-mato-grosso-do-sul\/#listItem","name":"No Dia Mundial da Sa\u00fade Bucal, reeducandos de MS participam de a\u00e7\u00e3o de conscientiza\u00e7\u00e3o \u2013 Ag\u00eancia de Noticias do Governo de Mato Grosso do Sul"}},{"@type":"ListItem","@id":"https:\/\/ejornais.com.br\/index.php\/2024\/03\/21\/no-dia-mundial-da-saude-bucal-reeducandos-de-ms-participam-de-acao-de-conscientizacao-agencia-de-noticias-do-governo-de-mato-grosso-do-sul\/#listItem","position":2,"name":"No Dia Mundial da Sa\u00fade Bucal, reeducandos de MS participam de a\u00e7\u00e3o de conscientiza\u00e7\u00e3o \u2013 Ag\u00eancia de Noticias do Governo de Mato Grosso do Sul","previousItem":{"@type":"ListItem","@id":"https:\/\/ejornais.com.br#listItem","name":"In\u00edcio"}}]},{"@type":"Organization","@id":"https:\/\/ejornais.com.br\/#organization","name":"eJornais","description":"Cat\u00e1logo de Jornais no mundo, Not\u00edcias, Blog e Esportes ao vivo","url":"https:\/\/ejornais.com.br\/"},{"@type":"Person","@id":"https:\/\/ejornais.com.br\/index.php\/author\/#author","url":"https:\/\/ejornais.com.br\/index.php\/author\/"},{"@type":"WebPage","@id":"https:\/\/ejornais.com.br\/index.php\/2024\/03\/21\/no-dia-mundial-da-saude-bucal-reeducandos-de-ms-participam-de-acao-de-conscientizacao-agencia-de-noticias-do-governo-de-mato-grosso-do-sul\/#webpage","url":"https:\/\/ejornais.com.br\/index.php\/2024\/03\/21\/no-dia-mundial-da-saude-bucal-reeducandos-de-ms-participam-de-acao-de-conscientizacao-agencia-de-noticias-do-governo-de-mato-grosso-do-sul\/","name":"No Dia Mundial da Sa\u00fade Bucal, reeducandos de MS participam de a\u00e7\u00e3o de conscientiza\u00e7\u00e3o \u2013 Ag\u00eancia de Noticias do Governo de Mato Grosso do Sul - eJornais","description":"No Estabelecimento Penal Jair Ferreira de Carvalho, em Campo Grande, foi realizada uma atividade em alus\u00e3o ao Dia Mundial da Sa\u00fade Bucal, celebrado em 20 de mar\u00e7o. Al\u00e9m da conscientiza\u00e7\u00e3o e a \u00eanfase na preven\u00e7\u00e3o, foram distribu\u00eddos kits de higiene bucal aos internos alojados na ala da sa\u00fade. Kits de sa\u00fade bucal foram distribu\u00eddos. O","inLanguage":"pt-BR","isPartOf":{"@id":"https:\/\/ejornais.com.br\/#website"},"breadcrumb":{"@id":"https:\/\/ejornais.com.br\/index.php\/2024\/03\/21\/no-dia-mundial-da-saude-bucal-reeducandos-de-ms-participam-de-acao-de-conscientizacao-agencia-de-noticias-do-governo-de-mato-grosso-do-sul\/#breadcrumblist"},"author":{"@id":"https:\/\/ejornais.com.br\/index.php\/author\/#author"},"creator":{"@id":"https:\/\/ejornais.com.br\/index.php\/author\/#author"},"datePublished":"2024-03-21T07:58:48-03:00","dateModified":"2024-03-21T07:58:48-03:00"},{"@type":"WebSite","@id":"https:\/\/ejornais.com.br\/#website","url":"https:\/\/ejornais.com.br\/","name":"eJornais","description":"Cat\u00e1logo de Jornais no mundo, Not\u00edcias, Blog e Esportes ao vivo","inLanguage":"pt-BR","publisher":{"@id":"https:\/\/ejornais.com.br\/#organization"}}]},"og:locale":"pt_BR","og:site_name":"eJornais - Cat\u00e1logo de Jornais no mundo, Not\u00edcias, Blog e Esportes ao vivo","og:type":"article","og:title":"No Dia Mundial da Sa\u00fade Bucal, reeducandos de MS participam de a\u00e7\u00e3o de conscientiza\u00e7\u00e3o \u2013 Ag\u00eancia de Noticias do Governo de Mato Grosso do Sul - eJornais","og:description":"No Estabelecimento Penal Jair Ferreira de Carvalho, em Campo Grande, foi realizada uma atividade em alus\u00e3o ao Dia Mundial da Sa\u00fade Bucal, celebrado em 20 de mar\u00e7o. Al\u00e9m da conscientiza\u00e7\u00e3o e a \u00eanfase na preven\u00e7\u00e3o, foram distribu\u00eddos kits de higiene bucal aos internos alojados na ala da sa\u00fade. Kits de sa\u00fade bucal foram distribu\u00eddos. O","og:url":"https:\/\/ejornais.com.br\/index.php\/2024\/03\/21\/no-dia-mundial-da-saude-bucal-reeducandos-de-ms-participam-de-acao-de-conscientizacao-agencia-de-noticias-do-governo-de-mato-grosso-do-sul\/","article:published_time":"2024-03-21T10:58:48+00:00","article:modified_time":"2024-03-21T10:58:48+00:00","twitter:card":"summary_large_image","twitter:title":"No Dia Mundial da Sa\u00fade Bucal, reeducandos de MS participam de a\u00e7\u00e3o de conscientiza\u00e7\u00e3o \u2013 Ag\u00eancia de Noticias do Governo de Mato Grosso do Sul - eJornais","twitter:description":"No Estabelecimento Penal Jair Ferreira de Carvalho, em Campo Grande, foi realizada uma atividade em alus\u00e3o ao Dia Mundial da Sa\u00fade Bucal, celebrado em 20 de mar\u00e7o. Al\u00e9m da conscientiza\u00e7\u00e3o e a \u00eanfase na preven\u00e7\u00e3o, foram distribu\u00eddos kits de higiene bucal aos internos alojados na ala da sa\u00fade. Kits de sa\u00fade bucal foram distribu\u00eddos. O"},"aioseo_meta_data":{"post_id":"21716","title":null,"description":null,"keywords":null,"keyphrases":null,"primary_term":null,"canonical_url":null,"og_title":null,"og_description":null,"og_object_type":"default","og_image_type":"default","og_image_url":null,"og_image_width":null,"og_image_height":null,"og_image_custom_url":null,"og_image_custom_fields":null,"og_video":null,"og_custom_url":null,"og_article_section":null,"og_article_tags":null,"twitter_use_og":false,"twitter_card":"default","twitter_image_type":"default","twitter_image_url":null,"twitter_image_custom_url":null,"twitter_image_custom_fields":null,"twitter_title":null,"twitter_description":null,"schema":{"blockGraphs":[],"customGraphs":[],"default":{"data":{"Article":[],"Course":[],"Dataset":[],"FAQPage":[],"Movie":[],"Person":[],"Product":[],"ProductReview":[],"Car":[],"Recipe":[],"Service":[],"SoftwareApplication":[],"WebPage":[]},"graphName":"","isEnabled":true},"graphs":[]},"schema_type":"default","schema_type_options":null,"pillar_content":false,"robots_default":true,"robots_noindex":false,"robots_noarchive":false,"robots_nosnippet":false,"robots_nofollow":false,"robots_noimageindex":false,"robots_noodp":false,"robots_notranslate":false,"robots_max_snippet":null,"robots_max_videopreview":null,"robots_max_imagepreview":"large","priority":null,"frequency":null,"local_seo":null,"breadcrumb_settings":null,"limit_modified_date":false,"ai":null,"created":"2024-03-21 11:06:33","updated":"2025-06-05 06:53:34","seo_analyzer_scan_date":null,"focus_keyword":null,"additional_keywords":null,"truseo_locale":null},"aioseo_breadcrumb":"<div class=\"aioseo-breadcrumbs\"><span class=\"aioseo-breadcrumb\">\n\t\t\t<a href=\"https:\/\/ejornais.com.br\" title=\"In\u00edcio\">In\u00edcio<\/a>\n\t\t<\/span><span class=\"aioseo-breadcrumb-separator\">&raquo;<\/span><span class=\"aioseo-breadcrumb\">\n\t\t\tNo Dia Mundial da Sa\u00fade Bucal, reeducandos de MS participam de a\u00e7\u00e3o de conscientiza\u00e7\u00e3o \u2013 Ag\u00eancia de Noticias do Governo de Mato Grosso do Sul\n\t\t<\/span><\/div>","aioseo_breadcrumb_json":[{"label":"In\u00edcio","link":"https:\/\/ejornais.com.br"},{"label":"No Dia Mundial da Sa\u00fade Bucal, reeducandos de MS participam de a\u00e7\u00e3o de conscientiza\u00e7\u00e3o \u2013 Ag\u00eancia de Noticias do Governo de Mato Grosso do Sul","link":"https:\/\/ejornais.com.br\/index.php\/2024\/03\/21\/no-dia-mundial-da-saude-bucal-reeducandos-de-ms-participam-de-acao-de-conscientizacao-agencia-de-noticias-do-governo-de-mato-grosso-do-sul\/"}],"amp_enabled":true,"_links":{"self":[{"href":"https:\/\/ejornais.com.br\/index.php\/wp-json\/wp\/v2\/posts\/21716","targetHints":{"allow":["GET"]}}],"collection":[{"href":"https:\/\/ejornais.com.br\/index.php\/wp-json\/wp\/v2\/posts"}],"about":[{"href":"https:\/\/ejornais.com.br\/index.php\/wp-json\/wp\/v2\/types\/post"}],"author":[{"embeddable":true,"href":"https:\/\/ejornais.com.br\/index.php\/wp-json\/wp\/v2\/users\/1"}],"replies":[{"embeddable":true,"href":"https:\/\/ejornais.com.br\/index.php\/wp-json\/wp\/v2\/comments?post=21716"}],"version-history":[{"count":0,"href":"https:\/\/ejornais.com.br\/index.php\/wp-json\/wp\/v2\/posts\/21716\/revisions"}],"wp:attachment":[{"href":"https:\/\/ejornais.com.br\/index.php\/wp-json\/wp\/v2\/media?parent=21716"}],"wp:term":[{"taxonomy":"category","embeddable":true,"href":"https:\/\/ejornais.com.br\/index.php\/wp-json\/wp\/v2\/categories?post=21716"},{"taxonomy":"post_tag","embeddable":true,"href":"https:\/\/ejornais.com.br\/index.php\/wp-json\/wp\/v2\/tags?post=21716"}],"curies":[{"name":"wp","href":"https:\/\/api.w.org\/{rel}","templated":true}]}}