{"id":21772,"date":"2024-03-22T00:56:04","date_gmt":"2024-03-22T03:56:04","guid":{"rendered":"https:\/\/ejornais.com.br\/index.php\/2024\/03\/22\/agencia-minas-gerais-vice-governador-ressalta-acoes-para-fortalecimento-do-artesanato-em-minas-gerais\/"},"modified":"2024-03-22T00:56:04","modified_gmt":"2024-03-22T03:56:04","slug":"agencia-minas-gerais-vice-governador-ressalta-acoes-para-fortalecimento-do-artesanato-em-minas-gerais","status":"publish","type":"post","link":"https:\/\/ejornais.com.br\/index.php\/2024\/03\/22\/agencia-minas-gerais-vice-governador-ressalta-acoes-para-fortalecimento-do-artesanato-em-minas-gerais\/","title":{"rendered":"Ag\u00eancia Minas Gerais | Vice-governador ressalta a\u00e7\u00f5es para fortalecimento do artesanato em Minas Gerais"},"content":{"rendered":"<p><\/p>\n<div>\n<section class=\"news-related \/ col-md-4 col-lg-3 \/ margin-md-bottom-2 margin-left-1 \/ pull-right \/ hidden-xs hidden-sm\">\n<header>\n<p class=\"text-title-section \/ margin-bottom-1\">Relacionadas<\/p>\n<\/header>\n<p>\t\t\t\t\t\t\t<main><\/p>\n<hr class=\"row margin-md-bottom-2\"\/>\n\t\t\t\t\t\t\t<\/main><br \/>\n\t\t\t\t\t\t<\/section>\n<p>O vice-governador Professor Mateus participou, nesta quinta-feira (21\/3), de um encontro com cerca de 30 artes\u00e3os mineiros, no Pal\u00e1cio da Liberdade, em Belo Horizonte. Na oportunidade, ele tamb\u00e9m visitou, no mesmo local, a exposi\u00e7\u00e3o \u201cS\u00e3o Jos\u00e9 \u2013 O artes\u00e3o\u201d, que abre a 7\u00aa Semana do Artes\u00e3o Mineiro.<\/p>\n<p>Mais de 50 artes\u00e3os,\u00a0de 32 munic\u00edpios de diversas regi\u00f5es do estado,\u00a0foram selecionados para a exposi\u00e7\u00e3o, totalizando 70 obras em destaque. O evento \u00e9 uma parceria entre a Secretaria de Estado de Desenvolvimento Econ\u00f4mico (Sede), Funda\u00e7\u00e3o Cl\u00f3vis Salgado (FCS) e Sebrae.<\/p>\n<p>No encontro, Professor Mateus ouviu demandas dos profissionais e ressaltou iniciativas do Governo de Minas\u00a0para fortalecimento e est\u00edmulo ao artesanato mineiro, que &#8216;faz parte da riqueza hist\u00f3rica e tur\u00edstica de Minas Gerais&#8217;.<\/p>\n<p>\u201cN\u00e3o se fala em turismo e cultura em Minas Gerais sem se falar em produ\u00e7\u00e3o de artesanatos. Portanto, fico muito feliz de termos aqui\u00a0 este contato. N\u00f3s tamb\u00e9m tratamos a quest\u00e3o do artesanato dentro do ambiente do desenvolvimento econ\u00f4mico, pois \u00e9 uma atividade econ\u00f4mica que gera emprego, renda e, tamb\u00e9m, tem um valor art\u00edstico que deve ser preservado. O que os artes\u00e3os produzem faz parte da cultura de Minas Gerais.\u00a0Ent\u00e3o, fico muito feliz quando a gente tem a oportunidade de tratar do artesanato pela dupla abordagem, tanto do papel econ\u00f4mico quanto cultural\u201d, disse o vice-governador.<\/p>\n<p>No ano passado, foram emitidas 980 Carteiras Nacionais do Artes\u00e3o, contemplando 160 munic\u00edpios. Na reuni\u00e3o, o\u00a0secret\u00e1rio de Desenvolvimento Econ\u00f4mico, Fernando Passalio, afirmou\u00a0que ainda h\u00e1\u00a0desafios em rela\u00e7\u00e3o ao setor, mas que o Estado\u00a0vem trabalhando para estimular os artistas e suas produ\u00e7\u00f5es.<\/p>\n<p>\u201cPrecisamos melhorar o escoamento e a escala do setor, fazer com que a arte seja, cada vez mais, um ativo econ\u00f4mico. N\u00f3s trabalhamos para atrelar arte e economia, pois a arte \u00e9, tamb\u00e9m, uma forma de gera\u00e7\u00e3o de emprego e renda em todo o estado, e a riqueza do artesanato de Minas \u00e9 realmente reconhecida no Brasil e fora dele\u201d, destacou.<\/p>\n<p>O subsecret\u00e1rio de Liberdade Econ\u00f4mica e Empreendedorismo, Rodrigo Sampaio, acrescentou que o Governo de Minas tem uma vis\u00e3o clara de que o artesanato \u00e9 uma atividade econ\u00f4mica de grande relev\u00e2ncia.<\/p>\n<p>\u201cAl\u00e9m de ser uma maneira muito particular de demonstrar e levar as nossas riquezas e as nossas caracter\u00edsticas por meio do talento, o setor tamb\u00e9m \u00e9 um grande neg\u00f3cio, fazendo com que esse dom que eles t\u00eam possa se transformar em mais renda e trabalho para os artistas e seus familiares. Muitas fam\u00edlias, muitas comunidades s\u00e3o sustentadas em raz\u00e3o do artesanato. Enxergar isso como uma atividade econ\u00f4mica \u00e9 fundamental para que isso n\u00e3o se perca com o tempo\u201d, acrescentou.<\/p>\n<p>Por fim, o secret\u00e1rio de Estado de Cultura e Turismo (Secult), Le\u00f4nidas de Oliveira, enfatizou que o artesanato est\u00e1 na alma do mineiro.<\/p>\n<p>\u201cReconhecemos a import\u00e2ncia da arte para a vida, para a sobreviv\u00eancia da nossa alma e, tamb\u00e9m, como esse grande fator criativo de gera\u00e7\u00e3o de emprego e de renda\u201d, concluiu.<\/p>\n<\/p><\/div>\n","protected":false},"excerpt":{"rendered":"<p>Relacionadas O vice-governador Professor Mateus participou, nesta quinta-feira (21\/3), de um encontro com cerca de 30 artes\u00e3os mineiros, no Pal\u00e1cio<\/p>\n","protected":false},"author":1,"featured_media":0,"comment_status":"open","ping_status":"open","sticky":false,"template":"","format":"standard","meta":{"colormag_page_container_layout":"default_layout","colormag_page_sidebar_layout":"default_layout","footnotes":""},"categories":[1],"tags":[],"class_list":["post-21772","post","type-post","status-publish","format-standard","hentry","category-ejornais"],"aioseo_notices":[],"aioseo_head":"\n\t\t<!-- All in One SEO 5.0.1.1 - aioseo.com -->\n\t<meta name=\"description\" content=\"Relacionadas O vice-governador Professor Mateus participou, nesta quinta-feira (21\/3), de um encontro com cerca de 30 artes\u00e3os mineiros, no Pal\u00e1cio da Liberdade, em Belo Horizonte. Na oportunidade, ele tamb\u00e9m visitou, no mesmo local, a exposi\u00e7\u00e3o \u201cS\u00e3o Jos\u00e9 \u2013 O artes\u00e3o\u201d, que abre a 7\u00aa Semana do Artes\u00e3o Mineiro.Mais de 50 artes\u00e3os, de 32 munic\u00edpios de diversas\" \/>\n\t<meta name=\"robots\" content=\"max-image-preview:large\" \/>\n\t<link rel=\"canonical\" href=\"https:\/\/ejornais.com.br\/index.php\/2024\/03\/22\/agencia-minas-gerais-vice-governador-ressalta-acoes-para-fortalecimento-do-artesanato-em-minas-gerais\/\" \/>\n\t<meta name=\"generator\" content=\"All in One SEO (AIOSEO) 5.0.1.1\" \/>\n\t\t<meta property=\"og:locale\" content=\"pt_BR\" \/>\n\t\t<meta property=\"og:site_name\" content=\"eJornais - Cat\u00e1logo de Jornais no mundo, Not\u00edcias, Blog e Esportes ao vivo\" \/>\n\t\t<meta property=\"og:type\" content=\"article\" \/>\n\t\t<meta property=\"og:title\" content=\"Ag\u00eancia Minas Gerais | Vice-governador ressalta a\u00e7\u00f5es para fortalecimento do artesanato em Minas Gerais - eJornais\" \/>\n\t\t<meta property=\"og:description\" content=\"Relacionadas O vice-governador Professor Mateus participou, nesta quinta-feira (21\/3), de um encontro com cerca de 30 artes\u00e3os mineiros, no Pal\u00e1cio da Liberdade, em Belo Horizonte. Na oportunidade, ele tamb\u00e9m visitou, no mesmo local, a exposi\u00e7\u00e3o \u201cS\u00e3o Jos\u00e9 \u2013 O artes\u00e3o\u201d, que abre a 7\u00aa Semana do Artes\u00e3o Mineiro.Mais de 50 artes\u00e3os, de 32 munic\u00edpios de diversas\" \/>\n\t\t<meta property=\"og:url\" content=\"https:\/\/ejornais.com.br\/index.php\/2024\/03\/22\/agencia-minas-gerais-vice-governador-ressalta-acoes-para-fortalecimento-do-artesanato-em-minas-gerais\/\" \/>\n\t\t<meta property=\"article:published_time\" content=\"2024-03-22T03:56:04+00:00\" \/>\n\t\t<meta property=\"article:modified_time\" content=\"2024-03-22T03:56:04+00:00\" \/>\n\t\t<meta name=\"twitter:card\" content=\"summary_large_image\" \/>\n\t\t<meta name=\"twitter:title\" content=\"Ag\u00eancia Minas Gerais | Vice-governador ressalta a\u00e7\u00f5es para fortalecimento do artesanato em Minas Gerais - eJornais\" \/>\n\t\t<meta name=\"twitter:description\" content=\"Relacionadas O vice-governador Professor Mateus participou, nesta quinta-feira (21\/3), de um encontro com cerca de 30 artes\u00e3os mineiros, no Pal\u00e1cio da Liberdade, em Belo Horizonte. Na oportunidade, ele tamb\u00e9m visitou, no mesmo local, a exposi\u00e7\u00e3o \u201cS\u00e3o Jos\u00e9 \u2013 O artes\u00e3o\u201d, que abre a 7\u00aa Semana do Artes\u00e3o Mineiro.Mais de 50 artes\u00e3os, de 32 munic\u00edpios de diversas\" \/>\n\t\t<script type=\"application\/ld+json\" class=\"aioseo-schema\">\n\t\t\t{\"@context\":\"https:\\\/\\\/schema.org\",\"@graph\":[{\"@type\":\"BlogPosting\",\"@id\":\"https:\\\/\\\/ejornais.com.br\\\/index.php\\\/2024\\\/03\\\/22\\\/agencia-minas-gerais-vice-governador-ressalta-acoes-para-fortalecimento-do-artesanato-em-minas-gerais\\\/#blogposting\",\"name\":\"Ag\\u00eancia Minas Gerais | Vice-governador ressalta a\\u00e7\\u00f5es para fortalecimento do artesanato em Minas Gerais - eJornais\",\"headline\":\"Ag\\u00eancia Minas Gerais | Vice-governador ressalta a\\u00e7\\u00f5es para fortalecimento do artesanato em Minas Gerais\",\"author\":{\"@id\":\"https:\\\/\\\/ejornais.com.br\\\/index.php\\\/author\\\/#author\"},\"publisher\":{\"@id\":\"https:\\\/\\\/ejornais.com.br\\\/#organization\"},\"datePublished\":\"2024-03-22T00:56:04-03:00\",\"dateModified\":\"2024-03-22T00:56:04-03:00\",\"inLanguage\":\"pt-BR\",\"mainEntityOfPage\":{\"@id\":\"https:\\\/\\\/ejornais.com.br\\\/index.php\\\/2024\\\/03\\\/22\\\/agencia-minas-gerais-vice-governador-ressalta-acoes-para-fortalecimento-do-artesanato-em-minas-gerais\\\/#webpage\"},\"isPartOf\":{\"@id\":\"https:\\\/\\\/ejornais.com.br\\\/index.php\\\/2024\\\/03\\\/22\\\/agencia-minas-gerais-vice-governador-ressalta-acoes-para-fortalecimento-do-artesanato-em-minas-gerais\\\/#webpage\"},\"articleSection\":\"Cat\\u00e1logo de Jornais\"},{\"@type\":\"BreadcrumbList\",\"@id\":\"https:\\\/\\\/ejornais.com.br\\\/index.php\\\/2024\\\/03\\\/22\\\/agencia-minas-gerais-vice-governador-ressalta-acoes-para-fortalecimento-do-artesanato-em-minas-gerais\\\/#breadcrumblist\",\"itemListElement\":[{\"@type\":\"ListItem\",\"@id\":\"https:\\\/\\\/ejornais.com.br#listItem\",\"position\":1,\"name\":\"In\\u00edcio\",\"item\":\"https:\\\/\\\/ejornais.com.br\",\"nextItem\":{\"@type\":\"ListItem\",\"@id\":\"https:\\\/\\\/ejornais.com.br\\\/index.php\\\/category\\\/ejornais\\\/#listItem\",\"name\":\"Cat\\u00e1logo de Jornais\"}},{\"@type\":\"ListItem\",\"@id\":\"https:\\\/\\\/ejornais.com.br\\\/index.php\\\/category\\\/ejornais\\\/#listItem\",\"position\":2,\"name\":\"Cat\\u00e1logo de Jornais\",\"item\":\"https:\\\/\\\/ejornais.com.br\\\/index.php\\\/category\\\/ejornais\\\/\",\"nextItem\":{\"@type\":\"ListItem\",\"@id\":\"https:\\\/\\\/ejornais.com.br\\\/index.php\\\/2024\\\/03\\\/22\\\/agencia-minas-gerais-vice-governador-ressalta-acoes-para-fortalecimento-do-artesanato-em-minas-gerais\\\/#listItem\",\"name\":\"Ag\\u00eancia Minas Gerais | Vice-governador ressalta a\\u00e7\\u00f5es para fortalecimento do artesanato em Minas Gerais\"},\"previousItem\":{\"@type\":\"ListItem\",\"@id\":\"https:\\\/\\\/ejornais.com.br#listItem\",\"name\":\"In\\u00edcio\"}},{\"@type\":\"ListItem\",\"@id\":\"https:\\\/\\\/ejornais.com.br\\\/index.php\\\/2024\\\/03\\\/22\\\/agencia-minas-gerais-vice-governador-ressalta-acoes-para-fortalecimento-do-artesanato-em-minas-gerais\\\/#listItem\",\"position\":3,\"name\":\"Ag\\u00eancia Minas Gerais | Vice-governador ressalta a\\u00e7\\u00f5es para fortalecimento do artesanato em Minas Gerais\",\"previousItem\":{\"@type\":\"ListItem\",\"@id\":\"https:\\\/\\\/ejornais.com.br\\\/index.php\\\/category\\\/ejornais\\\/#listItem\",\"name\":\"Cat\\u00e1logo de Jornais\"}}]},{\"@type\":\"Organization\",\"@id\":\"https:\\\/\\\/ejornais.com.br\\\/#organization\",\"name\":\"eJornais\",\"description\":\"Cat\\u00e1logo de Jornais no mundo, Not\\u00edcias, Blog e Esportes ao vivo\",\"url\":\"https:\\\/\\\/ejornais.com.br\\\/\"},{\"@type\":\"Person\",\"@id\":\"https:\\\/\\\/ejornais.com.br\\\/index.php\\\/author\\\/#author\",\"url\":\"https:\\\/\\\/ejornais.com.br\\\/index.php\\\/author\\\/\"},{\"@type\":\"WebPage\",\"@id\":\"https:\\\/\\\/ejornais.com.br\\\/index.php\\\/2024\\\/03\\\/22\\\/agencia-minas-gerais-vice-governador-ressalta-acoes-para-fortalecimento-do-artesanato-em-minas-gerais\\\/#webpage\",\"url\":\"https:\\\/\\\/ejornais.com.br\\\/index.php\\\/2024\\\/03\\\/22\\\/agencia-minas-gerais-vice-governador-ressalta-acoes-para-fortalecimento-do-artesanato-em-minas-gerais\\\/\",\"name\":\"Ag\\u00eancia Minas Gerais | Vice-governador ressalta a\\u00e7\\u00f5es para fortalecimento do artesanato em Minas Gerais - eJornais\",\"description\":\"Relacionadas O vice-governador Professor Mateus participou, nesta quinta-feira (21\\\/3), de um encontro com cerca de 30 artes\\u00e3os mineiros, no Pal\\u00e1cio da Liberdade, em Belo Horizonte. Na oportunidade, ele tamb\\u00e9m visitou, no mesmo local, a exposi\\u00e7\\u00e3o \\u201cS\\u00e3o Jos\\u00e9 \\u2013 O artes\\u00e3o\\u201d, que abre a 7\\u00aa Semana do Artes\\u00e3o Mineiro.Mais de 50 artes\\u00e3os, de 32 munic\\u00edpios de diversas\",\"inLanguage\":\"pt-BR\",\"isPartOf\":{\"@id\":\"https:\\\/\\\/ejornais.com.br\\\/#website\"},\"breadcrumb\":{\"@id\":\"https:\\\/\\\/ejornais.com.br\\\/index.php\\\/2024\\\/03\\\/22\\\/agencia-minas-gerais-vice-governador-ressalta-acoes-para-fortalecimento-do-artesanato-em-minas-gerais\\\/#breadcrumblist\"},\"author\":{\"@id\":\"https:\\\/\\\/ejornais.com.br\\\/index.php\\\/author\\\/#author\"},\"creator\":{\"@id\":\"https:\\\/\\\/ejornais.com.br\\\/index.php\\\/author\\\/#author\"},\"datePublished\":\"2024-03-22T00:56:04-03:00\",\"dateModified\":\"2024-03-22T00:56:04-03:00\"},{\"@type\":\"WebSite\",\"@id\":\"https:\\\/\\\/ejornais.com.br\\\/#website\",\"url\":\"https:\\\/\\\/ejornais.com.br\\\/\",\"name\":\"eJornais\",\"description\":\"Cat\\u00e1logo de Jornais no mundo, Not\\u00edcias, Blog e Esportes ao vivo\",\"inLanguage\":\"pt-BR\",\"publisher\":{\"@id\":\"https:\\\/\\\/ejornais.com.br\\\/#organization\"}}]}\n\t\t<\/script>\n\t\t<!-- All in One SEO -->\n\n","aioseo_head_json":{"title":"Ag\u00eancia Minas Gerais | Vice-governador ressalta a\u00e7\u00f5es para fortalecimento do artesanato em Minas Gerais - eJornais","description":"Relacionadas O vice-governador Professor Mateus participou, nesta quinta-feira (21\/3), de um encontro com cerca de 30 artes\u00e3os mineiros, no Pal\u00e1cio da Liberdade, em Belo Horizonte. Na oportunidade, ele tamb\u00e9m visitou, no mesmo local, a exposi\u00e7\u00e3o \u201cS\u00e3o Jos\u00e9 \u2013 O artes\u00e3o\u201d, que abre a 7\u00aa Semana do Artes\u00e3o Mineiro.Mais de 50 artes\u00e3os, de 32 munic\u00edpios de diversas","canonical_url":"https:\/\/ejornais.com.br\/index.php\/2024\/03\/22\/agencia-minas-gerais-vice-governador-ressalta-acoes-para-fortalecimento-do-artesanato-em-minas-gerais\/","robots":"max-image-preview:large","keywords":"","webmasterTools":{"miscellaneous":""},"schema":{"@context":"https:\/\/schema.org","@graph":[{"@type":"BlogPosting","@id":"https:\/\/ejornais.com.br\/index.php\/2024\/03\/22\/agencia-minas-gerais-vice-governador-ressalta-acoes-para-fortalecimento-do-artesanato-em-minas-gerais\/#blogposting","name":"Ag\u00eancia Minas Gerais | Vice-governador ressalta a\u00e7\u00f5es para fortalecimento do artesanato em Minas Gerais - eJornais","headline":"Ag\u00eancia Minas Gerais | Vice-governador ressalta a\u00e7\u00f5es para fortalecimento do artesanato em Minas Gerais","author":{"@id":"https:\/\/ejornais.com.br\/index.php\/author\/#author"},"publisher":{"@id":"https:\/\/ejornais.com.br\/#organization"},"datePublished":"2024-03-22T00:56:04-03:00","dateModified":"2024-03-22T00:56:04-03:00","inLanguage":"pt-BR","mainEntityOfPage":{"@id":"https:\/\/ejornais.com.br\/index.php\/2024\/03\/22\/agencia-minas-gerais-vice-governador-ressalta-acoes-para-fortalecimento-do-artesanato-em-minas-gerais\/#webpage"},"isPartOf":{"@id":"https:\/\/ejornais.com.br\/index.php\/2024\/03\/22\/agencia-minas-gerais-vice-governador-ressalta-acoes-para-fortalecimento-do-artesanato-em-minas-gerais\/#webpage"},"articleSection":"Cat\u00e1logo de Jornais"},{"@type":"BreadcrumbList","@id":"https:\/\/ejornais.com.br\/index.php\/2024\/03\/22\/agencia-minas-gerais-vice-governador-ressalta-acoes-para-fortalecimento-do-artesanato-em-minas-gerais\/#breadcrumblist","itemListElement":[{"@type":"ListItem","@id":"https:\/\/ejornais.com.br#listItem","position":1,"name":"In\u00edcio","item":"https:\/\/ejornais.com.br","nextItem":{"@type":"ListItem","@id":"https:\/\/ejornais.com.br\/index.php\/category\/ejornais\/#listItem","name":"Cat\u00e1logo de Jornais"}},{"@type":"ListItem","@id":"https:\/\/ejornais.com.br\/index.php\/category\/ejornais\/#listItem","position":2,"name":"Cat\u00e1logo de Jornais","item":"https:\/\/ejornais.com.br\/index.php\/category\/ejornais\/","nextItem":{"@type":"ListItem","@id":"https:\/\/ejornais.com.br\/index.php\/2024\/03\/22\/agencia-minas-gerais-vice-governador-ressalta-acoes-para-fortalecimento-do-artesanato-em-minas-gerais\/#listItem","name":"Ag\u00eancia Minas Gerais | Vice-governador ressalta a\u00e7\u00f5es para fortalecimento do artesanato em Minas Gerais"},"previousItem":{"@type":"ListItem","@id":"https:\/\/ejornais.com.br#listItem","name":"In\u00edcio"}},{"@type":"ListItem","@id":"https:\/\/ejornais.com.br\/index.php\/2024\/03\/22\/agencia-minas-gerais-vice-governador-ressalta-acoes-para-fortalecimento-do-artesanato-em-minas-gerais\/#listItem","position":3,"name":"Ag\u00eancia Minas Gerais | Vice-governador ressalta a\u00e7\u00f5es para fortalecimento do artesanato em Minas Gerais","previousItem":{"@type":"ListItem","@id":"https:\/\/ejornais.com.br\/index.php\/category\/ejornais\/#listItem","name":"Cat\u00e1logo de Jornais"}}]},{"@type":"Organization","@id":"https:\/\/ejornais.com.br\/#organization","name":"eJornais","description":"Cat\u00e1logo de Jornais no mundo, Not\u00edcias, Blog e Esportes ao vivo","url":"https:\/\/ejornais.com.br\/"},{"@type":"Person","@id":"https:\/\/ejornais.com.br\/index.php\/author\/#author","url":"https:\/\/ejornais.com.br\/index.php\/author\/"},{"@type":"WebPage","@id":"https:\/\/ejornais.com.br\/index.php\/2024\/03\/22\/agencia-minas-gerais-vice-governador-ressalta-acoes-para-fortalecimento-do-artesanato-em-minas-gerais\/#webpage","url":"https:\/\/ejornais.com.br\/index.php\/2024\/03\/22\/agencia-minas-gerais-vice-governador-ressalta-acoes-para-fortalecimento-do-artesanato-em-minas-gerais\/","name":"Ag\u00eancia Minas Gerais | Vice-governador ressalta a\u00e7\u00f5es para fortalecimento do artesanato em Minas Gerais - eJornais","description":"Relacionadas O vice-governador Professor Mateus participou, nesta quinta-feira (21\/3), de um encontro com cerca de 30 artes\u00e3os mineiros, no Pal\u00e1cio da Liberdade, em Belo Horizonte. Na oportunidade, ele tamb\u00e9m visitou, no mesmo local, a exposi\u00e7\u00e3o \u201cS\u00e3o Jos\u00e9 \u2013 O artes\u00e3o\u201d, que abre a 7\u00aa Semana do Artes\u00e3o Mineiro.Mais de 50 artes\u00e3os, de 32 munic\u00edpios de diversas","inLanguage":"pt-BR","isPartOf":{"@id":"https:\/\/ejornais.com.br\/#website"},"breadcrumb":{"@id":"https:\/\/ejornais.com.br\/index.php\/2024\/03\/22\/agencia-minas-gerais-vice-governador-ressalta-acoes-para-fortalecimento-do-artesanato-em-minas-gerais\/#breadcrumblist"},"author":{"@id":"https:\/\/ejornais.com.br\/index.php\/author\/#author"},"creator":{"@id":"https:\/\/ejornais.com.br\/index.php\/author\/#author"},"datePublished":"2024-03-22T00:56:04-03:00","dateModified":"2024-03-22T00:56:04-03:00"},{"@type":"WebSite","@id":"https:\/\/ejornais.com.br\/#website","url":"https:\/\/ejornais.com.br\/","name":"eJornais","description":"Cat\u00e1logo de Jornais no mundo, Not\u00edcias, Blog e Esportes ao vivo","inLanguage":"pt-BR","publisher":{"@id":"https:\/\/ejornais.com.br\/#organization"}}]},"og:locale":"pt_BR","og:site_name":"eJornais - Cat\u00e1logo de Jornais no mundo, Not\u00edcias, Blog e Esportes ao vivo","og:type":"article","og:title":"Ag\u00eancia Minas Gerais | Vice-governador ressalta a\u00e7\u00f5es para fortalecimento do artesanato em Minas Gerais - eJornais","og:description":"Relacionadas O vice-governador Professor Mateus participou, nesta quinta-feira (21\/3), de um encontro com cerca de 30 artes\u00e3os mineiros, no Pal\u00e1cio da Liberdade, em Belo Horizonte. Na oportunidade, ele tamb\u00e9m visitou, no mesmo local, a exposi\u00e7\u00e3o \u201cS\u00e3o Jos\u00e9 \u2013 O artes\u00e3o\u201d, que abre a 7\u00aa Semana do Artes\u00e3o Mineiro.Mais de 50 artes\u00e3os, de 32 munic\u00edpios de diversas","og:url":"https:\/\/ejornais.com.br\/index.php\/2024\/03\/22\/agencia-minas-gerais-vice-governador-ressalta-acoes-para-fortalecimento-do-artesanato-em-minas-gerais\/","article:published_time":"2024-03-22T03:56:04+00:00","article:modified_time":"2024-03-22T03:56:04+00:00","twitter:card":"summary_large_image","twitter:title":"Ag\u00eancia Minas Gerais | Vice-governador ressalta a\u00e7\u00f5es para fortalecimento do artesanato em Minas Gerais - eJornais","twitter:description":"Relacionadas O vice-governador Professor Mateus participou, nesta quinta-feira (21\/3), de um encontro com cerca de 30 artes\u00e3os mineiros, no Pal\u00e1cio da Liberdade, em Belo Horizonte. Na oportunidade, ele tamb\u00e9m visitou, no mesmo local, a exposi\u00e7\u00e3o \u201cS\u00e3o Jos\u00e9 \u2013 O artes\u00e3o\u201d, que abre a 7\u00aa Semana do Artes\u00e3o Mineiro.Mais de 50 artes\u00e3os, de 32 munic\u00edpios de diversas"},"aioseo_meta_data":{"post_id":"21772","title":null,"description":null,"keywords":null,"keyphrases":null,"primary_term":null,"canonical_url":null,"og_title":null,"og_description":null,"og_object_type":"default","og_image_type":"default","og_image_url":null,"og_image_width":null,"og_image_height":null,"og_image_custom_url":null,"og_image_custom_fields":null,"og_video":null,"og_custom_url":null,"og_article_section":null,"og_article_tags":null,"twitter_use_og":false,"twitter_card":"default","twitter_image_type":"default","twitter_image_url":null,"twitter_image_custom_url":null,"twitter_image_custom_fields":null,"twitter_title":null,"twitter_description":null,"schema":{"blockGraphs":[],"customGraphs":[],"default":{"data":{"Article":[],"Course":[],"Dataset":[],"FAQPage":[],"Movie":[],"Person":[],"Product":[],"ProductReview":[],"Car":[],"Recipe":[],"Service":[],"SoftwareApplication":[],"WebPage":[]},"graphName":"","isEnabled":true},"graphs":[]},"schema_type":"default","schema_type_options":null,"pillar_content":false,"robots_default":true,"robots_noindex":false,"robots_noarchive":false,"robots_nosnippet":false,"robots_nofollow":false,"robots_noimageindex":false,"robots_noodp":false,"robots_notranslate":false,"robots_max_snippet":null,"robots_max_videopreview":null,"robots_max_imagepreview":"large","priority":null,"frequency":null,"local_seo":null,"breadcrumb_settings":null,"limit_modified_date":false,"ai":null,"created":"2024-03-22 04:03:48","updated":"2025-06-05 06:58:43","seo_analyzer_scan_date":null,"focus_keyword":null,"additional_keywords":null,"truseo_locale":null},"aioseo_breadcrumb":"<div class=\"aioseo-breadcrumbs\"><span class=\"aioseo-breadcrumb\">\n\t\t\t<a href=\"https:\/\/ejornais.com.br\" title=\"In\u00edcio\">In\u00edcio<\/a>\n\t\t<\/span><span class=\"aioseo-breadcrumb-separator\">&raquo;<\/span><span class=\"aioseo-breadcrumb\">\n\t\t\t<a href=\"https:\/\/ejornais.com.br\/index.php\/category\/ejornais\/\" title=\"Cat\u00e1logo de Jornais\">Cat\u00e1logo de Jornais<\/a>\n\t\t<\/span><span class=\"aioseo-breadcrumb-separator\">&raquo;<\/span><span class=\"aioseo-breadcrumb\">\n\t\t\tAg\u00eancia Minas Gerais | Vice-governador ressalta a\u00e7\u00f5es para fortalecimento do artesanato em Minas Gerais\n\t\t<\/span><\/div>","aioseo_breadcrumb_json":[{"label":"In\u00edcio","link":"https:\/\/ejornais.com.br"},{"label":"Cat\u00e1logo de Jornais","link":"https:\/\/ejornais.com.br\/index.php\/category\/ejornais\/"},{"label":"Ag\u00eancia Minas Gerais | Vice-governador ressalta a\u00e7\u00f5es para fortalecimento do artesanato em Minas Gerais","link":"https:\/\/ejornais.com.br\/index.php\/2024\/03\/22\/agencia-minas-gerais-vice-governador-ressalta-acoes-para-fortalecimento-do-artesanato-em-minas-gerais\/"}],"amp_enabled":true,"_links":{"self":[{"href":"https:\/\/ejornais.com.br\/index.php\/wp-json\/wp\/v2\/posts\/21772","targetHints":{"allow":["GET"]}}],"collection":[{"href":"https:\/\/ejornais.com.br\/index.php\/wp-json\/wp\/v2\/posts"}],"about":[{"href":"https:\/\/ejornais.com.br\/index.php\/wp-json\/wp\/v2\/types\/post"}],"author":[{"embeddable":true,"href":"https:\/\/ejornais.com.br\/index.php\/wp-json\/wp\/v2\/users\/1"}],"replies":[{"embeddable":true,"href":"https:\/\/ejornais.com.br\/index.php\/wp-json\/wp\/v2\/comments?post=21772"}],"version-history":[{"count":0,"href":"https:\/\/ejornais.com.br\/index.php\/wp-json\/wp\/v2\/posts\/21772\/revisions"}],"wp:attachment":[{"href":"https:\/\/ejornais.com.br\/index.php\/wp-json\/wp\/v2\/media?parent=21772"}],"wp:term":[{"taxonomy":"category","embeddable":true,"href":"https:\/\/ejornais.com.br\/index.php\/wp-json\/wp\/v2\/categories?post=21772"},{"taxonomy":"post_tag","embeddable":true,"href":"https:\/\/ejornais.com.br\/index.php\/wp-json\/wp\/v2\/tags?post=21772"}],"curies":[{"name":"wp","href":"https:\/\/api.w.org\/{rel}","templated":true}]}}