{"id":21990,"date":"2024-03-26T07:42:27","date_gmt":"2024-03-26T10:42:27","guid":{"rendered":"https:\/\/ejornais.com.br\/index.php\/2024\/03\/26\/com-lanchonete-em-pleno-vapor-mais-uma-beneficiaria-devolve-cartao-do-mais-social-agencia-de-noticias-do-governo-de-mato-grosso-do-sul\/"},"modified":"2024-03-26T07:42:27","modified_gmt":"2024-03-26T10:42:27","slug":"com-lanchonete-em-pleno-vapor-mais-uma-beneficiaria-devolve-cartao-do-mais-social-agencia-de-noticias-do-governo-de-mato-grosso-do-sul","status":"publish","type":"post","link":"https:\/\/ejornais.com.br\/index.php\/2024\/03\/26\/com-lanchonete-em-pleno-vapor-mais-uma-beneficiaria-devolve-cartao-do-mais-social-agencia-de-noticias-do-governo-de-mato-grosso-do-sul\/","title":{"rendered":"Com lanchonete em pleno vapor, mais uma benefici\u00e1ria devolve cart\u00e3o do Mais Social \u2013 Ag\u00eancia de Noticias do Governo de Mato Grosso do Sul"},"content":{"rendered":"<p><\/p>\n<div>\n<p>\u201cEra o que meu cora\u00e7\u00e3o pedia\u201d. Com esse pensamento convicto, Michelle Lopes Pereira resolveu devolver seu cart\u00e3o do programa \u201cMais Social\u201d e deixar o benef\u00edcio que tanto a ajudou por muitos anos. Agora ela entende que n\u00e3o precisa mais da ajuda, j\u00e1 que conseguiu se reerguer, montar seu neg\u00f3cio e tem condi\u00e7\u00f5es de pagar suas contas. \u201cTenho que abrir espa\u00e7o e oportunidade para quem precisa\u201d.<\/p>\n<figure id=\"attachment_470194\" aria-describedby=\"caption-attachment-470194\" style=\"width: 300px\" class=\"wp-caption alignright\"><figcaption id=\"caption-attachment-470194\" class=\"wp-caption-text\"><em>Michelle em sua lanchonete na Capital<\/em><\/figcaption><\/figure>\n<p>Moradora de Campo Grande, Michelle passou por uma fase dif\u00edcil em sua vida, em que s\u00f3 o marido trabalhava fora e ela tinha duas filhas para sustentar. O benef\u00edcio do Mais Social ajudava a fazer a compra do m\u00eas. \u201cNessa \u00e9poca minhas filhas eram pequenas, n\u00e3o tinha com quem deixar e o dinheiro era curto l\u00e1 em casa. O benef\u00edcio me ajudou a alimentar minhas filhas\u201d.<\/p>\n<p>Ela lembra angustiada que o momento mais doloroso era no come\u00e7o do ano, quando n\u00e3o tinha condi\u00e7\u00f5es de comprar material, cadernos e at\u00e9 os t\u00eanis que suas filhas precisavam para voltar as aulas. \u201cVoc\u00ea sabe que elas precisam, mas n\u00e3o consegue comprar\u201d.<\/p>\n<p>Tudo come\u00e7ou a mudar quando seu irm\u00e3o, funcion\u00e1rio da JBS, contou a ela que n\u00e3o havia lugares para eles comerem na sa\u00edda do servi\u00e7o. \u201cEle teve a ideia e eu resolvi vender salgado na frente da empresa, levava um isopor na porta ou na beirada da rodovia. Depois consegui comprar uma tendinha, ent\u00e3o veio o trailer m\u00f3vel, at\u00e9 montarmos nossa lanchonete\u201d.<\/p>\n<figure id=\"attachment_470195\" aria-describedby=\"caption-attachment-470195\" style=\"width: 1024px\" class=\"wp-caption aligncenter\"><figcaption id=\"caption-attachment-470195\" class=\"wp-caption-text\"><em>Michelle Lopes conseguiu melhorar de vida e devolveu cart\u00e3o<\/em><\/figcaption><\/figure>\n<p><strong>Dificuldades pelo caminho<\/strong><\/p>\n<p>Michelle relata que para chegar neste momento teve muitas situa\u00e7\u00f5es dif\u00edceis, inclusive um acidente na rodovia BR-060, em que seu trailer tombou e ela perdeu toda a produ\u00e7\u00e3o de salgados. O ve\u00edculo invadiu a pista contr\u00e1ria durante uma grande tempestade, com rajadas de vento. Ela estava com seu marido e filha, mas ningu\u00e9m se feriu. Os preju\u00edzos foram financeiros.<\/p>\n<p>\u201cPrecisei de muita coragem, determina\u00e7\u00e3o, persist\u00eancia. Foi muito dif\u00edcil, enfrentamos muita coisa para estarmos aqui hoje, mas nunca desistimos. Passamos por coisas horr\u00edveis, mas n\u00f3s persistimos. O objetivo agora \u00e9 crescer cada vez mais. Trabalho com que amo, fa\u00e7o tudo com amor e sempre tenho um sorriso para receber meus clientes\u201d, destacou.<\/p>\n<p>A lanchonete perto da rodovia, na frente da JBS, tem uma clientela movimentada e fiel. Para isso, trabalha de domingo a domingo. \u201cDe segunda a sexta vendo os salgados na lanchonete, mas no s\u00e1bado e domingo tem que preparar e organizar tudo para semana, porque eu mesmo produzo os salgados e bolos\u201d.<\/p>\n<figure id=\"attachment_470199\" aria-describedby=\"caption-attachment-470199\" style=\"width: 1024px\" class=\"wp-caption aligncenter\"><figcaption id=\"caption-attachment-470199\" class=\"wp-caption-text\"><em>Michelle contou que programa a ajudou nos momentos dif\u00edceis <\/em><\/figcaption><\/figure>\n<p><strong>Dar o pr\u00f3ximo passo <\/strong><\/p>\n<p>Com essa mudan\u00e7a de vida, Michelle resolveu devolver o cart\u00e3o social e deixar o programa do Governo do Estado que a ajudou nos momentos dif\u00edceis. \u201cDecidi sair do programa, porque hoje j\u00e1 estou bem. Tenho condi\u00e7\u00f5es de pagar minhas contas, minhas filhas est\u00e3o bem encaminhadas, gra\u00e7as a Deus\u201d.<\/p>\n<figure id=\"attachment_470189\" aria-describedby=\"caption-attachment-470189\" style=\"width: 300px\" class=\"wp-caption alignright\"><figcaption id=\"caption-attachment-470189\" class=\"wp-caption-text\"><em>Ela deixou o programa porque conseguiu dar o pr\u00f3ximo passo profissional<\/em><\/figcaption><\/figure>\n<p>Ela pondera que muitas m\u00e3es est\u00e3o passando pelas dificuldades e necessidades que ela j\u00e1 passou. \u201cMe senti no dever de devolver o cart\u00e3o. Por isso liguei l\u00e1 na secretaria (Sead), fui at\u00e9 l\u00e1 e assinei o termo de devolu\u00e7\u00e3o.\u00a0 Antes disso, muitas pessoas tentaram me convencer do contr\u00e1rio, mas agora tem gente precisando mais do que eu\u201d.<\/p>\n<p>A nova empreendedora \u00e9 um exemplo do benefici\u00e1rio (Mais Social) que precisou da ajuda do Governo do Estado, mas agora conseguiu dar a volta por cima e tem condi\u00e7\u00f5es de pagar suas contas e seguir em frente.<\/p>\n<p>O governador Eduardo Riedel disse que a decis\u00e3o de Michelle \u00e9 um exemplo a ser seguido.\u00a0<span style=\"font-weight: 400;\">\u201cO objetivo do Estado \u00e9 dar condi\u00e7\u00f5es para as pessoas melhorarem de vida. \u00c9 crescer sem deixar ningu\u00e9m para tr\u00e1s. O primeiro passo \u00e9 a transfer\u00eancia de renda, com programas como o Mais Social e o Conta de Luz Zero, mas o real crescimento \u00e9 a inclus\u00e3o das pessoas na oportunidade de ter renda&#8221;, disse.<\/span><\/p>\n<p><span style=\"font-weight: 400;\">&#8220;Quando a Michelle mais precisou, porque no come\u00e7o estava desempregada e depois ainda n\u00e3o tinha renda suficiente para pagar as contas, ela contou com o Mais Social. Depois, a situa\u00e7\u00e3o melhorou e ela <span style=\"color: #0000ff;\">fez como a Vera e o Odair, de Navira\u00ed, que devolveram os cart\u00f5es<\/span> para oportunizar que outras pessoas em situa\u00e7\u00e3o de vulnerabilidade entrem no programa. Isso revela a consci\u00eancia dos benefici\u00e1rios que melhoraram de vida atrav\u00e9s da conquista da autonomia e independ\u00eancia financeira e que existe um crescimento econ\u00f4mico importante em Mato Grosso do Sul, que gera oportunidades\u201d, acrescentou o governador.<\/span><\/p>\n<p><strong>Programa social<\/strong><\/p>\n<p>O programa Mais Social oferece um \u201ccart\u00e3o social\u201d para que a fam\u00edlia beneficiada possa fazer suas compras do m\u00eas, na aquisi\u00e7\u00e3o de alimentos, produtos de limpeza e higiene, al\u00e9m de g\u00e1s de cozinha. Neste ano inclusive recebeu um reajuste no valor, chegando a R$ 450 por m\u00eas.<\/p>\n<p>Conduzido pela Sead (Secretaria de Estado de Assist\u00eancia Social e dos Direitos Humanos), o programa \u00e9 um aux\u00edlio financeiro do Governo do Estado e tem por objetivo prestar atendimento \u00e0s fam\u00edlias em situa\u00e7\u00e3o de vulnerabilidade social e inseguran\u00e7a alimentar e nutricional, bem como promover a inclus\u00e3o social.<\/p>\n<p>\u201cO Mais Social \u00e9 um suporte crucial para muitos sul-mato-grossenses que est\u00e3o, momentaneamente, em situa\u00e7\u00e3o de vulnerabilidade social. E esse \u00e9 o prop\u00f3sito maior, de fornecer assist\u00eancia \u00e0s pessoas que enfrentam dificuldades em circunst\u00e2ncias desafiadoras, garantindo, por exemplo, alimenta\u00e7\u00e3o para sua fam\u00edlia. \u00c9 uma alegria vermos situa\u00e7\u00f5es como essa, na qual uma ex-benefici\u00e1ria consegue seguir sem o programa. Orientamos e incentivamos aos nossos benefici\u00e1rios para que esse caminho seja trilhado por todos\u201d, destaca a titular da Sead, Patr\u00edcia\u00a0Elias\u00a0Cozzolino.\u00a0<\/p>\n<figure id=\"attachment_414053\" aria-describedby=\"caption-attachment-414053\" style=\"width: 768px\" class=\"wp-caption aligncenter\"><figcaption id=\"caption-attachment-414053\" class=\"wp-caption-text\"><em>Cart\u00e3o social ajudou fam\u00edlias com R$ 450 por m\u00eas (Foto: Arquivo)<\/em><\/figcaption><\/figure>\n<p><em>Leonardo Rocha, Comunica\u00e7\u00e3o do Governo de MS<\/em><br \/><em>Fotos: Bruno Rezende<\/em><\/p>\n<p><strong>ATEN\u00c7\u00c3O IMPRENSA: <\/strong><span style=\"color: #0000ff;\">confira as fotos e v\u00eddeos da entrevista\u00a0<\/span><\/p>\n<p>Leia tamb\u00e9m:<\/p>\n<blockquote class=\"wp-embedded-content\" data-secret=\"Z6uW4IYjgb\">\n<p>Benefici\u00e1rios devolvem cart\u00e3o do Mais Social e exaltam apoio que receberam do programa<\/p>\n<\/blockquote>\n<p><iframe loading=\"lazy\" class=\"wp-embedded-content\" sandbox=\"allow-scripts\" security=\"restricted\" style=\"position: absolute; clip: rect(1px, 1px, 1px, 1px);\" title=\"\u201cBenefici\u00e1rios devolvem cart\u00e3o do Mais Social e exaltam apoio que receberam do programa\u201d \u2014 Ag\u00eancia de Noticias do Governo de Mato Grosso do Sul\" src=\"https:\/\/agenciadenoticias.ms.gov.br\/beneficiarios-devolvem-cartao-do-mais-social-e-exaltam-apoio-que-receberam-do-programa\/embed\/#?secret=Zl4ckCA2ki#?secret=Z6uW4IYjgb\" data-secret=\"Z6uW4IYjgb\" width=\"500\" height=\"282\" frameborder=\"0\" marginwidth=\"0\" marginheight=\"0\" scrolling=\"no\"><\/iframe><\/p>\n<p>\u00a0<\/p>\n<\/div>\n","protected":false},"excerpt":{"rendered":"<p>\u201cEra o que meu cora\u00e7\u00e3o pedia\u201d. Com esse pensamento convicto, Michelle Lopes Pereira resolveu devolver seu cart\u00e3o do programa \u201cMais<\/p>\n","protected":false},"author":1,"featured_media":0,"comment_status":"open","ping_status":"open","sticky":false,"template":"","format":"standard","meta":{"colormag_page_container_layout":"default_layout","colormag_page_sidebar_layout":"default_layout","footnotes":""},"categories":[1],"tags":[],"class_list":["post-21990","post","type-post","status-publish","format-standard","hentry","category-ejornais"],"aioseo_notices":[],"aioseo_head":"\n\t\t<!-- All in One SEO 5.0.1.1 - aioseo.com -->\n\t<meta name=\"description\" content=\"\u201cEra o que meu cora\u00e7\u00e3o pedia\u201d. Com esse pensamento convicto, Michelle Lopes Pereira resolveu devolver seu cart\u00e3o do programa \u201cMais Social\u201d e deixar o benef\u00edcio que tanto a ajudou por muitos anos. Agora ela entende que n\u00e3o precisa mais da ajuda, j\u00e1 que conseguiu se reerguer, montar seu neg\u00f3cio e tem condi\u00e7\u00f5es de pagar suas\" \/>\n\t<meta name=\"robots\" content=\"max-image-preview:large\" \/>\n\t<link rel=\"canonical\" href=\"https:\/\/ejornais.com.br\/index.php\/2024\/03\/26\/com-lanchonete-em-pleno-vapor-mais-uma-beneficiaria-devolve-cartao-do-mais-social-agencia-de-noticias-do-governo-de-mato-grosso-do-sul\/\" \/>\n\t<meta name=\"generator\" content=\"All in One SEO (AIOSEO) 5.0.1.1\" \/>\n\t\t<meta property=\"og:locale\" content=\"pt_BR\" \/>\n\t\t<meta property=\"og:site_name\" content=\"eJornais - Cat\u00e1logo de Jornais no mundo, Not\u00edcias, Blog e Esportes ao vivo\" \/>\n\t\t<meta property=\"og:type\" content=\"article\" \/>\n\t\t<meta property=\"og:title\" content=\"Com lanchonete em pleno vapor, mais uma benefici\u00e1ria devolve cart\u00e3o do Mais Social \u2013 Ag\u00eancia de Noticias do Governo de Mato Grosso do Sul - eJornais\" \/>\n\t\t<meta property=\"og:description\" content=\"\u201cEra o que meu cora\u00e7\u00e3o pedia\u201d. Com esse pensamento convicto, Michelle Lopes Pereira resolveu devolver seu cart\u00e3o do programa \u201cMais Social\u201d e deixar o benef\u00edcio que tanto a ajudou por muitos anos. Agora ela entende que n\u00e3o precisa mais da ajuda, j\u00e1 que conseguiu se reerguer, montar seu neg\u00f3cio e tem condi\u00e7\u00f5es de pagar suas\" \/>\n\t\t<meta property=\"og:url\" content=\"https:\/\/ejornais.com.br\/index.php\/2024\/03\/26\/com-lanchonete-em-pleno-vapor-mais-uma-beneficiaria-devolve-cartao-do-mais-social-agencia-de-noticias-do-governo-de-mato-grosso-do-sul\/\" \/>\n\t\t<meta property=\"article:published_time\" content=\"2024-03-26T10:42:27+00:00\" \/>\n\t\t<meta property=\"article:modified_time\" content=\"2024-03-26T10:42:27+00:00\" \/>\n\t\t<meta name=\"twitter:card\" content=\"summary_large_image\" \/>\n\t\t<meta name=\"twitter:title\" content=\"Com lanchonete em pleno vapor, mais uma benefici\u00e1ria devolve cart\u00e3o do Mais Social \u2013 Ag\u00eancia de Noticias do Governo de Mato Grosso do Sul - eJornais\" \/>\n\t\t<meta name=\"twitter:description\" content=\"\u201cEra o que meu cora\u00e7\u00e3o pedia\u201d. Com esse pensamento convicto, Michelle Lopes Pereira resolveu devolver seu cart\u00e3o do programa \u201cMais Social\u201d e deixar o benef\u00edcio que tanto a ajudou por muitos anos. Agora ela entende que n\u00e3o precisa mais da ajuda, j\u00e1 que conseguiu se reerguer, montar seu neg\u00f3cio e tem condi\u00e7\u00f5es de pagar suas\" \/>\n\t\t<script type=\"application\/ld+json\" class=\"aioseo-schema\">\n\t\t\t{\"@context\":\"https:\\\/\\\/schema.org\",\"@graph\":[{\"@type\":\"BlogPosting\",\"@id\":\"https:\\\/\\\/ejornais.com.br\\\/index.php\\\/2024\\\/03\\\/26\\\/com-lanchonete-em-pleno-vapor-mais-uma-beneficiaria-devolve-cartao-do-mais-social-agencia-de-noticias-do-governo-de-mato-grosso-do-sul\\\/#blogposting\",\"name\":\"Com lanchonete em pleno vapor, mais uma benefici\\u00e1ria devolve cart\\u00e3o do Mais Social \\u2013 Ag\\u00eancia de Noticias do Governo de Mato Grosso do Sul - eJornais\",\"headline\":\"Com lanchonete em pleno vapor, mais uma benefici\\u00e1ria devolve cart\\u00e3o do Mais Social \\u2013 Ag\\u00eancia de Noticias do Governo de Mato Grosso do Sul\",\"author\":{\"@id\":\"https:\\\/\\\/ejornais.com.br\\\/index.php\\\/author\\\/#author\"},\"publisher\":{\"@id\":\"https:\\\/\\\/ejornais.com.br\\\/#organization\"},\"datePublished\":\"2024-03-26T07:42:27-03:00\",\"dateModified\":\"2024-03-26T07:42:27-03:00\",\"inLanguage\":\"pt-BR\",\"mainEntityOfPage\":{\"@id\":\"https:\\\/\\\/ejornais.com.br\\\/index.php\\\/2024\\\/03\\\/26\\\/com-lanchonete-em-pleno-vapor-mais-uma-beneficiaria-devolve-cartao-do-mais-social-agencia-de-noticias-do-governo-de-mato-grosso-do-sul\\\/#webpage\"},\"isPartOf\":{\"@id\":\"https:\\\/\\\/ejornais.com.br\\\/index.php\\\/2024\\\/03\\\/26\\\/com-lanchonete-em-pleno-vapor-mais-uma-beneficiaria-devolve-cartao-do-mais-social-agencia-de-noticias-do-governo-de-mato-grosso-do-sul\\\/#webpage\"},\"articleSection\":\"Cat\\u00e1logo de Jornais\"},{\"@type\":\"BreadcrumbList\",\"@id\":\"https:\\\/\\\/ejornais.com.br\\\/index.php\\\/2024\\\/03\\\/26\\\/com-lanchonete-em-pleno-vapor-mais-uma-beneficiaria-devolve-cartao-do-mais-social-agencia-de-noticias-do-governo-de-mato-grosso-do-sul\\\/#breadcrumblist\",\"itemListElement\":[{\"@type\":\"ListItem\",\"@id\":\"https:\\\/\\\/ejornais.com.br#listItem\",\"position\":1,\"name\":\"In\\u00edcio\",\"item\":\"https:\\\/\\\/ejornais.com.br\",\"nextItem\":{\"@type\":\"ListItem\",\"@id\":\"https:\\\/\\\/ejornais.com.br\\\/index.php\\\/category\\\/ejornais\\\/#listItem\",\"name\":\"Cat\\u00e1logo de Jornais\"}},{\"@type\":\"ListItem\",\"@id\":\"https:\\\/\\\/ejornais.com.br\\\/index.php\\\/category\\\/ejornais\\\/#listItem\",\"position\":2,\"name\":\"Cat\\u00e1logo de Jornais\",\"item\":\"https:\\\/\\\/ejornais.com.br\\\/index.php\\\/category\\\/ejornais\\\/\",\"nextItem\":{\"@type\":\"ListItem\",\"@id\":\"https:\\\/\\\/ejornais.com.br\\\/index.php\\\/2024\\\/03\\\/26\\\/com-lanchonete-em-pleno-vapor-mais-uma-beneficiaria-devolve-cartao-do-mais-social-agencia-de-noticias-do-governo-de-mato-grosso-do-sul\\\/#listItem\",\"name\":\"Com lanchonete em pleno vapor, mais uma benefici\\u00e1ria devolve cart\\u00e3o do Mais Social \\u2013 Ag\\u00eancia de Noticias do Governo de Mato Grosso do Sul\"},\"previousItem\":{\"@type\":\"ListItem\",\"@id\":\"https:\\\/\\\/ejornais.com.br#listItem\",\"name\":\"In\\u00edcio\"}},{\"@type\":\"ListItem\",\"@id\":\"https:\\\/\\\/ejornais.com.br\\\/index.php\\\/2024\\\/03\\\/26\\\/com-lanchonete-em-pleno-vapor-mais-uma-beneficiaria-devolve-cartao-do-mais-social-agencia-de-noticias-do-governo-de-mato-grosso-do-sul\\\/#listItem\",\"position\":3,\"name\":\"Com lanchonete em pleno vapor, mais uma benefici\\u00e1ria devolve cart\\u00e3o do Mais Social \\u2013 Ag\\u00eancia de Noticias do Governo de Mato Grosso do Sul\",\"previousItem\":{\"@type\":\"ListItem\",\"@id\":\"https:\\\/\\\/ejornais.com.br\\\/index.php\\\/category\\\/ejornais\\\/#listItem\",\"name\":\"Cat\\u00e1logo de Jornais\"}}]},{\"@type\":\"Organization\",\"@id\":\"https:\\\/\\\/ejornais.com.br\\\/#organization\",\"name\":\"eJornais\",\"description\":\"Cat\\u00e1logo de Jornais no mundo, Not\\u00edcias, Blog e Esportes ao vivo\",\"url\":\"https:\\\/\\\/ejornais.com.br\\\/\"},{\"@type\":\"Person\",\"@id\":\"https:\\\/\\\/ejornais.com.br\\\/index.php\\\/author\\\/#author\",\"url\":\"https:\\\/\\\/ejornais.com.br\\\/index.php\\\/author\\\/\"},{\"@type\":\"WebPage\",\"@id\":\"https:\\\/\\\/ejornais.com.br\\\/index.php\\\/2024\\\/03\\\/26\\\/com-lanchonete-em-pleno-vapor-mais-uma-beneficiaria-devolve-cartao-do-mais-social-agencia-de-noticias-do-governo-de-mato-grosso-do-sul\\\/#webpage\",\"url\":\"https:\\\/\\\/ejornais.com.br\\\/index.php\\\/2024\\\/03\\\/26\\\/com-lanchonete-em-pleno-vapor-mais-uma-beneficiaria-devolve-cartao-do-mais-social-agencia-de-noticias-do-governo-de-mato-grosso-do-sul\\\/\",\"name\":\"Com lanchonete em pleno vapor, mais uma benefici\\u00e1ria devolve cart\\u00e3o do Mais Social \\u2013 Ag\\u00eancia de Noticias do Governo de Mato Grosso do Sul - eJornais\",\"description\":\"\\u201cEra o que meu cora\\u00e7\\u00e3o pedia\\u201d. Com esse pensamento convicto, Michelle Lopes Pereira resolveu devolver seu cart\\u00e3o do programa \\u201cMais Social\\u201d e deixar o benef\\u00edcio que tanto a ajudou por muitos anos. Agora ela entende que n\\u00e3o precisa mais da ajuda, j\\u00e1 que conseguiu se reerguer, montar seu neg\\u00f3cio e tem condi\\u00e7\\u00f5es de pagar suas\",\"inLanguage\":\"pt-BR\",\"isPartOf\":{\"@id\":\"https:\\\/\\\/ejornais.com.br\\\/#website\"},\"breadcrumb\":{\"@id\":\"https:\\\/\\\/ejornais.com.br\\\/index.php\\\/2024\\\/03\\\/26\\\/com-lanchonete-em-pleno-vapor-mais-uma-beneficiaria-devolve-cartao-do-mais-social-agencia-de-noticias-do-governo-de-mato-grosso-do-sul\\\/#breadcrumblist\"},\"author\":{\"@id\":\"https:\\\/\\\/ejornais.com.br\\\/index.php\\\/author\\\/#author\"},\"creator\":{\"@id\":\"https:\\\/\\\/ejornais.com.br\\\/index.php\\\/author\\\/#author\"},\"datePublished\":\"2024-03-26T07:42:27-03:00\",\"dateModified\":\"2024-03-26T07:42:27-03:00\"},{\"@type\":\"WebSite\",\"@id\":\"https:\\\/\\\/ejornais.com.br\\\/#website\",\"url\":\"https:\\\/\\\/ejornais.com.br\\\/\",\"name\":\"eJornais\",\"description\":\"Cat\\u00e1logo de Jornais no mundo, Not\\u00edcias, Blog e Esportes ao vivo\",\"inLanguage\":\"pt-BR\",\"publisher\":{\"@id\":\"https:\\\/\\\/ejornais.com.br\\\/#organization\"}}]}\n\t\t<\/script>\n\t\t<!-- All in One SEO -->\n\n","aioseo_head_json":{"title":"Com lanchonete em pleno vapor, mais uma benefici\u00e1ria devolve cart\u00e3o do Mais Social \u2013 Ag\u00eancia de Noticias do Governo de Mato Grosso do Sul - eJornais","description":"\u201cEra o que meu cora\u00e7\u00e3o pedia\u201d. Com esse pensamento convicto, Michelle Lopes Pereira resolveu devolver seu cart\u00e3o do programa \u201cMais Social\u201d e deixar o benef\u00edcio que tanto a ajudou por muitos anos. Agora ela entende que n\u00e3o precisa mais da ajuda, j\u00e1 que conseguiu se reerguer, montar seu neg\u00f3cio e tem condi\u00e7\u00f5es de pagar suas","canonical_url":"https:\/\/ejornais.com.br\/index.php\/2024\/03\/26\/com-lanchonete-em-pleno-vapor-mais-uma-beneficiaria-devolve-cartao-do-mais-social-agencia-de-noticias-do-governo-de-mato-grosso-do-sul\/","robots":"max-image-preview:large","keywords":"","webmasterTools":{"miscellaneous":""},"schema":{"@context":"https:\/\/schema.org","@graph":[{"@type":"BlogPosting","@id":"https:\/\/ejornais.com.br\/index.php\/2024\/03\/26\/com-lanchonete-em-pleno-vapor-mais-uma-beneficiaria-devolve-cartao-do-mais-social-agencia-de-noticias-do-governo-de-mato-grosso-do-sul\/#blogposting","name":"Com lanchonete em pleno vapor, mais uma benefici\u00e1ria devolve cart\u00e3o do Mais Social \u2013 Ag\u00eancia de Noticias do Governo de Mato Grosso do Sul - eJornais","headline":"Com lanchonete em pleno vapor, mais uma benefici\u00e1ria devolve cart\u00e3o do Mais Social \u2013 Ag\u00eancia de Noticias do Governo de Mato Grosso do Sul","author":{"@id":"https:\/\/ejornais.com.br\/index.php\/author\/#author"},"publisher":{"@id":"https:\/\/ejornais.com.br\/#organization"},"datePublished":"2024-03-26T07:42:27-03:00","dateModified":"2024-03-26T07:42:27-03:00","inLanguage":"pt-BR","mainEntityOfPage":{"@id":"https:\/\/ejornais.com.br\/index.php\/2024\/03\/26\/com-lanchonete-em-pleno-vapor-mais-uma-beneficiaria-devolve-cartao-do-mais-social-agencia-de-noticias-do-governo-de-mato-grosso-do-sul\/#webpage"},"isPartOf":{"@id":"https:\/\/ejornais.com.br\/index.php\/2024\/03\/26\/com-lanchonete-em-pleno-vapor-mais-uma-beneficiaria-devolve-cartao-do-mais-social-agencia-de-noticias-do-governo-de-mato-grosso-do-sul\/#webpage"},"articleSection":"Cat\u00e1logo de Jornais"},{"@type":"BreadcrumbList","@id":"https:\/\/ejornais.com.br\/index.php\/2024\/03\/26\/com-lanchonete-em-pleno-vapor-mais-uma-beneficiaria-devolve-cartao-do-mais-social-agencia-de-noticias-do-governo-de-mato-grosso-do-sul\/#breadcrumblist","itemListElement":[{"@type":"ListItem","@id":"https:\/\/ejornais.com.br#listItem","position":1,"name":"In\u00edcio","item":"https:\/\/ejornais.com.br","nextItem":{"@type":"ListItem","@id":"https:\/\/ejornais.com.br\/index.php\/category\/ejornais\/#listItem","name":"Cat\u00e1logo de Jornais"}},{"@type":"ListItem","@id":"https:\/\/ejornais.com.br\/index.php\/category\/ejornais\/#listItem","position":2,"name":"Cat\u00e1logo de Jornais","item":"https:\/\/ejornais.com.br\/index.php\/category\/ejornais\/","nextItem":{"@type":"ListItem","@id":"https:\/\/ejornais.com.br\/index.php\/2024\/03\/26\/com-lanchonete-em-pleno-vapor-mais-uma-beneficiaria-devolve-cartao-do-mais-social-agencia-de-noticias-do-governo-de-mato-grosso-do-sul\/#listItem","name":"Com lanchonete em pleno vapor, mais uma benefici\u00e1ria devolve cart\u00e3o do Mais Social \u2013 Ag\u00eancia de Noticias do Governo de Mato Grosso do Sul"},"previousItem":{"@type":"ListItem","@id":"https:\/\/ejornais.com.br#listItem","name":"In\u00edcio"}},{"@type":"ListItem","@id":"https:\/\/ejornais.com.br\/index.php\/2024\/03\/26\/com-lanchonete-em-pleno-vapor-mais-uma-beneficiaria-devolve-cartao-do-mais-social-agencia-de-noticias-do-governo-de-mato-grosso-do-sul\/#listItem","position":3,"name":"Com lanchonete em pleno vapor, mais uma benefici\u00e1ria devolve cart\u00e3o do Mais Social \u2013 Ag\u00eancia de Noticias do Governo de Mato Grosso do Sul","previousItem":{"@type":"ListItem","@id":"https:\/\/ejornais.com.br\/index.php\/category\/ejornais\/#listItem","name":"Cat\u00e1logo de Jornais"}}]},{"@type":"Organization","@id":"https:\/\/ejornais.com.br\/#organization","name":"eJornais","description":"Cat\u00e1logo de Jornais no mundo, Not\u00edcias, Blog e Esportes ao vivo","url":"https:\/\/ejornais.com.br\/"},{"@type":"Person","@id":"https:\/\/ejornais.com.br\/index.php\/author\/#author","url":"https:\/\/ejornais.com.br\/index.php\/author\/"},{"@type":"WebPage","@id":"https:\/\/ejornais.com.br\/index.php\/2024\/03\/26\/com-lanchonete-em-pleno-vapor-mais-uma-beneficiaria-devolve-cartao-do-mais-social-agencia-de-noticias-do-governo-de-mato-grosso-do-sul\/#webpage","url":"https:\/\/ejornais.com.br\/index.php\/2024\/03\/26\/com-lanchonete-em-pleno-vapor-mais-uma-beneficiaria-devolve-cartao-do-mais-social-agencia-de-noticias-do-governo-de-mato-grosso-do-sul\/","name":"Com lanchonete em pleno vapor, mais uma benefici\u00e1ria devolve cart\u00e3o do Mais Social \u2013 Ag\u00eancia de Noticias do Governo de Mato Grosso do Sul - eJornais","description":"\u201cEra o que meu cora\u00e7\u00e3o pedia\u201d. Com esse pensamento convicto, Michelle Lopes Pereira resolveu devolver seu cart\u00e3o do programa \u201cMais Social\u201d e deixar o benef\u00edcio que tanto a ajudou por muitos anos. Agora ela entende que n\u00e3o precisa mais da ajuda, j\u00e1 que conseguiu se reerguer, montar seu neg\u00f3cio e tem condi\u00e7\u00f5es de pagar suas","inLanguage":"pt-BR","isPartOf":{"@id":"https:\/\/ejornais.com.br\/#website"},"breadcrumb":{"@id":"https:\/\/ejornais.com.br\/index.php\/2024\/03\/26\/com-lanchonete-em-pleno-vapor-mais-uma-beneficiaria-devolve-cartao-do-mais-social-agencia-de-noticias-do-governo-de-mato-grosso-do-sul\/#breadcrumblist"},"author":{"@id":"https:\/\/ejornais.com.br\/index.php\/author\/#author"},"creator":{"@id":"https:\/\/ejornais.com.br\/index.php\/author\/#author"},"datePublished":"2024-03-26T07:42:27-03:00","dateModified":"2024-03-26T07:42:27-03:00"},{"@type":"WebSite","@id":"https:\/\/ejornais.com.br\/#website","url":"https:\/\/ejornais.com.br\/","name":"eJornais","description":"Cat\u00e1logo de Jornais no mundo, Not\u00edcias, Blog e Esportes ao vivo","inLanguage":"pt-BR","publisher":{"@id":"https:\/\/ejornais.com.br\/#organization"}}]},"og:locale":"pt_BR","og:site_name":"eJornais - Cat\u00e1logo de Jornais no mundo, Not\u00edcias, Blog e Esportes ao vivo","og:type":"article","og:title":"Com lanchonete em pleno vapor, mais uma benefici\u00e1ria devolve cart\u00e3o do Mais Social \u2013 Ag\u00eancia de Noticias do Governo de Mato Grosso do Sul - eJornais","og:description":"\u201cEra o que meu cora\u00e7\u00e3o pedia\u201d. Com esse pensamento convicto, Michelle Lopes Pereira resolveu devolver seu cart\u00e3o do programa \u201cMais Social\u201d e deixar o benef\u00edcio que tanto a ajudou por muitos anos. Agora ela entende que n\u00e3o precisa mais da ajuda, j\u00e1 que conseguiu se reerguer, montar seu neg\u00f3cio e tem condi\u00e7\u00f5es de pagar suas","og:url":"https:\/\/ejornais.com.br\/index.php\/2024\/03\/26\/com-lanchonete-em-pleno-vapor-mais-uma-beneficiaria-devolve-cartao-do-mais-social-agencia-de-noticias-do-governo-de-mato-grosso-do-sul\/","article:published_time":"2024-03-26T10:42:27+00:00","article:modified_time":"2024-03-26T10:42:27+00:00","twitter:card":"summary_large_image","twitter:title":"Com lanchonete em pleno vapor, mais uma benefici\u00e1ria devolve cart\u00e3o do Mais Social \u2013 Ag\u00eancia de Noticias do Governo de Mato Grosso do Sul - eJornais","twitter:description":"\u201cEra o que meu cora\u00e7\u00e3o pedia\u201d. Com esse pensamento convicto, Michelle Lopes Pereira resolveu devolver seu cart\u00e3o do programa \u201cMais Social\u201d e deixar o benef\u00edcio que tanto a ajudou por muitos anos. Agora ela entende que n\u00e3o precisa mais da ajuda, j\u00e1 que conseguiu se reerguer, montar seu neg\u00f3cio e tem condi\u00e7\u00f5es de pagar suas"},"aioseo_meta_data":{"post_id":"21990","title":null,"description":null,"keywords":null,"keyphrases":null,"primary_term":null,"canonical_url":null,"og_title":null,"og_description":null,"og_object_type":"default","og_image_type":"default","og_image_url":null,"og_image_width":null,"og_image_height":null,"og_image_custom_url":null,"og_image_custom_fields":null,"og_video":null,"og_custom_url":null,"og_article_section":null,"og_article_tags":null,"twitter_use_og":false,"twitter_card":"default","twitter_image_type":"default","twitter_image_url":null,"twitter_image_custom_url":null,"twitter_image_custom_fields":null,"twitter_title":null,"twitter_description":null,"schema":{"blockGraphs":[],"customGraphs":[],"default":{"data":{"Article":[],"Course":[],"Dataset":[],"FAQPage":[],"Movie":[],"Person":[],"Product":[],"ProductReview":[],"Car":[],"Recipe":[],"Service":[],"SoftwareApplication":[],"WebPage":[]},"graphName":"","isEnabled":true},"graphs":[]},"schema_type":"default","schema_type_options":null,"pillar_content":false,"robots_default":true,"robots_noindex":false,"robots_noarchive":false,"robots_nosnippet":false,"robots_nofollow":false,"robots_noimageindex":false,"robots_noodp":false,"robots_notranslate":false,"robots_max_snippet":null,"robots_max_videopreview":null,"robots_max_imagepreview":"large","priority":null,"frequency":null,"local_seo":null,"breadcrumb_settings":null,"limit_modified_date":false,"ai":null,"created":"2024-03-26 10:54:31","updated":"2025-06-05 07:20:00","seo_analyzer_scan_date":null,"focus_keyword":null,"additional_keywords":null,"truseo_locale":null},"aioseo_breadcrumb":"<div class=\"aioseo-breadcrumbs\"><span class=\"aioseo-breadcrumb\">\n\t\t\t<a href=\"https:\/\/ejornais.com.br\" title=\"In\u00edcio\">In\u00edcio<\/a>\n\t\t<\/span><span class=\"aioseo-breadcrumb-separator\">&raquo;<\/span><span class=\"aioseo-breadcrumb\">\n\t\t\t<a href=\"https:\/\/ejornais.com.br\/index.php\/category\/ejornais\/\" title=\"Cat\u00e1logo de Jornais\">Cat\u00e1logo de Jornais<\/a>\n\t\t<\/span><span class=\"aioseo-breadcrumb-separator\">&raquo;<\/span><span class=\"aioseo-breadcrumb\">\n\t\t\tCom lanchonete em pleno vapor, mais uma benefici\u00e1ria devolve cart\u00e3o do Mais Social \u2013 Ag\u00eancia de Noticias do Governo de Mato Grosso do Sul\n\t\t<\/span><\/div>","aioseo_breadcrumb_json":[{"label":"In\u00edcio","link":"https:\/\/ejornais.com.br"},{"label":"Cat\u00e1logo de Jornais","link":"https:\/\/ejornais.com.br\/index.php\/category\/ejornais\/"},{"label":"Com lanchonete em pleno vapor, mais uma benefici\u00e1ria devolve cart\u00e3o do Mais Social \u2013 Ag\u00eancia de Noticias do Governo de Mato Grosso do Sul","link":"https:\/\/ejornais.com.br\/index.php\/2024\/03\/26\/com-lanchonete-em-pleno-vapor-mais-uma-beneficiaria-devolve-cartao-do-mais-social-agencia-de-noticias-do-governo-de-mato-grosso-do-sul\/"}],"amp_enabled":true,"_links":{"self":[{"href":"https:\/\/ejornais.com.br\/index.php\/wp-json\/wp\/v2\/posts\/21990","targetHints":{"allow":["GET"]}}],"collection":[{"href":"https:\/\/ejornais.com.br\/index.php\/wp-json\/wp\/v2\/posts"}],"about":[{"href":"https:\/\/ejornais.com.br\/index.php\/wp-json\/wp\/v2\/types\/post"}],"author":[{"embeddable":true,"href":"https:\/\/ejornais.com.br\/index.php\/wp-json\/wp\/v2\/users\/1"}],"replies":[{"embeddable":true,"href":"https:\/\/ejornais.com.br\/index.php\/wp-json\/wp\/v2\/comments?post=21990"}],"version-history":[{"count":0,"href":"https:\/\/ejornais.com.br\/index.php\/wp-json\/wp\/v2\/posts\/21990\/revisions"}],"wp:attachment":[{"href":"https:\/\/ejornais.com.br\/index.php\/wp-json\/wp\/v2\/media?parent=21990"}],"wp:term":[{"taxonomy":"category","embeddable":true,"href":"https:\/\/ejornais.com.br\/index.php\/wp-json\/wp\/v2\/categories?post=21990"},{"taxonomy":"post_tag","embeddable":true,"href":"https:\/\/ejornais.com.br\/index.php\/wp-json\/wp\/v2\/tags?post=21990"}],"curies":[{"name":"wp","href":"https:\/\/api.w.org\/{rel}","templated":true}]}}