{"id":22005,"date":"2024-03-26T11:14:35","date_gmt":"2024-03-26T14:14:35","guid":{"rendered":"https:\/\/ejornais.com.br\/index.php\/2024\/03\/26\/cicero-lucena-inspeciona-obras-da-orla-sul-e-projeta-conclusao-da-primeira-etapa-para-o-mes-de-junho\/"},"modified":"2024-03-26T11:14:35","modified_gmt":"2024-03-26T14:14:35","slug":"cicero-lucena-inspeciona-obras-da-orla-sul-e-projeta-conclusao-da-primeira-etapa-para-o-mes-de-junho","status":"publish","type":"post","link":"https:\/\/ejornais.com.br\/index.php\/2024\/03\/26\/cicero-lucena-inspeciona-obras-da-orla-sul-e-projeta-conclusao-da-primeira-etapa-para-o-mes-de-junho\/","title":{"rendered":"C\u00edcero Lucena inspeciona obras da Orla Sul e projeta conclus\u00e3o da primeira etapa para o m\u00eas de junho"},"content":{"rendered":"<p><\/p>\n<div>\n<p>A obras do projeto Orla Sul \u2013 de duplica\u00e7\u00e3o de vias e urbaniza\u00e7\u00e3o da PB-008 at\u00e9 as praias do Sol e Gramame \u2013 est\u00e3o avan\u00e7ando com trabalhos da Secretaria de Infraestrutura (Seinfra). Nesta ter\u00e7a-feira (26), durante inspe\u00e7\u00e3o, o prefeito C\u00edcero Lucena projetou a conclus\u00e3o da primeira etapa para o pr\u00f3ximo m\u00eas de junho. \u00a0 <\/p>\n<figure class=\"wp-block-gallery has-nested-images columns-default is-cropped wp-block-gallery-1 is-layout-flex wp-block-gallery-is-layout-flex\">\n<figure class=\"wp-block-image size-large\"><\/figure>\n<figure class=\"wp-block-image size-large\"><\/figure>\n<figure class=\"wp-block-image size-large\"><\/figure>\n<figure class=\"wp-block-image size-large\"><\/figure>\n<figure class=\"wp-block-image size-large\"><\/figure>\n<\/figure>\n<p>\u201cUma obra com uso da tecnologia, executando com qualidade e com rapidez. Esse projeto, que vai mudar toda essa \u00e1rea, que \u00e9 a urbaniza\u00e7\u00e3o da Orla Sul, uma parceria com os Governos Federal e Estadual, vai criar esse novo momento para a cidade de Jo\u00e3o Pessoa, para os moradores da Zona Sul. Infraestrutura, com qualidade, seguran\u00e7a, com ilumina\u00e7\u00e3o, ciclovia, pista dupla, cal\u00e7ada para caminhada, ou seja, marcos na cidade de Jo\u00e3o Pessoa\u201d, afirmou o prefeito. \u00a0 <\/p>\n<figure class=\"wp-block-gallery has-nested-images columns-default is-cropped wp-block-gallery-2 is-layout-flex wp-block-gallery-is-layout-flex\">\n<figure class=\"wp-block-image size-large\"><\/figure>\n<figure class=\"wp-block-image size-large\"><\/figure>\n<figure class=\"wp-block-image size-large\"><\/figure>\n<figure class=\"wp-block-image size-large\"><\/figure>\n<\/figure>\n<p>De acordo com a Secretaria de Infraestrutura (Seinfra), a primeira etapa que ser\u00e1 entregue em junho deste ano, compreende a duplica\u00e7\u00e3o das vias na rotat\u00f3ria da PB-008 at\u00e9 a o trecho que divide o acesso \u00e0s praias do Sol e Gramame, em uma extens\u00e3o de quase tr\u00eas quil\u00f4metros. \u201c\u00c9 uma obra bem extensa, que conta com investimento de R$ 30 milh\u00f5es, e que, nessa primeira etapa j\u00e1 entregaremos com infraestrutura completa, de drenagem, pistas duplas, acessibilidade e ilumina\u00e7\u00e3o em LED\u201d, explicou o secret\u00e1rio executivo da Infraestrutura, Luciano Pereira. \u00a0 <\/p>\n<figure class=\"wp-block-gallery has-nested-images columns-default is-cropped wp-block-gallery-3 is-layout-flex wp-block-gallery-is-layout-flex\">\n<figure class=\"wp-block-image size-large\"><\/figure>\n<figure class=\"wp-block-image size-large\"><\/figure>\n<\/figure>\n<p><strong>Orla Sul \u2013<\/strong> O projeto compreende uma extens\u00e3o de 6,5 quil\u00f4metros para impactar a regi\u00e3o Sul da Capital na perspectiva do turismo, mobilidade urbana e de lazer. Ao longo de todo o percurso, al\u00e9m da duplica\u00e7\u00e3o de vias, a obra contar\u00e1 ainda com bin\u00e1rios, ciclovias, empra\u00e7amentos, \u00e1reas verdes e ilumina\u00e7\u00e3o em LED. \u00a0 <\/p>\n<p><strong>Confira todas as interven\u00e7\u00f5es:\u00a0\u00a0<\/strong> \u00a0 <\/p>\n<p>-Um bin\u00e1rio na Praia do Sol, com pistas duplicadas na extens\u00e3o de 4 km, com canteiro central e plantio de grama;\u00a0\u00a0 \u00a0 <\/p>\n<p>-Pista simples de acesso a Gramame, com extens\u00e3o de 2,3 km, com giradouros para facilitar a fluidez do tr\u00e2nsito;\u00a0\u00a0 \u00a0 <\/p>\n<p>-Ciclofaixas em toda extens\u00e3o da obra;\u00a0\u00a0 \u00a0 <\/p>\n<p>-Estacionamento com 150 vagas, incluindo acesso para pessoas com defici\u00eancia;\u00a0\u00a0 \u00a0 <\/p>\n<p>-Pavimento em piso intertravado nas \u00e1reas de praia;\u00a0\u00a0 \u00a0 <\/p>\n<p>-Ilumina\u00e7\u00e3o em LED \u2013 240 lumin\u00e1rias;\u00a0\u00a0 \u00a0 <\/p>\n<p>-Sinaliza\u00e7\u00e3o vertical e horizontal, com cal\u00e7adas padronizadas e acessibilidade;\u00a0\u00a0 \u00a0 <\/p>\n<p>-Biciclet\u00e1rios nas duas praias;\u00a0\u00a0 \u00a0 <\/p>\n<p>-Pavimenta\u00e7\u00e3o asf\u00e1ltica nas vias de acesso.<\/p>\n<\/p><\/div>\n","protected":false},"excerpt":{"rendered":"<p>A obras do projeto Orla Sul \u2013 de duplica\u00e7\u00e3o de vias e urbaniza\u00e7\u00e3o da PB-008 at\u00e9 as praias do Sol<\/p>\n","protected":false},"author":1,"featured_media":0,"comment_status":"open","ping_status":"open","sticky":false,"template":"","format":"standard","meta":{"colormag_page_container_layout":"default_layout","colormag_page_sidebar_layout":"default_layout","footnotes":""},"categories":[1],"tags":[],"class_list":["post-22005","post","type-post","status-publish","format-standard","hentry","category-ejornais"],"aioseo_notices":[],"amp_enabled":true,"_links":{"self":[{"href":"https:\/\/ejornais.com.br\/index.php\/wp-json\/wp\/v2\/posts\/22005","targetHints":{"allow":["GET"]}}],"collection":[{"href":"https:\/\/ejornais.com.br\/index.php\/wp-json\/wp\/v2\/posts"}],"about":[{"href":"https:\/\/ejornais.com.br\/index.php\/wp-json\/wp\/v2\/types\/post"}],"author":[{"embeddable":true,"href":"https:\/\/ejornais.com.br\/index.php\/wp-json\/wp\/v2\/users\/1"}],"replies":[{"embeddable":true,"href":"https:\/\/ejornais.com.br\/index.php\/wp-json\/wp\/v2\/comments?post=22005"}],"version-history":[{"count":0,"href":"https:\/\/ejornais.com.br\/index.php\/wp-json\/wp\/v2\/posts\/22005\/revisions"}],"wp:attachment":[{"href":"https:\/\/ejornais.com.br\/index.php\/wp-json\/wp\/v2\/media?parent=22005"}],"wp:term":[{"taxonomy":"category","embeddable":true,"href":"https:\/\/ejornais.com.br\/index.php\/wp-json\/wp\/v2\/categories?post=22005"},{"taxonomy":"post_tag","embeddable":true,"href":"https:\/\/ejornais.com.br\/index.php\/wp-json\/wp\/v2\/tags?post=22005"}],"curies":[{"name":"wp","href":"https:\/\/api.w.org\/{rel}","templated":true}]}}