{"id":22234,"date":"2024-03-29T23:45:15","date_gmt":"2024-03-30T02:45:15","guid":{"rendered":"https:\/\/ejornais.com.br\/index.php\/2024\/03\/29\/fim-de-semana-tem-plantao-de-vacinacao-em-unidades-e-shoppings-cgnoticias\/"},"modified":"2024-03-29T23:45:15","modified_gmt":"2024-03-30T02:45:15","slug":"fim-de-semana-tem-plantao-de-vacinacao-em-unidades-e-shoppings-cgnoticias","status":"publish","type":"post","link":"https:\/\/ejornais.com.br\/index.php\/2024\/03\/29\/fim-de-semana-tem-plantao-de-vacinacao-em-unidades-e-shoppings-cgnoticias\/","title":{"rendered":"Fim de semana tem plant\u00e3o de vacina\u00e7\u00e3o em unidades e shoppings\u00a0 \u2013 CGNot\u00edcias"},"content":{"rendered":"<p><\/p>\n<div>\n<p>Neste fim de semana, a Prefeitura de Campo Grande, por meio da Secretaria Municipal de Sa\u00fade (Sesau), realiza plant\u00e3o de vacina\u00e7\u00e3o em unidades de sa\u00fade e shoppings.<\/p>\n<p>De acordo com a secret\u00e1ria municipal de Sa\u00fade, Rosana Leite de Melo, o objetivo \u00e9 ampliar o acesso da popula\u00e7\u00e3o \u00e0s vacinas contra diversas doen\u00e7as.<\/p>\n<p>\u201cAs vacinas s\u00e3o uma das principais ferramentas que temos para prevenir doen\u00e7as e proteger a sa\u00fade de todos. \u00c9 fundamental que cada cidad\u00e3o fa\u00e7a a sua parte, mantendo seu calend\u00e1rio de vacina\u00e7\u00e3o em dia e contribuindo para a constru\u00e7\u00e3o de uma comunidade mais saud\u00e1vel e segura para todos\u201d, diz.<\/p>\n<p>No s\u00e1bado (30), as unidades de sa\u00fade da USF Serradinho e USF S\u00e3o Francisco estar\u00e3o abertas, das 7h \u00e0s 17h, al\u00e9m dos shoppings P\u00e1tio Central, das 9h \u00e0s 16h, e Bosque dos Ip\u00eas, das 10h \u00e0s 17h.<\/p>\n<div dir=\"auto\">\n<p>J\u00e1 no domingo (31), apenas o shopping Bosque dos Ip\u00eas estar\u00e1 vacinando, das 10h \u00e0s 17h.<\/p>\n<p>Todas as vacinas do calend\u00e1rio estar\u00e3o sendo disponibilizadas, incluindo contra a Gripe e Covid-19. Especificamente a vacina\u00e7\u00e3o contra a Dengue n\u00e3o estar\u00e1 dispon\u00edvel, retornando na segunda-feira.<\/p>\n<\/div>\n<p>#pratodosverem A imagem de capa que ilustra a mat\u00e9ria mostra uma menina, branca, de cabelos escuros e longos, mostrando o bra\u00e7o que foi vacinado com bandagem adesiva.<\/p>\n<\/div>\n<p><script async defer async defer src=\"https:\/\/connect.facebook.net\/en_US\/sdk.js?ver=1#xfbml=1&#038;version=v3.2\" id='prefeitura-campogrande-script-facebook-sdk-js'><\/script><\/p>\n","protected":false},"excerpt":{"rendered":"<p>Neste fim de semana, a Prefeitura de Campo Grande, por meio da Secretaria Municipal de Sa\u00fade (Sesau), realiza plant\u00e3o de<\/p>\n","protected":false},"author":1,"featured_media":0,"comment_status":"open","ping_status":"open","sticky":false,"template":"","format":"standard","meta":{"colormag_page_container_layout":"default_layout","colormag_page_sidebar_layout":"default_layout","footnotes":""},"categories":[],"tags":[],"class_list":["post-22234","post","type-post","status-publish","format-standard","hentry"],"aioseo_notices":[],"aioseo_head":"\n\t\t<!-- All in One SEO 5.0.1.1 - aioseo.com -->\n\t<meta name=\"description\" content=\"Neste fim de semana, a Prefeitura de Campo Grande, por meio da Secretaria Municipal de Sa\u00fade (Sesau), realiza plant\u00e3o de vacina\u00e7\u00e3o em unidades de sa\u00fade e shoppings. De acordo com a secret\u00e1ria municipal de Sa\u00fade, Rosana Leite de Melo, o objetivo \u00e9 ampliar o acesso da popula\u00e7\u00e3o \u00e0s vacinas contra diversas doen\u00e7as. \u201cAs vacinas s\u00e3o\" \/>\n\t<meta name=\"robots\" content=\"max-image-preview:large\" \/>\n\t<link rel=\"canonical\" href=\"https:\/\/ejornais.com.br\/index.php\/2024\/03\/29\/fim-de-semana-tem-plantao-de-vacinacao-em-unidades-e-shoppings-cgnoticias\/\" \/>\n\t<meta name=\"generator\" content=\"All in One SEO (AIOSEO) 5.0.1.1\" \/>\n\t\t<meta property=\"og:locale\" content=\"pt_BR\" \/>\n\t\t<meta property=\"og:site_name\" content=\"eJornais - Cat\u00e1logo de Jornais no mundo, Not\u00edcias, Blog e Esportes ao vivo\" \/>\n\t\t<meta property=\"og:type\" content=\"article\" \/>\n\t\t<meta property=\"og:title\" content=\"Fim de semana tem plant\u00e3o de vacina\u00e7\u00e3o em unidades e shoppings \u2013 CGNot\u00edcias - eJornais\" \/>\n\t\t<meta property=\"og:description\" content=\"Neste fim de semana, a Prefeitura de Campo Grande, por meio da Secretaria Municipal de Sa\u00fade (Sesau), realiza plant\u00e3o de vacina\u00e7\u00e3o em unidades de sa\u00fade e shoppings. De acordo com a secret\u00e1ria municipal de Sa\u00fade, Rosana Leite de Melo, o objetivo \u00e9 ampliar o acesso da popula\u00e7\u00e3o \u00e0s vacinas contra diversas doen\u00e7as. \u201cAs vacinas s\u00e3o\" \/>\n\t\t<meta property=\"og:url\" content=\"https:\/\/ejornais.com.br\/index.php\/2024\/03\/29\/fim-de-semana-tem-plantao-de-vacinacao-em-unidades-e-shoppings-cgnoticias\/\" \/>\n\t\t<meta property=\"article:published_time\" content=\"2024-03-30T02:45:15+00:00\" \/>\n\t\t<meta property=\"article:modified_time\" content=\"2024-03-30T02:45:15+00:00\" \/>\n\t\t<meta name=\"twitter:card\" content=\"summary_large_image\" \/>\n\t\t<meta name=\"twitter:title\" content=\"Fim de semana tem plant\u00e3o de vacina\u00e7\u00e3o em unidades e shoppings \u2013 CGNot\u00edcias - eJornais\" \/>\n\t\t<meta name=\"twitter:description\" content=\"Neste fim de semana, a Prefeitura de Campo Grande, por meio da Secretaria Municipal de Sa\u00fade (Sesau), realiza plant\u00e3o de vacina\u00e7\u00e3o em unidades de sa\u00fade e shoppings. De acordo com a secret\u00e1ria municipal de Sa\u00fade, Rosana Leite de Melo, o objetivo \u00e9 ampliar o acesso da popula\u00e7\u00e3o \u00e0s vacinas contra diversas doen\u00e7as. \u201cAs vacinas s\u00e3o\" \/>\n\t\t<script type=\"application\/ld+json\" class=\"aioseo-schema\">\n\t\t\t{\"@context\":\"https:\\\/\\\/schema.org\",\"@graph\":[{\"@type\":\"BlogPosting\",\"@id\":\"https:\\\/\\\/ejornais.com.br\\\/index.php\\\/2024\\\/03\\\/29\\\/fim-de-semana-tem-plantao-de-vacinacao-em-unidades-e-shoppings-cgnoticias\\\/#blogposting\",\"name\":\"Fim de semana tem plant\\u00e3o de vacina\\u00e7\\u00e3o em unidades e shoppings \\u2013 CGNot\\u00edcias - eJornais\",\"headline\":\"Fim de semana tem plant\\u00e3o de vacina\\u00e7\\u00e3o em unidades e shoppings\\u00a0 \\u2013 CGNot\\u00edcias\",\"author\":{\"@id\":\"https:\\\/\\\/ejornais.com.br\\\/index.php\\\/author\\\/#author\"},\"publisher\":{\"@id\":\"https:\\\/\\\/ejornais.com.br\\\/#organization\"},\"datePublished\":\"2024-03-29T23:45:15-03:00\",\"dateModified\":\"2024-03-29T23:45:15-03:00\",\"inLanguage\":\"pt-BR\",\"mainEntityOfPage\":{\"@id\":\"https:\\\/\\\/ejornais.com.br\\\/index.php\\\/2024\\\/03\\\/29\\\/fim-de-semana-tem-plantao-de-vacinacao-em-unidades-e-shoppings-cgnoticias\\\/#webpage\"},\"isPartOf\":{\"@id\":\"https:\\\/\\\/ejornais.com.br\\\/index.php\\\/2024\\\/03\\\/29\\\/fim-de-semana-tem-plantao-de-vacinacao-em-unidades-e-shoppings-cgnoticias\\\/#webpage\"}},{\"@type\":\"BreadcrumbList\",\"@id\":\"https:\\\/\\\/ejornais.com.br\\\/index.php\\\/2024\\\/03\\\/29\\\/fim-de-semana-tem-plantao-de-vacinacao-em-unidades-e-shoppings-cgnoticias\\\/#breadcrumblist\",\"itemListElement\":[{\"@type\":\"ListItem\",\"@id\":\"https:\\\/\\\/ejornais.com.br#listItem\",\"position\":1,\"name\":\"In\\u00edcio\",\"item\":\"https:\\\/\\\/ejornais.com.br\",\"nextItem\":{\"@type\":\"ListItem\",\"@id\":\"https:\\\/\\\/ejornais.com.br\\\/index.php\\\/2024\\\/03\\\/29\\\/fim-de-semana-tem-plantao-de-vacinacao-em-unidades-e-shoppings-cgnoticias\\\/#listItem\",\"name\":\"Fim de semana tem plant\\u00e3o de vacina\\u00e7\\u00e3o em unidades e shoppings\\u00a0 \\u2013 CGNot\\u00edcias\"}},{\"@type\":\"ListItem\",\"@id\":\"https:\\\/\\\/ejornais.com.br\\\/index.php\\\/2024\\\/03\\\/29\\\/fim-de-semana-tem-plantao-de-vacinacao-em-unidades-e-shoppings-cgnoticias\\\/#listItem\",\"position\":2,\"name\":\"Fim de semana tem plant\\u00e3o de vacina\\u00e7\\u00e3o em unidades e shoppings\\u00a0 \\u2013 CGNot\\u00edcias\",\"previousItem\":{\"@type\":\"ListItem\",\"@id\":\"https:\\\/\\\/ejornais.com.br#listItem\",\"name\":\"In\\u00edcio\"}}]},{\"@type\":\"Organization\",\"@id\":\"https:\\\/\\\/ejornais.com.br\\\/#organization\",\"name\":\"eJornais\",\"description\":\"Cat\\u00e1logo de Jornais no mundo, Not\\u00edcias, Blog e Esportes ao vivo\",\"url\":\"https:\\\/\\\/ejornais.com.br\\\/\"},{\"@type\":\"Person\",\"@id\":\"https:\\\/\\\/ejornais.com.br\\\/index.php\\\/author\\\/#author\",\"url\":\"https:\\\/\\\/ejornais.com.br\\\/index.php\\\/author\\\/\"},{\"@type\":\"WebPage\",\"@id\":\"https:\\\/\\\/ejornais.com.br\\\/index.php\\\/2024\\\/03\\\/29\\\/fim-de-semana-tem-plantao-de-vacinacao-em-unidades-e-shoppings-cgnoticias\\\/#webpage\",\"url\":\"https:\\\/\\\/ejornais.com.br\\\/index.php\\\/2024\\\/03\\\/29\\\/fim-de-semana-tem-plantao-de-vacinacao-em-unidades-e-shoppings-cgnoticias\\\/\",\"name\":\"Fim de semana tem plant\\u00e3o de vacina\\u00e7\\u00e3o em unidades e shoppings \\u2013 CGNot\\u00edcias - eJornais\",\"description\":\"Neste fim de semana, a Prefeitura de Campo Grande, por meio da Secretaria Municipal de Sa\\u00fade (Sesau), realiza plant\\u00e3o de vacina\\u00e7\\u00e3o em unidades de sa\\u00fade e shoppings. De acordo com a secret\\u00e1ria municipal de Sa\\u00fade, Rosana Leite de Melo, o objetivo \\u00e9 ampliar o acesso da popula\\u00e7\\u00e3o \\u00e0s vacinas contra diversas doen\\u00e7as. \\u201cAs vacinas s\\u00e3o\",\"inLanguage\":\"pt-BR\",\"isPartOf\":{\"@id\":\"https:\\\/\\\/ejornais.com.br\\\/#website\"},\"breadcrumb\":{\"@id\":\"https:\\\/\\\/ejornais.com.br\\\/index.php\\\/2024\\\/03\\\/29\\\/fim-de-semana-tem-plantao-de-vacinacao-em-unidades-e-shoppings-cgnoticias\\\/#breadcrumblist\"},\"author\":{\"@id\":\"https:\\\/\\\/ejornais.com.br\\\/index.php\\\/author\\\/#author\"},\"creator\":{\"@id\":\"https:\\\/\\\/ejornais.com.br\\\/index.php\\\/author\\\/#author\"},\"datePublished\":\"2024-03-29T23:45:15-03:00\",\"dateModified\":\"2024-03-29T23:45:15-03:00\"},{\"@type\":\"WebSite\",\"@id\":\"https:\\\/\\\/ejornais.com.br\\\/#website\",\"url\":\"https:\\\/\\\/ejornais.com.br\\\/\",\"name\":\"eJornais\",\"description\":\"Cat\\u00e1logo de Jornais no mundo, Not\\u00edcias, Blog e Esportes ao vivo\",\"inLanguage\":\"pt-BR\",\"publisher\":{\"@id\":\"https:\\\/\\\/ejornais.com.br\\\/#organization\"}}]}\n\t\t<\/script>\n\t\t<!-- All in One SEO -->\n\n","aioseo_head_json":{"title":"Fim de semana tem plant\u00e3o de vacina\u00e7\u00e3o em unidades e shoppings \u2013 CGNot\u00edcias - eJornais","description":"Neste fim de semana, a Prefeitura de Campo Grande, por meio da Secretaria Municipal de Sa\u00fade (Sesau), realiza plant\u00e3o de vacina\u00e7\u00e3o em unidades de sa\u00fade e shoppings. De acordo com a secret\u00e1ria municipal de Sa\u00fade, Rosana Leite de Melo, o objetivo \u00e9 ampliar o acesso da popula\u00e7\u00e3o \u00e0s vacinas contra diversas doen\u00e7as. \u201cAs vacinas s\u00e3o","canonical_url":"https:\/\/ejornais.com.br\/index.php\/2024\/03\/29\/fim-de-semana-tem-plantao-de-vacinacao-em-unidades-e-shoppings-cgnoticias\/","robots":"max-image-preview:large","keywords":"","webmasterTools":{"miscellaneous":""},"schema":{"@context":"https:\/\/schema.org","@graph":[{"@type":"BlogPosting","@id":"https:\/\/ejornais.com.br\/index.php\/2024\/03\/29\/fim-de-semana-tem-plantao-de-vacinacao-em-unidades-e-shoppings-cgnoticias\/#blogposting","name":"Fim de semana tem plant\u00e3o de vacina\u00e7\u00e3o em unidades e shoppings \u2013 CGNot\u00edcias - eJornais","headline":"Fim de semana tem plant\u00e3o de vacina\u00e7\u00e3o em unidades e shoppings\u00a0 \u2013 CGNot\u00edcias","author":{"@id":"https:\/\/ejornais.com.br\/index.php\/author\/#author"},"publisher":{"@id":"https:\/\/ejornais.com.br\/#organization"},"datePublished":"2024-03-29T23:45:15-03:00","dateModified":"2024-03-29T23:45:15-03:00","inLanguage":"pt-BR","mainEntityOfPage":{"@id":"https:\/\/ejornais.com.br\/index.php\/2024\/03\/29\/fim-de-semana-tem-plantao-de-vacinacao-em-unidades-e-shoppings-cgnoticias\/#webpage"},"isPartOf":{"@id":"https:\/\/ejornais.com.br\/index.php\/2024\/03\/29\/fim-de-semana-tem-plantao-de-vacinacao-em-unidades-e-shoppings-cgnoticias\/#webpage"}},{"@type":"BreadcrumbList","@id":"https:\/\/ejornais.com.br\/index.php\/2024\/03\/29\/fim-de-semana-tem-plantao-de-vacinacao-em-unidades-e-shoppings-cgnoticias\/#breadcrumblist","itemListElement":[{"@type":"ListItem","@id":"https:\/\/ejornais.com.br#listItem","position":1,"name":"In\u00edcio","item":"https:\/\/ejornais.com.br","nextItem":{"@type":"ListItem","@id":"https:\/\/ejornais.com.br\/index.php\/2024\/03\/29\/fim-de-semana-tem-plantao-de-vacinacao-em-unidades-e-shoppings-cgnoticias\/#listItem","name":"Fim de semana tem plant\u00e3o de vacina\u00e7\u00e3o em unidades e shoppings\u00a0 \u2013 CGNot\u00edcias"}},{"@type":"ListItem","@id":"https:\/\/ejornais.com.br\/index.php\/2024\/03\/29\/fim-de-semana-tem-plantao-de-vacinacao-em-unidades-e-shoppings-cgnoticias\/#listItem","position":2,"name":"Fim de semana tem plant\u00e3o de vacina\u00e7\u00e3o em unidades e shoppings\u00a0 \u2013 CGNot\u00edcias","previousItem":{"@type":"ListItem","@id":"https:\/\/ejornais.com.br#listItem","name":"In\u00edcio"}}]},{"@type":"Organization","@id":"https:\/\/ejornais.com.br\/#organization","name":"eJornais","description":"Cat\u00e1logo de Jornais no mundo, Not\u00edcias, Blog e Esportes ao vivo","url":"https:\/\/ejornais.com.br\/"},{"@type":"Person","@id":"https:\/\/ejornais.com.br\/index.php\/author\/#author","url":"https:\/\/ejornais.com.br\/index.php\/author\/"},{"@type":"WebPage","@id":"https:\/\/ejornais.com.br\/index.php\/2024\/03\/29\/fim-de-semana-tem-plantao-de-vacinacao-em-unidades-e-shoppings-cgnoticias\/#webpage","url":"https:\/\/ejornais.com.br\/index.php\/2024\/03\/29\/fim-de-semana-tem-plantao-de-vacinacao-em-unidades-e-shoppings-cgnoticias\/","name":"Fim de semana tem plant\u00e3o de vacina\u00e7\u00e3o em unidades e shoppings \u2013 CGNot\u00edcias - eJornais","description":"Neste fim de semana, a Prefeitura de Campo Grande, por meio da Secretaria Municipal de Sa\u00fade (Sesau), realiza plant\u00e3o de vacina\u00e7\u00e3o em unidades de sa\u00fade e shoppings. De acordo com a secret\u00e1ria municipal de Sa\u00fade, Rosana Leite de Melo, o objetivo \u00e9 ampliar o acesso da popula\u00e7\u00e3o \u00e0s vacinas contra diversas doen\u00e7as. \u201cAs vacinas s\u00e3o","inLanguage":"pt-BR","isPartOf":{"@id":"https:\/\/ejornais.com.br\/#website"},"breadcrumb":{"@id":"https:\/\/ejornais.com.br\/index.php\/2024\/03\/29\/fim-de-semana-tem-plantao-de-vacinacao-em-unidades-e-shoppings-cgnoticias\/#breadcrumblist"},"author":{"@id":"https:\/\/ejornais.com.br\/index.php\/author\/#author"},"creator":{"@id":"https:\/\/ejornais.com.br\/index.php\/author\/#author"},"datePublished":"2024-03-29T23:45:15-03:00","dateModified":"2024-03-29T23:45:15-03:00"},{"@type":"WebSite","@id":"https:\/\/ejornais.com.br\/#website","url":"https:\/\/ejornais.com.br\/","name":"eJornais","description":"Cat\u00e1logo de Jornais no mundo, Not\u00edcias, Blog e Esportes ao vivo","inLanguage":"pt-BR","publisher":{"@id":"https:\/\/ejornais.com.br\/#organization"}}]},"og:locale":"pt_BR","og:site_name":"eJornais - Cat\u00e1logo de Jornais no mundo, Not\u00edcias, Blog e Esportes ao vivo","og:type":"article","og:title":"Fim de semana tem plant\u00e3o de vacina\u00e7\u00e3o em unidades e shoppings \u2013 CGNot\u00edcias - eJornais","og:description":"Neste fim de semana, a Prefeitura de Campo Grande, por meio da Secretaria Municipal de Sa\u00fade (Sesau), realiza plant\u00e3o de vacina\u00e7\u00e3o em unidades de sa\u00fade e shoppings. De acordo com a secret\u00e1ria municipal de Sa\u00fade, Rosana Leite de Melo, o objetivo \u00e9 ampliar o acesso da popula\u00e7\u00e3o \u00e0s vacinas contra diversas doen\u00e7as. \u201cAs vacinas s\u00e3o","og:url":"https:\/\/ejornais.com.br\/index.php\/2024\/03\/29\/fim-de-semana-tem-plantao-de-vacinacao-em-unidades-e-shoppings-cgnoticias\/","article:published_time":"2024-03-30T02:45:15+00:00","article:modified_time":"2024-03-30T02:45:15+00:00","twitter:card":"summary_large_image","twitter:title":"Fim de semana tem plant\u00e3o de vacina\u00e7\u00e3o em unidades e shoppings \u2013 CGNot\u00edcias - eJornais","twitter:description":"Neste fim de semana, a Prefeitura de Campo Grande, por meio da Secretaria Municipal de Sa\u00fade (Sesau), realiza plant\u00e3o de vacina\u00e7\u00e3o em unidades de sa\u00fade e shoppings. De acordo com a secret\u00e1ria municipal de Sa\u00fade, Rosana Leite de Melo, o objetivo \u00e9 ampliar o acesso da popula\u00e7\u00e3o \u00e0s vacinas contra diversas doen\u00e7as. \u201cAs vacinas s\u00e3o"},"aioseo_meta_data":{"post_id":"22234","title":null,"description":null,"keywords":null,"keyphrases":null,"primary_term":null,"canonical_url":null,"og_title":null,"og_description":null,"og_object_type":"default","og_image_type":"default","og_image_url":null,"og_image_width":null,"og_image_height":null,"og_image_custom_url":null,"og_image_custom_fields":null,"og_video":null,"og_custom_url":null,"og_article_section":null,"og_article_tags":null,"twitter_use_og":false,"twitter_card":"default","twitter_image_type":"default","twitter_image_url":null,"twitter_image_custom_url":null,"twitter_image_custom_fields":null,"twitter_title":null,"twitter_description":null,"schema":{"blockGraphs":[],"customGraphs":[],"default":{"data":{"Article":[],"Course":[],"Dataset":[],"FAQPage":[],"Movie":[],"Person":[],"Product":[],"ProductReview":[],"Car":[],"Recipe":[],"Service":[],"SoftwareApplication":[],"WebPage":[]},"graphName":"","isEnabled":true},"graphs":[]},"schema_type":"default","schema_type_options":null,"pillar_content":false,"robots_default":true,"robots_noindex":false,"robots_noarchive":false,"robots_nosnippet":false,"robots_nofollow":false,"robots_noimageindex":false,"robots_noodp":false,"robots_notranslate":false,"robots_max_snippet":null,"robots_max_videopreview":null,"robots_max_imagepreview":"large","priority":null,"frequency":null,"local_seo":null,"breadcrumb_settings":null,"limit_modified_date":false,"ai":null,"created":"2024-03-30 02:46:57","updated":"2025-06-05 07:43:02","seo_analyzer_scan_date":null,"focus_keyword":null,"additional_keywords":null,"truseo_locale":null},"aioseo_breadcrumb":"<div class=\"aioseo-breadcrumbs\"><span class=\"aioseo-breadcrumb\">\n\t\t\t<a href=\"https:\/\/ejornais.com.br\" title=\"In\u00edcio\">In\u00edcio<\/a>\n\t\t<\/span><span class=\"aioseo-breadcrumb-separator\">&raquo;<\/span><span class=\"aioseo-breadcrumb\">\n\t\t\tFim de semana tem plant\u00e3o de vacina\u00e7\u00e3o em unidades e shoppings  \u2013 CGNot\u00edcias\n\t\t<\/span><\/div>","aioseo_breadcrumb_json":[{"label":"In\u00edcio","link":"https:\/\/ejornais.com.br"},{"label":"Fim de semana tem plant\u00e3o de vacina\u00e7\u00e3o em unidades e shoppings\u00a0 \u2013 CGNot\u00edcias","link":"https:\/\/ejornais.com.br\/index.php\/2024\/03\/29\/fim-de-semana-tem-plantao-de-vacinacao-em-unidades-e-shoppings-cgnoticias\/"}],"amp_enabled":true,"_links":{"self":[{"href":"https:\/\/ejornais.com.br\/index.php\/wp-json\/wp\/v2\/posts\/22234","targetHints":{"allow":["GET"]}}],"collection":[{"href":"https:\/\/ejornais.com.br\/index.php\/wp-json\/wp\/v2\/posts"}],"about":[{"href":"https:\/\/ejornais.com.br\/index.php\/wp-json\/wp\/v2\/types\/post"}],"author":[{"embeddable":true,"href":"https:\/\/ejornais.com.br\/index.php\/wp-json\/wp\/v2\/users\/1"}],"replies":[{"embeddable":true,"href":"https:\/\/ejornais.com.br\/index.php\/wp-json\/wp\/v2\/comments?post=22234"}],"version-history":[{"count":0,"href":"https:\/\/ejornais.com.br\/index.php\/wp-json\/wp\/v2\/posts\/22234\/revisions"}],"wp:attachment":[{"href":"https:\/\/ejornais.com.br\/index.php\/wp-json\/wp\/v2\/media?parent=22234"}],"wp:term":[{"taxonomy":"category","embeddable":true,"href":"https:\/\/ejornais.com.br\/index.php\/wp-json\/wp\/v2\/categories?post=22234"},{"taxonomy":"post_tag","embeddable":true,"href":"https:\/\/ejornais.com.br\/index.php\/wp-json\/wp\/v2\/tags?post=22234"}],"curies":[{"name":"wp","href":"https:\/\/api.w.org\/{rel}","templated":true}]}}