{"id":22469,"date":"2024-04-03T01:30:42","date_gmt":"2024-04-03T04:30:42","guid":{"rendered":"https:\/\/ejornais.com.br\/index.php\/2024\/04\/03\/prefeitura-de-sorocaba-inicia-construcao-da-passarela-e-passeio-publico-no-jardim-santa-luiza-agencia-de-noticias\/"},"modified":"2024-04-03T01:30:42","modified_gmt":"2024-04-03T04:30:42","slug":"prefeitura-de-sorocaba-inicia-construcao-da-passarela-e-passeio-publico-no-jardim-santa-luiza-agencia-de-noticias","status":"publish","type":"post","link":"https:\/\/ejornais.com.br\/index.php\/2024\/04\/03\/prefeitura-de-sorocaba-inicia-construcao-da-passarela-e-passeio-publico-no-jardim-santa-luiza-agencia-de-noticias\/","title":{"rendered":"Prefeitura de Sorocaba inicia constru\u00e7\u00e3o da passarela e passeio p\u00fablico no Jardim Santa Luiza \u2013 Ag\u00eancia de Not\u00edcias"},"content":{"rendered":"<p><\/p>\n<div wp_automatic_readability=\"31\">\n<div class=\"col\" wp_automatic_readability=\"7\">\n<p class=\"mt-0\">\n                        <strong><br \/>\n                            <span class=\"far fa-calendar mr-1 mt-2\"\/><br \/>\n                            2 de abril de 2024<br \/>\n                            <span class=\"far fa-clock ml-3 mt-2\"\/><br \/>\n                            18:15<br \/>\n                        <\/strong>\n                    <\/p>\n<p class=\"mb-0\">Por: <strong>Eduardo Santinon (esantinon@sorocaba.sp.gov.br)<\/strong><\/p>\n<\/p><\/div>\n<\/p><\/div>\n<div wp_automatic_readability=\"79\">\n<p>\u00a0<\/p>\n<p><em><strong>Fotos: Renan Tonet<\/strong><\/em><\/p>\n<p>\u00a0<\/p>\n<p>A Prefeitura de Sorocaba, nesta ter\u00e7a-feira (2) iniciou as obras de constru\u00e7\u00e3o de uma passarela e de um passeio p\u00fablico em \u00e1rea que fica na Rua Marco Ant\u00f4nio Laino, no Jardim Santa Lu\u00edza, interligando esse bairro ao Parque das Paineiras, na Zona Norte da cidade.<\/p>\n<p>As interven\u00e7\u00f5es ser\u00e3o executadas pela empresa DCA Engenharia e Constru\u00e7\u00f5es Ltda., em um prazo aproximado de 90 dias, viabilizadas a partir de recursos de emenda impositiva de vereador. O investimento total ser\u00e1 de aproximadamente R$ 230 mil e os trabalhos ser\u00e3o gerenciados pela Secretaria de Servi\u00e7os P\u00fablicos e Obras (Serpo).<\/p>\n<p>\u201cMoro h\u00e1 33 anos no bairro, sempre pedimos essa melhoria e ningu\u00e9m, at\u00e9 ent\u00e3o, atendeu. N\u00e3o queremos luxo, somente um cimento no ch\u00e3o e um acesso que facilite a vida de quem vai do Jardim Santa Lu\u00edza para o Parque das Paineiras e vice-versa\u201d, disse a aposentada Elaine Aparecida da Silva, 61 anos, que acompanhou o ato de lan\u00e7amento das obras.<\/p>\n<p>A nova passarela, composta por estrutura met\u00e1lica e com guarda-corpo de seguran\u00e7a, vai substituir uma antiga existente sobre o c\u00f3rrego no local, que \u00e9 de madeira. A \u00e1rea no entorno tamb\u00e9m receber\u00e1 completa urbaniza\u00e7\u00e3o. Os trabalhos de ro\u00e7agem e limpeza tamb\u00e9m j\u00e1 come\u00e7aram.<\/p>\n<p>\u201cEsse caminho \u00e9 utilizado todos os dias pelas crian\u00e7as, para ir e voltar da escola. Gosto muito desse bairro e tudo que o Poder P\u00fablico puder fazer em a\u00e7\u00f5es ser\u00e1 muito positivo para todos que moram por aqui\u201d, comentou o aposentado Vicente de Paula Vieira, 75 anos.<\/p>\n<p>Na ocasi\u00e3o, a Administra\u00e7\u00e3o Municipal adiantou que o Jardim Santa Lu\u00edza tamb\u00e9m vai ganhar, em um segundo momento, uma academia ao ar livre e playground. Os espa\u00e7os ser\u00e3o instalados tamb\u00e9m a partir de emenda impositiva via C\u00e2mara Municipal, que est\u00e1 sendo viabilizada.<\/p>\n<p>\u00a0<\/p>\n<p><!-- Root element of PhotoSwipe. Must have class pswp. --><\/p><\/div>\n","protected":false},"excerpt":{"rendered":"<p>2 de abril de 2024 18:15 Por: Eduardo Santinon (esantinon@sorocaba.sp.gov.br) \u00a0 Fotos: Renan Tonet \u00a0 A Prefeitura de Sorocaba, nesta<\/p>\n","protected":false},"author":1,"featured_media":0,"comment_status":"open","ping_status":"open","sticky":false,"template":"","format":"standard","meta":{"colormag_page_container_layout":"default_layout","colormag_page_sidebar_layout":"default_layout","footnotes":""},"categories":[1],"tags":[],"class_list":["post-22469","post","type-post","status-publish","format-standard","hentry","category-ejornais"],"aioseo_notices":[],"amp_enabled":true,"_links":{"self":[{"href":"https:\/\/ejornais.com.br\/index.php\/wp-json\/wp\/v2\/posts\/22469","targetHints":{"allow":["GET"]}}],"collection":[{"href":"https:\/\/ejornais.com.br\/index.php\/wp-json\/wp\/v2\/posts"}],"about":[{"href":"https:\/\/ejornais.com.br\/index.php\/wp-json\/wp\/v2\/types\/post"}],"author":[{"embeddable":true,"href":"https:\/\/ejornais.com.br\/index.php\/wp-json\/wp\/v2\/users\/1"}],"replies":[{"embeddable":true,"href":"https:\/\/ejornais.com.br\/index.php\/wp-json\/wp\/v2\/comments?post=22469"}],"version-history":[{"count":0,"href":"https:\/\/ejornais.com.br\/index.php\/wp-json\/wp\/v2\/posts\/22469\/revisions"}],"wp:attachment":[{"href":"https:\/\/ejornais.com.br\/index.php\/wp-json\/wp\/v2\/media?parent=22469"}],"wp:term":[{"taxonomy":"category","embeddable":true,"href":"https:\/\/ejornais.com.br\/index.php\/wp-json\/wp\/v2\/categories?post=22469"},{"taxonomy":"post_tag","embeddable":true,"href":"https:\/\/ejornais.com.br\/index.php\/wp-json\/wp\/v2\/tags?post=22469"}],"curies":[{"name":"wp","href":"https:\/\/api.w.org\/{rel}","templated":true}]}}