{"id":22471,"date":"2024-04-03T02:12:38","date_gmt":"2024-04-03T05:12:38","guid":{"rendered":"https:\/\/ejornais.com.br\/index.php\/2024\/04\/03\/secretaria-de-trabalho-abre-a-quarta-unidade-do-empreenda-rio-no-planetario-do-rio-prefeitura-da-cidade-do-rio-de-janeiro\/"},"modified":"2024-04-03T02:12:38","modified_gmt":"2024-04-03T05:12:38","slug":"secretaria-de-trabalho-abre-a-quarta-unidade-do-empreenda-rio-no-planetario-do-rio-prefeitura-da-cidade-do-rio-de-janeiro","status":"publish","type":"post","link":"https:\/\/ejornais.com.br\/index.php\/2024\/04\/03\/secretaria-de-trabalho-abre-a-quarta-unidade-do-empreenda-rio-no-planetario-do-rio-prefeitura-da-cidade-do-rio-de-janeiro\/","title":{"rendered":"Secretaria de Trabalho abre a quarta unidade do Empreenda.Rio, no Planet\u00e1rio do Rio &#8211; Prefeitura da Cidade do Rio de Janeiro"},"content":{"rendered":"<p><\/p>\n<div id=\"main\">\n<div class=\"wrapper-breadcrumbs\" wp_automatic_readability=\"67.085791691752\">\n<div class=\"image-post\" wp_automatic_readability=\"32\">\n                     A esta\u00e7\u00e3o Empreenda.Rio na G\u00e1vea tem espa\u00e7o kids &#8211; Roberto Moreyra \/ SMTE                  <\/div>\n<p>A Secretaria Municipal de Trabalho e Renda inaugurou nesta ter\u00e7a-feira (02\/04) a quarta unidade do Empreenda.Rio no Planet\u00e1rio do Rio, na G\u00e1vea. O novo espa\u00e7o de coworking p\u00fablico conta com computador, internet e c\u00e2mera para videochamadas, sendo que nessa unidade tamb\u00e9m h\u00e1 um espa\u00e7o kids, com mesinhas, brinquedos e l\u00e1pis de cor para os pequenos. H\u00e1 previs\u00e3o de inaugura\u00e7\u00e3o de mais seis unidades na cidade.<\/p>\n<p>A nova esta\u00e7\u00e3o funcionar\u00e1 de segunda-feira a sexta-feira, de 9h \u00e0s 17h, perto da biblioteca do Planet\u00e1rio, na Rua Vice-Governador R\u00fabens Berardo 100. Nela, os microempreendedores poder\u00e3o tirar d\u00favidas, fazer cursos e trocar experi\u00eancias em um espa\u00e7o de coworking p\u00fablico. Para utilizar o espa\u00e7o, \u00e9 preciso fazer o cadastro e o agendamento no Planet\u00e1rio para poder utilizar o espa\u00e7o. Al\u00e9m da parceria do Sebrae, esta unidade do programa de qualifica\u00e7\u00e3o e suporte para quem tem ou sonha abrir o seu pr\u00f3prio neg\u00f3cio tem o apoio do Instituto Besouro.<\/p>\n<p>\u2014 Nesta esta\u00e7\u00e3o do Empreenda.Rio estamos agregando mais um servi\u00e7o, a \u00e1rea kids. N\u00f3s sabemos que h\u00e1 muitas empreendedoras que s\u00e3o m\u00e3es solo e n\u00e3o t\u00eam com quem deixar seus filhos. Por isso, pensamos em criar esta \u00e1rea \u2014 explicou o subsecret\u00e1rio-executivo da Secretaria Municipal de Trabalho e Renda, William Rodrigues.<\/p>\n<p>Durante a inaugura\u00e7\u00e3o, Tito Ryff, gerente de pol\u00edticas p\u00fablicas do Sebrae Rio, destacou a import\u00e2ncia da nova sala estar inserida em um centro de conhecimento como o Planet\u00e1rio do Rio, e localizada pr\u00f3xima \u00e0 Rocinha e ao Vidigal \u2013 duas \u00e1reas da cidade com um grande n\u00famero de empreendedores.<\/p>\n<p>Al\u00e9m de Rodrigues e Ryff, participaram da inaugura\u00e7\u00e3o Leandro Marinho, gerente de atendimento do Sebrae Rio; Eduardo Sipa\u00faba, coordenador regional do Sebrae Rio; Alexander Martins, gestor-executivo do Instituto Besouro; Renan Uccelli, presidente da Funda\u00e7\u00e3o Planet\u00e1rio da Cidade do Rio de Janeiro; e Jocimara Theodoro, da Secretaria Municipal de Inclus\u00e3o e Diversidade Religiosa.<\/p>\n<p>Atualmente, al\u00e9m da unidade do Planet\u00e1rio, h\u00e1 outras tr\u00eas Esta\u00e7\u00f5es Empreenda.Rio em funcionamento no Rio, duas no Centro e outra na Ilha do Governador, na Zona Norte.<\/p>\n<p>SERVI\u00c7O:<\/p>\n<p>Endere\u00e7os das unidades Empreenda.Rio<\/p>\n<p>Empreenda.Rio no Planet\u00e1rio \u2013 Rua Vice-Governador R\u00fabens Berardo, 100 Empreenda.Rio no Campo de Santana \u2013 Pra\u00e7a da Rep\u00fablica, 139, Centro<\/p>\n<p>Empreenda.Rio no Centro Integrado de Aten\u00e7\u00e3o \u00e0 Pessoa com Defici\u00eancia (CIAD) \u2013 Avenida Presidente Vargas, 1.997, Centro<\/p>\n<p>Empreenda.Rio na Ilha do Governador \u2013 Estrada do Dend\u00ea, 2.080<\/p>\n<p>             <!-- Compartilhe ---><\/p>\n<p>\t\t\t <!-- TAGS --><\/p>\n<section class=\"category-tags\">\n<article class=\"tags\">\n\t\t\t\t\tMarca\u00e7\u00f5es: Empreenda.Rio Prefeitura do Rio prefeitura do Rio de janeiro<br \/><\/article>\n<\/section>\n<p>            <!-- Mais Not&iacute;cias --><\/p>\n<p>\t\t<!-- Conte&uacute;do SIDEBAR --><\/p><\/div>\n<\/p><\/div>\n","protected":false},"excerpt":{"rendered":"<p>A esta\u00e7\u00e3o Empreenda.Rio na G\u00e1vea tem espa\u00e7o kids &#8211; Roberto Moreyra \/ SMTE A Secretaria Municipal de Trabalho e Renda<\/p>\n","protected":false},"author":1,"featured_media":0,"comment_status":"open","ping_status":"open","sticky":false,"template":"","format":"standard","meta":{"colormag_page_container_layout":"default_layout","colormag_page_sidebar_layout":"default_layout","footnotes":""},"categories":[1],"tags":[],"class_list":["post-22471","post","type-post","status-publish","format-standard","hentry","category-ejornais"],"aioseo_notices":[],"amp_enabled":true,"_links":{"self":[{"href":"https:\/\/ejornais.com.br\/index.php\/wp-json\/wp\/v2\/posts\/22471","targetHints":{"allow":["GET"]}}],"collection":[{"href":"https:\/\/ejornais.com.br\/index.php\/wp-json\/wp\/v2\/posts"}],"about":[{"href":"https:\/\/ejornais.com.br\/index.php\/wp-json\/wp\/v2\/types\/post"}],"author":[{"embeddable":true,"href":"https:\/\/ejornais.com.br\/index.php\/wp-json\/wp\/v2\/users\/1"}],"replies":[{"embeddable":true,"href":"https:\/\/ejornais.com.br\/index.php\/wp-json\/wp\/v2\/comments?post=22471"}],"version-history":[{"count":0,"href":"https:\/\/ejornais.com.br\/index.php\/wp-json\/wp\/v2\/posts\/22471\/revisions"}],"wp:attachment":[{"href":"https:\/\/ejornais.com.br\/index.php\/wp-json\/wp\/v2\/media?parent=22471"}],"wp:term":[{"taxonomy":"category","embeddable":true,"href":"https:\/\/ejornais.com.br\/index.php\/wp-json\/wp\/v2\/categories?post=22471"},{"taxonomy":"post_tag","embeddable":true,"href":"https:\/\/ejornais.com.br\/index.php\/wp-json\/wp\/v2\/tags?post=22471"}],"curies":[{"name":"wp","href":"https:\/\/api.w.org\/{rel}","templated":true}]}}