{"id":22616,"date":"2024-04-05T01:30:52","date_gmt":"2024-04-05T04:30:52","guid":{"rendered":"https:\/\/ejornais.com.br\/index.php\/2024\/04\/05\/lei-que-fortalece-hospitais-universitarios-e-sancionada-em-sao-paulo\/"},"modified":"2024-04-05T01:30:52","modified_gmt":"2024-04-05T04:30:52","slug":"lei-que-fortalece-hospitais-universitarios-e-sancionada-em-sao-paulo","status":"publish","type":"post","link":"https:\/\/ejornais.com.br\/index.php\/2024\/04\/05\/lei-que-fortalece-hospitais-universitarios-e-sancionada-em-sao-paulo\/","title":{"rendered":"Lei que fortalece hospitais universit\u00e1rios \u00e9 sancionada em S\u00e3o Paulo"},"content":{"rendered":"<p><img decoding=\"async\" src=\"https:\/\/www.saopaulo.sp.gov.br\/wp-content\/uploads\/2024\/04\/tarcisio-assinatura-hospitais-universitarios.jpg\" \/><\/p>\n<div id=\"\">&#13;<br \/>\n                                <!-- Title -->&#13;<br \/>\n                                &#13;<br \/>\n&#13;<br \/>\n                                <!-- Excerpt -->&#13;<\/p>\n<p class=\"excerpt\">Medida aperfei\u00e7oa a gest\u00e3o e a opera\u00e7\u00e3o das entidades e ressalta a import\u00e2ncia para a inova\u00e7\u00e3o, pesquisa e oferta de servi\u00e7os \u00e0 popula\u00e7\u00e3o<\/p>\n<p>&#13;<br \/>\n&#13;<br \/>\n                                &#13;\n                            <\/p><\/div>\n<div id=\"\">&#13;<\/p>\n<figure id=\"attachment_5858434\" style=\"width: 100%;max-width: 772px\" class=\"wp-caption alignnone\"><figcaption class=\"wp-caption-text\">Tarc\u00edsio sancionou lei nesta quinta-feira (04)<\/figcaption><\/figure>\n<p>O governador Tarc\u00edsio de Freitas sancionou nesta quinta-feira (4) o projeto de lei 1.719\/2023, que aprimora a rela\u00e7\u00e3o entre a administra\u00e7\u00e3o p\u00fablica e as funda\u00e7\u00f5es de sa\u00fade dos hospitais p\u00fablicos universit\u00e1rios em S\u00e3o Paulo. Na pr\u00e1tica, a nova norma permite \u00e0s institui\u00e7\u00f5es mais autonomia de gest\u00e3o, fortalecendo o sistema de sa\u00fade estadual e melhorando a presta\u00e7\u00e3o de servi\u00e7o \u00e0 popula\u00e7\u00e3o paulista.<\/p>\n<p>\u201c\u00c9 bom celebrar mais um passo importante. Uma lei que vai dar mais seguran\u00e7a jur\u00eddica e disciplinar de uma forma melhor essa rela\u00e7\u00e3o Estado e funda\u00e7\u00f5es. Funda\u00e7\u00f5es que s\u00e3o extremamente importantes para n\u00f3s, e que agora v\u00e3o ter mais agilidade para trabalhar e realizar o excelente trabalho que j\u00e1 fazem\u201d, afirmou o governador Tarc\u00edsio de Freitas. \u201cPropor solu\u00e7\u00f5es para problemas qualifica o debate, facilita a tomada de decis\u00e3o, e no final oferecemos para a sociedade grandes produtos. E \u00e9 isso que fazemos aqui hoje\u201d, acrescentou.<\/p>\n<p>A cerim\u00f4nia no Pal\u00e1cio dos Bandeirantes reuniu o secret\u00e1rio da Sa\u00fade, Eleuses Paiva, a secret\u00e1ria executiva da Sa\u00fade, Priscilla Perdicaris, o presidente da Assembleia Legislativa (Alesp), Andr\u00e9 do Prado, al\u00e9m da deputada estadual Bruna Furlan, autora do projeto, parlamentares e autoridades ligadas \u00e0s comunidades cient\u00edficas das funda\u00e7\u00f5es civis de sa\u00fade, hospitais e universidades.<\/p>\n<p>Desde 2023, a atual gest\u00e3o promove a\u00e7\u00f5es inovadoras para ampliar a oferta de atendimento de sa\u00fade de qualidade em S\u00e3o Paulo. Entre as medidas adotadas, os destaque s\u00e3o a cria\u00e7\u00e3o da nova Tabela SUS Paulista, o programa de Incentivo \u00e0 Gest\u00e3o Municipal (IGM SUS Paulista) e a viabiliza\u00e7\u00e3o de recursos para amplia\u00e7\u00e3o de leitos, pesquisas, cirurgias eletivas e campanhas de imuniza\u00e7\u00e3o.<\/p>\n<p>Com a lei sancionada nesta quinta, o Estado enfatiza a import\u00e2ncia das funda\u00e7\u00f5es e hospitais universit\u00e1rios para o sistema p\u00fablico de sa\u00fade, aperfei\u00e7oando a gest\u00e3o destes hospitais com a presta\u00e7\u00e3o de servi\u00e7os de assist\u00eancia m\u00e9dico-hospitalar, ambulatorial e de apoio diagn\u00f3stico e terap\u00eautico \u00e0 comunidade e a forma\u00e7\u00e3o de pessoas no campo da sa\u00fade p\u00fablica.<\/p>\n<p>Os objetivos da legisla\u00e7\u00e3o compreendem, ainda, a possibilidade de contrata\u00e7\u00f5es para as atividades de ensino, pesquisa, extens\u00e3o e assist\u00eancia e inova\u00e7\u00e3o; promo\u00e7\u00e3o do desenvolvimento institucional; execu\u00e7\u00e3o de contrata\u00e7\u00f5es de obras, servi\u00e7os e aquisi\u00e7\u00e3o de materiais, equipamentos e outros insumos relacionados \u00e0s atividades ligadas ao desenvolvimento de tecnologia na \u00e1rea da sa\u00fade.<\/p>\n<p>A nova norma abrange as comunidades cient\u00edficas dos Hospitais de Cl\u00ednicas de S\u00e3o Paulo (USP), Ribeir\u00e3o Preto (HCFMRP), Botucatu (HCFMB), Mar\u00edlia (HCFAMEMA) e Campinas (HC Unicamp), al\u00e9m do Hospital de Base de S\u00e3o Jos\u00e9 do Rio Preto, Instituto do Cora\u00e7\u00e3o (Incor) e Instituto de Cardiologia Dante Pazzanese.<\/p>\n<\/p><\/div>\n","protected":false},"excerpt":{"rendered":"<p>&#13; &#13; &#13; &#13; &#13; Medida aperfei\u00e7oa a gest\u00e3o e a opera\u00e7\u00e3o das entidades e ressalta a import\u00e2ncia para a<\/p>\n","protected":false},"author":1,"featured_media":0,"comment_status":"open","ping_status":"open","sticky":false,"template":"","format":"standard","meta":{"colormag_page_container_layout":"default_layout","colormag_page_sidebar_layout":"default_layout","footnotes":""},"categories":[1],"tags":[],"class_list":["post-22616","post","type-post","status-publish","format-standard","hentry","category-ejornais"],"aioseo_notices":[],"amp_enabled":true,"_links":{"self":[{"href":"https:\/\/ejornais.com.br\/index.php\/wp-json\/wp\/v2\/posts\/22616","targetHints":{"allow":["GET"]}}],"collection":[{"href":"https:\/\/ejornais.com.br\/index.php\/wp-json\/wp\/v2\/posts"}],"about":[{"href":"https:\/\/ejornais.com.br\/index.php\/wp-json\/wp\/v2\/types\/post"}],"author":[{"embeddable":true,"href":"https:\/\/ejornais.com.br\/index.php\/wp-json\/wp\/v2\/users\/1"}],"replies":[{"embeddable":true,"href":"https:\/\/ejornais.com.br\/index.php\/wp-json\/wp\/v2\/comments?post=22616"}],"version-history":[{"count":0,"href":"https:\/\/ejornais.com.br\/index.php\/wp-json\/wp\/v2\/posts\/22616\/revisions"}],"wp:attachment":[{"href":"https:\/\/ejornais.com.br\/index.php\/wp-json\/wp\/v2\/media?parent=22616"}],"wp:term":[{"taxonomy":"category","embeddable":true,"href":"https:\/\/ejornais.com.br\/index.php\/wp-json\/wp\/v2\/categories?post=22616"},{"taxonomy":"post_tag","embeddable":true,"href":"https:\/\/ejornais.com.br\/index.php\/wp-json\/wp\/v2\/tags?post=22616"}],"curies":[{"name":"wp","href":"https:\/\/api.w.org\/{rel}","templated":true}]}}