{"id":23044,"date":"2024-04-13T07:54:54","date_gmt":"2024-04-13T10:54:54","guid":{"rendered":"https:\/\/ejornais.com.br\/index.php\/2024\/04\/13\/cet-rio-monta-esquema-de-transito-para-caminhada-em-prol-da-conscientizacao-pelo-autismo-prefeitura-da-cidade-do-rio-de-janeiro\/"},"modified":"2024-04-13T07:54:54","modified_gmt":"2024-04-13T10:54:54","slug":"cet-rio-monta-esquema-de-transito-para-caminhada-em-prol-da-conscientizacao-pelo-autismo-prefeitura-da-cidade-do-rio-de-janeiro","status":"publish","type":"post","link":"https:\/\/ejornais.com.br\/index.php\/2024\/04\/13\/cet-rio-monta-esquema-de-transito-para-caminhada-em-prol-da-conscientizacao-pelo-autismo-prefeitura-da-cidade-do-rio-de-janeiro\/","title":{"rendered":"CET-Rio monta esquema de tr\u00e2nsito para caminhada em prol da conscientiza\u00e7\u00e3o pelo autismo &#8211; Prefeitura da Cidade do Rio de Janeiro"},"content":{"rendered":"<p><\/p>\n<div id=\"main\">\n<div class=\"wrapper-breadcrumbs\" wp_automatic_readability=\"44.119782214156\">\n<p>A CET-Rio preparou um esquema especial de tr\u00e2nsito para a VIII Caminhada em Prol da Conscientiza\u00e7\u00e3o pelo Autismo, neste domingo (14\/4), na Praia da Bica, no Jardim Guanabara, na Ilha do Governador. O evento tem previs\u00e3o de in\u00edcio para 7h e t\u00e9rmino \u00e0s 14h. A opera\u00e7\u00e3o contar\u00e1 com agentes da CET-Rio e Guardas Municipais, com viaturas e motocicletas, que trabalhar\u00e3o para manter a fluidez, coibir o estacionamento irregular, ordenar os cruzamentos e orientar os pedestres.<\/p>\n<p><strong>Interdi\u00e7\u00f5es<\/strong><\/p>\n<p>\u2013 Praia da Bica, entre a Rua U\u00e7\u00e1 e a Rua Ipir\u00fa<br \/>\u2013 Avenida Almirante Alves C\u00e2mara J\u00fanior, entre a Praia da Bica e a Estrada da Bica<br \/>\u2013 Rua Ipir\u00fa, entre a Praia da Bica e a Rua Carmem Miranda<br \/>\u2013 Rua U\u00e7\u00e1, ambos os trechos entre a Rua Engenheiro Rosauro Zambrano e a Pra\u00e7a Jerusal\u00e9m<br \/>\u2013 Rua Jorge de Lima, entre a Rua Engenheiro Rosauro Zambrano e a Pra\u00e7a Jerusal\u00e9m<br \/>\u2013 Rua Francisco Alves, entre a Rua Engenheiro Rosauro Zambrano e a Praia da Bica<br \/>\u2013 Rua Henrique Lacombe, entre a Rua Mangal\u00f4 e a Praia da Bica<br \/>\u2013 Estrada da Bica, entre a Avenida Almirante Alves C\u00e2mara J\u00fanior e a Rua Artem\u00edsia<\/p>\n<p><strong>Desvios<\/strong><\/p>\n<p>\u2013 Ve\u00edculos procedentes da Rua Camba\u00faba com destino \u00e0 Estrada da Bica seguir\u00e3o pela Rua U\u00e7\u00e1, Rua Engenheiro Rosauro Zambrano, Rua Pinto Alpoim, Rua Henrique Lacombe, Rua Baba\u00e7\u00fa, Rua Orestes Ros\u00f3lia, Rua Carmem Miranda, Rua Ipir\u00fa e Estrada da Bica<br \/>\u2013 Ve\u00edculos procedentes da Estrada da Bica com destino \u00e0 Rua Camb\u00faba seguir\u00e3o pela Rua Ipir\u00fa, Rua Carmem Miranda, Rua Orestes Ros\u00f3lia, Rua Baba\u00e7u, Rua General M\u00e1rio Hermes, Rua Jaime Ovale, Rua Itu\u00e1 e Rua Camba\u00faba<\/p>\n<p><strong>Recomenda\u00e7\u00f5es<\/strong><\/p>\n<p>\u2013 Utilizar transporte p\u00fablico<br \/>\u2013 Para sua seguran\u00e7a, os pedestres somente devem fazer a travessia das vias nos locais semaforizados<br \/>\u2013 \u00c9 muito importante que sejam respeitadas as orienta\u00e7\u00f5es dos agentes de tr\u00e2nsito e tamb\u00e9m de toda a sinaliza\u00e7\u00e3o implantada na \u00e1rea<br \/>\u2013 N\u00e3o haver\u00e1 estacionamento para ve\u00edculos no entorno do evento<br \/>\u2013 Deve ser obedecida toda a legisla\u00e7\u00e3o de tr\u00e2nsito em vigor<\/p>\n<p>             <!-- Compartilhe ---><\/p>\n<p>\t\t\t <!-- TAGS --><\/p>\n<section class=\"category-tags\">\n<div class=\"marcacao-category\">\n<article class=\"category-post\">\n<p>Categoria: <\/p>\n<\/article>\n<li>12 de abril de 2024<\/li><\/div>\n<article class=\"tags\">\n\t\t\t\t\tMarca\u00e7\u00f5es: autismo caminhada CET-Rio Conscientiza\u00e7\u00e3o ilha do governador interdi\u00e7\u00f5es tr\u00e2nsito<br \/><\/article>\n<\/section>\n<p>            <!-- Mais Not&iacute;cias --><\/p>\n<p>\t\t<!-- Conte&uacute;do SIDEBAR --><\/p><\/div>\n<\/p><\/div>\n","protected":false},"excerpt":{"rendered":"<p>A CET-Rio preparou um esquema especial de tr\u00e2nsito para a VIII Caminhada em Prol da Conscientiza\u00e7\u00e3o pelo Autismo, neste domingo<\/p>\n","protected":false},"author":1,"featured_media":0,"comment_status":"open","ping_status":"open","sticky":false,"template":"","format":"standard","meta":{"colormag_page_container_layout":"default_layout","colormag_page_sidebar_layout":"default_layout","footnotes":""},"categories":[1],"tags":[],"class_list":["post-23044","post","type-post","status-publish","format-standard","hentry","category-ejornais"],"aioseo_notices":[],"amp_enabled":true,"_links":{"self":[{"href":"https:\/\/ejornais.com.br\/index.php\/wp-json\/wp\/v2\/posts\/23044","targetHints":{"allow":["GET"]}}],"collection":[{"href":"https:\/\/ejornais.com.br\/index.php\/wp-json\/wp\/v2\/posts"}],"about":[{"href":"https:\/\/ejornais.com.br\/index.php\/wp-json\/wp\/v2\/types\/post"}],"author":[{"embeddable":true,"href":"https:\/\/ejornais.com.br\/index.php\/wp-json\/wp\/v2\/users\/1"}],"replies":[{"embeddable":true,"href":"https:\/\/ejornais.com.br\/index.php\/wp-json\/wp\/v2\/comments?post=23044"}],"version-history":[{"count":0,"href":"https:\/\/ejornais.com.br\/index.php\/wp-json\/wp\/v2\/posts\/23044\/revisions"}],"wp:attachment":[{"href":"https:\/\/ejornais.com.br\/index.php\/wp-json\/wp\/v2\/media?parent=23044"}],"wp:term":[{"taxonomy":"category","embeddable":true,"href":"https:\/\/ejornais.com.br\/index.php\/wp-json\/wp\/v2\/categories?post=23044"},{"taxonomy":"post_tag","embeddable":true,"href":"https:\/\/ejornais.com.br\/index.php\/wp-json\/wp\/v2\/tags?post=23044"}],"curies":[{"name":"wp","href":"https:\/\/api.w.org\/{rel}","templated":true}]}}