{"id":23065,"date":"2024-04-13T17:42:01","date_gmt":"2024-04-13T20:42:01","guid":{"rendered":"https:\/\/ejornais.com.br\/index.php\/2024\/04\/13\/ponte-francisco-dell-osso-tem-trafego-interrompido-na-segunda-feira-15-para-obras-de-recapeamento-agencia-de-noticias\/"},"modified":"2024-04-13T17:42:01","modified_gmt":"2024-04-13T20:42:01","slug":"ponte-francisco-dell-osso-tem-trafego-interrompido-na-segunda-feira-15-para-obras-de-recapeamento-agencia-de-noticias","status":"publish","type":"post","link":"https:\/\/ejornais.com.br\/index.php\/2024\/04\/13\/ponte-francisco-dell-osso-tem-trafego-interrompido-na-segunda-feira-15-para-obras-de-recapeamento-agencia-de-noticias\/","title":{"rendered":"Ponte Francisco Dell\u2019 Osso tem tr\u00e1fego interrompido na segunda-feira (15) para obras de recapeamento \u2013 Ag\u00eancia de Not\u00edcias"},"content":{"rendered":"<p><\/p>\n<div wp_automatic_readability=\"31\">\n<div class=\"col\" wp_automatic_readability=\"7\">\n<p class=\"mt-0\">\n                        <strong><br \/>\n                            <span class=\"far fa-calendar mr-1 mt-2\"\/><br \/>\n                            13 de abril de 2024<br \/>\n                            <span class=\"far fa-clock ml-3 mt-2\"\/><br \/>\n                            14:27<br \/>\n                        <\/strong>\n                    <\/p>\n<p class=\"mb-0\">Por: <strong>Secom<\/strong><\/p>\n<\/p><\/div>\n<\/p><\/div>\n<div wp_automatic_readability=\"111.58388746803\">\n<p><em><strong>Fotos: Eduardo Santinon<\/strong><\/em><\/p>\n<p><span style=\"font-weight: 400;\">A Secretaria de Mobilidade (Semob) e a Urbes \u2013 Tr\u00e2nsito e Transportes informam que as obras de recapeamento da ponte Francisco Dell\u2019 Osso, na regi\u00e3o central de Sorocaba, come\u00e7am nesta segunda-feira (15). Nessa data, a partir das 11h, o tr\u00e1fego de ve\u00edculos pelo pontilh\u00e3o ser\u00e1 temporariamente suspenso por um per\u00edodo de aproximadamente 24 horas, para a execu\u00e7\u00e3o dos trabalhos. Nesse per\u00edodo, as linhas de \u00f4nibus que costumam operar por ali ter\u00e3o desvios.\u00a0<\/span><\/p>\n<p><span style=\"font-weight: 400;\">A interven\u00e7\u00e3o ser\u00e1 mais uma vez parceria entre a empresa BRT Sorocaba e o Poder P\u00fablico Municipal, que j\u00e1 executaram em mar\u00e7o, o recapeamento do Viaduto dos Ferrovi\u00e1rios, tamb\u00e9m no Centro da cidade.\u00a0 Haver\u00e1 sinaliza\u00e7\u00e3o de tr\u00e2nsito nos arredores da obra, informando os motoristas sobre rotas alternativas. Agentes de tr\u00e2nsito da Semob v\u00e3o coordenar o fluxo de ve\u00edculos, sobretudo nos hor\u00e1rios de pico de movimento.<\/span><\/p>\n<p><b>Desvios para motoristas<\/b><\/p>\n<p><span style=\"font-weight: 400;\">A recomenda\u00e7\u00e3o aos motoristas \u00e9 evitar a regi\u00e3o do Terminal S\u00e3o Paulo e da Pra\u00e7a do Canh\u00e3o, durante a obra na ponte.<\/span><\/p>\n<p><span style=\"font-weight: 400;\">Aqueles que seguem pela Rua XV de Novembro, sentido Av. S\u00e3o Paulo, haver\u00e1 desvios pela Rua Rodrigues Pacheco e Rua Souza Pereira. Quem prosseguir adiante ter\u00e1 que trafegar pela Rua Paula Souza, at\u00e9 a Pra\u00e7a Lions, e acessar a Av. Dom Aguirre.<\/span><\/p>\n<p><span style=\"font-weight: 400;\">Para quem segue pela Av. S\u00e3o Paulo, sentido Centro, a dica \u00e9 fazer desvio pela Rua Coronel Nogueira Padilha e seguir \u00e0 direita pela Rua Newton Prado, at\u00e9 chegar \u00e0 Rua Paulo Set\u00fabal, e acessar a Av. Dom Aguirre.<\/span><\/p>\n<p><span style=\"font-weight: 400;\">O motorista que est\u00e1 na Rua Leopoldo Machado pode seguir pela Rua Paula Souza, para acessar a Av. Dom Aguirre, ou, ainda, seguir pela Rua Souza Pereira, sentido Centro.\u00a0<\/span><\/p>\n<p><span style=\"font-weight: 400;\">\u00a0<\/span><b>Transporte p\u00fablico<\/b><\/p>\n<p><span style=\"font-weight: 400;\">Conforme a Urbes, todas as linhas do transporte p\u00fablico municipal, que trafegam pela ponte Francisco Dell\u2019 Osso, ter\u00e3o a rota temporariamente alterada no decorrer da obra na ponte. Cartazes com as mudan\u00e7as foram afixados nos \u00f4nibus e nos terminais. Excepcionalmente nesta segunda-feira (15), das 11h \u00e0s 19h, ser\u00e1 disponibilizada a linha 104 \u2013 Circular Canh\u00e3o \u2013 Terminal S\u00e3o Paulo, em intervalos de 15 minutos.<\/span><\/p>\n<p><span style=\"font-weight: 400;\">Confira, abaixo, as mudan\u00e7as nas linhas, sendo que pode ocorrer varia\u00e7\u00e3o das rotas durante a execu\u00e7\u00e3o das obras.<\/span><\/p>\n<p><span style=\"font-weight: 400;\">Sentido Bairro x Centro (n\u00e3o atendem \u00e0 Pra\u00e7a do Canh\u00e3o):<\/span><\/p>\n<ul>\n<li><span style=\"font-weight: 400;\">Linhas 07, 34 e 56 \u2013 Acessam a Av. Dom Aguirre e seguem direto para o Terminal S\u00e3o Paulo (TSP);]<\/span><\/li>\n<li><span style=\"font-weight: 400;\">Linhas 29, T30, T31, 32, 37, 41 e 52 \u2013 Acessam a Rua Cel. Nogueira Padilha, Rua Newton Prado, Rua Dr. Campos Salles, Rua Carlos A. Issi, ponte Dante Sola, Av. Juvenal de Campos, Av. Dom Aguirre e Terminal S\u00e3o Paulo (TSP);<\/span><\/li>\n<li><span style=\"font-weight: 400;\">Linhas 04, 06, 10, 43, 47, 78 e 78\/1-\u00a0 Acessam a Rua Santa Maria, Rua Newton Prado, Rua Dr. Campos Salles, Rua Carlos Andr\u00e9 Issi, ponte Dante Sola, Av. Juvenal de Campos, Av. Dom Aguirre e Terminal S\u00e3o Paulo (TSP).<\/span><\/li>\n<\/ul>\n<p><span style=\"font-weight: 400;\">Sentido Centro x Bairro:<\/span><\/p>\n<ul>\n<li><span style=\"font-weight: 400;\">Linhas 07, T31, 34 e 56 \u2013 Partindo do terminal, seguem pela Rua Leopoldo Machado, Rua Dr. Paula Souza, Av. Dom Aguirre e Rua Padre Madureira;<\/span><\/li>\n<li><span style=\"font-weight: 400;\">Linhas 29, T30, 32, 37, 41 e 52 \u2013 Partindo do terminal, seguem pela Rua Coronel Cavalheiros, Av. Dom Aguirre, Rua Padre Lara de Moraes, Rua Dr. Campos Salles, Rua Newton Prado, Rua Dr. Ruy Barbosa, Rua Constantino Senger e Av. S\u00e3o Paulo;<\/span><\/li>\n<li><span style=\"font-weight: 400;\">Linhas 04, 06, 10, 43, 47, 78 e 78\/1 \u2013 Partindo do Terminal S\u00e3o Paulo (TSP), seguem pela Rua Coronel Cavalheiros, Av. Dom Aguirre, Rua Padre Lara de Moraes e Rua Dr. Campos Salles.<\/span><\/li>\n<\/ul>\n<p><b>Contato<\/b><\/p>\n<p><span style=\"font-weight: 400;\">Os principais canais de contato, para mais informa\u00e7\u00f5es, solicita\u00e7\u00e3o de servi\u00e7os ou den\u00fancias, s\u00e3o: os telefones 118 (tr\u00e2nsito) e (15) 3519-3100 (\u00f4nibus); o e-mail: <\/span><span style=\"font-weight: 400;\">semob@sorocaba.sp.gov.br<\/span><span style=\"font-weight: 400;\">; a Ouvidoria da Urbes, via site: <\/span><span style=\"font-weight: 400;\">https:\/\/www.urbes.com.br\/<\/span><span style=\"font-weight: 400;\">, ou diretamente na sede da Semob, que fica na Rua Professor Dirceu Ferreira da Silva, 55, no Alto da Boa Vista, com atendimento de segunda a sexta-feira, das 8h \u00e0s 16h30.<\/span><\/p>\n<div class=\"pms-galeria\" itemscope=\"\" itemtype=\"http:\/\/schema.org\/ImageGallery\">\n<p>\t\t<span itemprop=\"caption description\" style=\"display: none;\"\/><\/p>\n<p>\t\t<span itemprop=\"caption description\" style=\"display: none;\"\/><\/p><\/div>\n<p><!-- Root element of PhotoSwipe. Must have class pswp. --><\/p><\/div>\n","protected":false},"excerpt":{"rendered":"<p>13 de abril de 2024 14:27 Por: Secom Fotos: Eduardo Santinon A Secretaria de Mobilidade (Semob) e a Urbes \u2013<\/p>\n","protected":false},"author":1,"featured_media":0,"comment_status":"open","ping_status":"open","sticky":false,"template":"","format":"standard","meta":{"colormag_page_container_layout":"default_layout","colormag_page_sidebar_layout":"default_layout","footnotes":""},"categories":[1],"tags":[],"class_list":["post-23065","post","type-post","status-publish","format-standard","hentry","category-ejornais"],"aioseo_notices":[],"amp_enabled":true,"_links":{"self":[{"href":"https:\/\/ejornais.com.br\/index.php\/wp-json\/wp\/v2\/posts\/23065","targetHints":{"allow":["GET"]}}],"collection":[{"href":"https:\/\/ejornais.com.br\/index.php\/wp-json\/wp\/v2\/posts"}],"about":[{"href":"https:\/\/ejornais.com.br\/index.php\/wp-json\/wp\/v2\/types\/post"}],"author":[{"embeddable":true,"href":"https:\/\/ejornais.com.br\/index.php\/wp-json\/wp\/v2\/users\/1"}],"replies":[{"embeddable":true,"href":"https:\/\/ejornais.com.br\/index.php\/wp-json\/wp\/v2\/comments?post=23065"}],"version-history":[{"count":0,"href":"https:\/\/ejornais.com.br\/index.php\/wp-json\/wp\/v2\/posts\/23065\/revisions"}],"wp:attachment":[{"href":"https:\/\/ejornais.com.br\/index.php\/wp-json\/wp\/v2\/media?parent=23065"}],"wp:term":[{"taxonomy":"category","embeddable":true,"href":"https:\/\/ejornais.com.br\/index.php\/wp-json\/wp\/v2\/categories?post=23065"},{"taxonomy":"post_tag","embeddable":true,"href":"https:\/\/ejornais.com.br\/index.php\/wp-json\/wp\/v2\/tags?post=23065"}],"curies":[{"name":"wp","href":"https:\/\/api.w.org\/{rel}","templated":true}]}}