{"id":23103,"date":"2024-04-14T12:49:37","date_gmt":"2024-04-14T15:49:37","guid":{"rendered":"https:\/\/ejornais.com.br\/index.php\/2024\/04\/14\/creativesp-no-festival-de-cinema-de-berlim-deve-injetar-r-84-mi-no-setor-cultural\/"},"modified":"2024-04-14T12:49:37","modified_gmt":"2024-04-14T15:49:37","slug":"creativesp-no-festival-de-cinema-de-berlim-deve-injetar-r-84-mi-no-setor-cultural","status":"publish","type":"post","link":"https:\/\/ejornais.com.br\/index.php\/2024\/04\/14\/creativesp-no-festival-de-cinema-de-berlim-deve-injetar-r-84-mi-no-setor-cultural\/","title":{"rendered":"CreativeSP no Festival de Cinema de Berlim deve injetar R$ 84 mi no setor cultural"},"content":{"rendered":"<p><img decoding=\"async\" src=\"https:\/\/www.saopaulo.sp.gov.br\/wp-content\/uploads\/2024\/04\/Berlinale_20022020-e1712867333226.jpg\" \/><\/p>\n<div id=\"\">&#13;<br \/>\n                                <!-- Title -->&#13;<br \/>\n                                &#13;<br \/>\n&#13;<br \/>\n                                <!-- Excerpt -->&#13;<\/p>\n<p class=\"excerpt\">Valor j\u00e1 supera or\u00e7amento do programa at\u00e9 2028, em torno de\u00a0R$ 45 milh\u00f5es; previs\u00e3o \u00e9 gerar pelo menos 500 empregos nos pr\u00f3ximos meses <\/p>\n<p>&#13;<br \/>\n&#13;<br \/>\n                                &#13;\n                            <\/p><\/div>\n<div id=\"\">&#13;<\/p>\n<figure id=\"attachment_5861846\" style=\"width: 100%;max-width: 1715px\" class=\"wp-caption alignnone\"><figcaption class=\"wp-caption-text\">O urso de ouro \u00e9 o premio oferecido ao filme vencedor na categoria de melhor filme do Festival de Cinema de Berlim<\/figcaption><\/figure>\n<p>A miss\u00e3o empresarial do CreativeSP para o Festival de Cinema de Berlim (Berlinale), na Alemanha, em fevereiro, deve injetar cerca de R$ 84 milh\u00f5es no setor cultural paulista, com a gera\u00e7\u00e3o de pelo menos 500 empregos nos pr\u00f3ximos meses. O valor j\u00e1 supera o or\u00e7amento do programa at\u00e9 2028, em torno de\u00a0R$ 45 milh\u00f5es<b>.\u00a0<\/b>O CreativeSP \u00e9 um programa da Secretaria da Cultura, Economia e Ind\u00fastria Criativas e da InvestSP, ag\u00eancia de promo\u00e7\u00e3o de investimentos vinculada \u00e0 Secretaria de Desenvolvimento Econ\u00f4mico.<\/p>\n<p>O n\u00famero leva em conta a proje\u00e7\u00e3o de neg\u00f3cios gerados gra\u00e7as \u00e0 participa\u00e7\u00e3o das 10 empresas paulistas selecionadas para o evento: Salvatore Filmes, Dezenove Som e Imagens Produ\u00e7\u00f5es, Som de Black Maria, Theoria Films Produ\u00e7\u00e3o Audiovisual, TaBoo Films, O2 Play, FJ Productions, Mymama Entertainment, MA Filmes e Sato Company. Elas puderam fazer contato com cerca de 180 poss\u00edveis parceiros, de 17 pa\u00edses, principalmente Alemanha, Fran\u00e7a, Espanha, Estados Unidos e It\u00e1lia.<\/p>\n<p>\u201cEssa iniciativa \u00e9 uma oportunidade \u00fanica para nossas empresas brilharem internacionalmente e estabelecerem conex\u00f5es valiosas. Estamos confiantes de que essa participa\u00e7\u00e3o na Berlinale ser\u00e1 um marco significativo para a ind\u00fastria cultural de S\u00e3o Paulo, gerando empregos e fortalecendo nossa presen\u00e7a global\u201d, refor\u00e7ou a secret\u00e1ria Mar\u00edlia Marton.<\/p>\n<p>Destaque para os filmes \u201cCidade; Campo\u201d, da Dezenove Som e Imagem, que recebeu o pr\u00eamio de melhor dire\u00e7\u00e3o na se\u00e7\u00e3o Encounters; e \u201cBetania\u201d, da Salvatore Filmes, que teve sua estreia mundial durante o evento.<\/p>\n<p>Com os objetivos de promover a troca de conhecimento entre empresas do setor de economia criativa, incentivar a gera\u00e7\u00e3o de neg\u00f3cios e atrair investimento estrangeiro para o Estado, o CreativeSP oferece um reembolso m\u00e1ximo de US$ 3 mil em despesas eleg\u00edveis, para custear at\u00e9 50% dos gastos com a viagem. O programa ainda promove eventos de networking durante as miss\u00f5es e oferece a\u00e7\u00f5es de consultoria, monitoramento de resultados e acompanhamento p\u00f3s-evento.<\/p>\n<p><b>At\u00e9 R$ 2,5 bilh\u00f5es em neg\u00f3cios na ind\u00fastria cultural<\/b><\/p>\n<p>Em 21 miss\u00f5es, o programa j\u00e1 levou 153 empresas da ind\u00fastria cultural para alguns dos maiores eventos de economia criativa do mundo, como: SXSW (EUA), Festival de Cinema de Cannes (Fran\u00e7a), Feira do Livro de Frankfurt (Alemanha), Womex (Espanha) e Web Summit Lisboa (Portugal).<\/p>\n<p>A proje\u00e7\u00e3o de novos neg\u00f3cios gerados pelas empresas participantes \u00e9 de R$ 846 milh\u00f5es, com a cria\u00e7\u00e3o de 16,1 mil vagas de trabalho. A expectativa \u00e9 que, at\u00e9 2028, o programa injete cerca de R$ 2,5 bilh\u00f5es na ind\u00fastria cultural paulista.<\/p>\n<p>Neste ano, al\u00e9m do Berlinale, j\u00e1 foram realizadas mais duas miss\u00f5es: South by Southwest (SXSW) e Game Developers Conference (GDC), ambas nos Estados Unidos. E, ainda no primeiro semestre, o CreativeSP estar\u00e1 nos festivais de cinema e publicidade de Cannes, na Fran\u00e7a \u2013 as inscri\u00e7\u00f5es para as miss\u00f5es est\u00e3o abertas pelo\u00a0site da InvestSP.<\/p>\n<p>Siga o canal \u201cGoverno de S\u00e3o Paulo\u201d no WhatsApp:<br \/>https:\/\/bit.ly\/govspnozap<\/p>\n<\/p><\/div>\n","protected":false},"excerpt":{"rendered":"<p>&#13; &#13; &#13; &#13; &#13; Valor j\u00e1 supera or\u00e7amento do programa at\u00e9 2028, em torno de\u00a0R$ 45 milh\u00f5es; previs\u00e3o \u00e9<\/p>\n","protected":false},"author":1,"featured_media":0,"comment_status":"open","ping_status":"open","sticky":false,"template":"","format":"standard","meta":{"colormag_page_container_layout":"default_layout","colormag_page_sidebar_layout":"default_layout","footnotes":""},"categories":[1],"tags":[],"class_list":["post-23103","post","type-post","status-publish","format-standard","hentry","category-ejornais"],"aioseo_notices":[],"amp_enabled":true,"_links":{"self":[{"href":"https:\/\/ejornais.com.br\/index.php\/wp-json\/wp\/v2\/posts\/23103","targetHints":{"allow":["GET"]}}],"collection":[{"href":"https:\/\/ejornais.com.br\/index.php\/wp-json\/wp\/v2\/posts"}],"about":[{"href":"https:\/\/ejornais.com.br\/index.php\/wp-json\/wp\/v2\/types\/post"}],"author":[{"embeddable":true,"href":"https:\/\/ejornais.com.br\/index.php\/wp-json\/wp\/v2\/users\/1"}],"replies":[{"embeddable":true,"href":"https:\/\/ejornais.com.br\/index.php\/wp-json\/wp\/v2\/comments?post=23103"}],"version-history":[{"count":0,"href":"https:\/\/ejornais.com.br\/index.php\/wp-json\/wp\/v2\/posts\/23103\/revisions"}],"wp:attachment":[{"href":"https:\/\/ejornais.com.br\/index.php\/wp-json\/wp\/v2\/media?parent=23103"}],"wp:term":[{"taxonomy":"category","embeddable":true,"href":"https:\/\/ejornais.com.br\/index.php\/wp-json\/wp\/v2\/categories?post=23103"},{"taxonomy":"post_tag","embeddable":true,"href":"https:\/\/ejornais.com.br\/index.php\/wp-json\/wp\/v2\/tags?post=23103"}],"curies":[{"name":"wp","href":"https:\/\/api.w.org\/{rel}","templated":true}]}}