{"id":23123,"date":"2024-04-15T02:12:00","date_gmt":"2024-04-15T05:12:00","guid":{"rendered":"https:\/\/ejornais.com.br\/index.php\/2024\/04\/15\/autismo-run-reune-mil-corredores-na-orla-em-prol-da-conscientizacao-e-inclusao-no-maior-circuito-do-nordeste\/"},"modified":"2024-04-15T02:12:00","modified_gmt":"2024-04-15T05:12:00","slug":"autismo-run-reune-mil-corredores-na-orla-em-prol-da-conscientizacao-e-inclusao-no-maior-circuito-do-nordeste","status":"publish","type":"post","link":"https:\/\/ejornais.com.br\/index.php\/2024\/04\/15\/autismo-run-reune-mil-corredores-na-orla-em-prol-da-conscientizacao-e-inclusao-no-maior-circuito-do-nordeste\/","title":{"rendered":"Autismo Run re\u00fane mil corredores na Orla em prol da conscientiza\u00e7\u00e3o e inclus\u00e3o no maior circuito do Nordeste"},"content":{"rendered":"<p><\/p>\n<div>\n<p>Domingo ensolarado e de corrida de rua, como \u00e9 de costume em Jo\u00e3o Pessoa, mas esse com um sabor especial. \u00c9 que a primeira edi\u00e7\u00e3o da Autismo Run, maior prova inclusiva do Nordeste, levou aproximadamente mil corredores para a Orla pessoense neste domingo (14), com percursos de 3km, 5km e 10km, al\u00e9m de 200 metros, para as crian\u00e7as \u2013 a Kids Run. \u00a0 <\/p>\n<figure class=\"wp-block-gallery has-nested-images columns-default is-cropped wp-block-gallery-1 is-layout-flex wp-block-gallery-is-layout-flex\">\n<figure class=\"wp-block-image size-large\"><\/figure>\n<figure class=\"wp-block-image size-large\"><\/figure>\n<\/figure>\n<p>O prefeito C\u00edcero Lucena, que recentemente ganhou o pr\u00eamio Orgulho Autista Brasil, fez quest\u00e3o de participar da competi\u00e7\u00e3o. \u201cJo\u00e3o Pessoa demonstra, mais uma vez, sua vis\u00e3o e compromisso de ser uma cidade com qualidade de vida, solid\u00e1ria e inclusiva. Uma festa bel\u00edssima para consolidar a cidade como a capital do esporte saud\u00e1vel\u201d, comemorou C\u00edcero Lucena, que estava acompanhado da primeira-dama Laurem\u00edlia Lucena. <strong>\u00a0<\/strong> <\/p>\n<p>A prova, que teve como objetivo despertar as pessoas sobre o que \u00e9 o Transtorno do Espectro Autista (TEA) e proporcionar a inclus\u00e3o dos corredores da Capital, foi organizada pela Associa\u00e7\u00e3o de Corredores de Pernambuco (Acope) e pela Associa\u00e7\u00e3o Paraibana de Autismo (APA), com apoio da Prefeitura Municipal de Jo\u00e3o Pessoa. <strong>\u00a0<\/strong> <\/p>\n<p>O evento promoveu conscientiza\u00e7\u00e3o, desconstruiu preconceitos e reuniu atletas e entusiastas da corrida em uma manh\u00e3 de muita alegria e solidariedade. Logo nas primeiras horas do dia, tanto a turminha quanto os demais corredores, repletos de disposi\u00e7\u00e3o, mostraram que podem estar onde desejarem, estreitando la\u00e7os \u2013 principalmente \u2013 entre os autistas. \u00a0 <\/p>\n<p>\u201cOferecemos v\u00e1rios servi\u00e7os para adultos e crian\u00e7as, como atividades de recrea\u00e7\u00e3o, sa\u00fade, conhecimento e entendimento geral sobre o autismo\u201d, explicou Juliano Sucupira, secret\u00e1rio executivo de Juventude, Esportes e Recrea\u00e7\u00e3o da Capital. <strong>\u00a0<\/strong> <\/p>\n<figure class=\"wp-block-gallery has-nested-images columns-default is-cropped wp-block-gallery-2 is-layout-flex wp-block-gallery-is-layout-flex\">\n<figure class=\"wp-block-image size-large\"><\/figure>\n<figure class=\"wp-block-image size-large\"><\/figure>\n<figure class=\"wp-block-image size-large\"><\/figure>\n<figure class=\"wp-block-image size-large\"><\/figure>\n<figure class=\"wp-block-image size-large\"><\/figure>\n<\/figure>\n<p>O sucesso dessa edi\u00e7\u00e3o inclusiva apresentou ao p\u00fablico presente, tamb\u00e9m, o trabalho exercido pela Funda\u00e7\u00e3o Cultural de Jo\u00e3o Pessoa (Funjope) que, h\u00e1 dois anos e meio, executa o projeto Somos Capazes \u2013 Tardezinha Inclusiva, com a anima\u00e7\u00e3o do Grupo \u2018T\u00e1 Blz\u2019. Foram arrecadados fundos para apoiar programas e institui\u00e7\u00f5es que oferecem suporte a pessoas com Transtorno do Espectro Autista e suas fam\u00edlias; os alimentos arrecadados ser\u00e3o doados \u00e0 Associa\u00e7\u00e3o Paraibana de Autismo. \u00a0 <\/p>\n<p><strong>Resultados 5km \u2013 Feminino<\/strong><\/p>\n<ol>\n<li>Maria dos Santos Pereira<\/li>\n<li>Giovanna Carvalho Moura<\/li>\n<li>Eryka da Silva Santos<\/li>\n<\/ol>\n<p><strong>\u00a0<\/strong><strong>5km \u2013 Masculino<\/strong><\/p>\n<ol>\n<li>Daniel Isidoro Santos<\/li>\n<li>Paulo da Silva Moura<\/li>\n<li><strong\/>Francisco Henrique dos Santos<strong>\u00a0<\/strong><\/li>\n<\/ol>\n<p><strong>\u00a0<\/strong><strong>10km \u2013 Feminino<\/strong><\/p>\n<ol>\n<li>Ayana Santos<\/li>\n<li>Ana Michele<\/li>\n<li>Maria Ang\u00e9lica da Silva Monteiro<\/li>\n<\/ol>\n<p><strong>10km \u2013 Masculino<\/strong><\/p>\n<ol>\n<li>Jardel dos Santos Silva<\/li>\n<li>Denilson Pontes Marculino<\/li>\n<li>Carlos Roberto de Oliveira<\/li>\n<\/ol>\n<p><strong>Cuidado \u2013 <\/strong>A Prefeitura de Jo\u00e3o Pessoa desenvolve o aprendizado de 1.171 crian\u00e7as autistas na Rede Municipal de Ensino, que contam com 950 cuidadores. Dependendo da especialidade de cada crian\u00e7a, o profissional pode acompanhar um ou mais de um estudante autista. \u00a0<\/p>\n<\/p><\/div>\n","protected":false},"excerpt":{"rendered":"<p>Domingo ensolarado e de corrida de rua, como \u00e9 de costume em Jo\u00e3o Pessoa, mas esse com um sabor especial.<\/p>\n","protected":false},"author":1,"featured_media":0,"comment_status":"open","ping_status":"open","sticky":false,"template":"","format":"standard","meta":{"colormag_page_container_layout":"default_layout","colormag_page_sidebar_layout":"default_layout","footnotes":""},"categories":[1],"tags":[],"class_list":["post-23123","post","type-post","status-publish","format-standard","hentry","category-ejornais"],"aioseo_notices":[],"aioseo_head":"\n\t\t<!-- All in One SEO 5.0.1.1 - aioseo.com -->\n\t<meta name=\"description\" content=\"Domingo ensolarado e de corrida de rua, como \u00e9 de costume em Jo\u00e3o Pessoa, mas esse com um sabor especial. \u00c9 que a primeira edi\u00e7\u00e3o da Autismo Run, maior prova inclusiva do Nordeste, levou aproximadamente mil corredores para a Orla pessoense neste domingo (14), com percursos de 3km, 5km e 10km, al\u00e9m de 200 metros,\" \/>\n\t<meta name=\"robots\" content=\"max-image-preview:large\" \/>\n\t<link rel=\"canonical\" href=\"https:\/\/ejornais.com.br\/index.php\/2024\/04\/15\/autismo-run-reune-mil-corredores-na-orla-em-prol-da-conscientizacao-e-inclusao-no-maior-circuito-do-nordeste\/\" \/>\n\t<meta name=\"generator\" content=\"All in One SEO (AIOSEO) 5.0.1.1\" \/>\n\t\t<meta property=\"og:locale\" content=\"pt_BR\" \/>\n\t\t<meta property=\"og:site_name\" content=\"eJornais - Cat\u00e1logo de Jornais no mundo, Not\u00edcias, Blog e Esportes ao vivo\" \/>\n\t\t<meta property=\"og:type\" content=\"article\" \/>\n\t\t<meta property=\"og:title\" content=\"Autismo Run re\u00fane mil corredores na Orla em prol da conscientiza\u00e7\u00e3o e inclus\u00e3o no maior circuito do Nordeste - eJornais\" \/>\n\t\t<meta property=\"og:description\" content=\"Domingo ensolarado e de corrida de rua, como \u00e9 de costume em Jo\u00e3o Pessoa, mas esse com um sabor especial. \u00c9 que a primeira edi\u00e7\u00e3o da Autismo Run, maior prova inclusiva do Nordeste, levou aproximadamente mil corredores para a Orla pessoense neste domingo (14), com percursos de 3km, 5km e 10km, al\u00e9m de 200 metros,\" \/>\n\t\t<meta property=\"og:url\" content=\"https:\/\/ejornais.com.br\/index.php\/2024\/04\/15\/autismo-run-reune-mil-corredores-na-orla-em-prol-da-conscientizacao-e-inclusao-no-maior-circuito-do-nordeste\/\" \/>\n\t\t<meta property=\"article:published_time\" content=\"2024-04-15T05:12:00+00:00\" \/>\n\t\t<meta property=\"article:modified_time\" content=\"2024-04-15T05:12:00+00:00\" \/>\n\t\t<meta name=\"twitter:card\" content=\"summary_large_image\" \/>\n\t\t<meta name=\"twitter:title\" content=\"Autismo Run re\u00fane mil corredores na Orla em prol da conscientiza\u00e7\u00e3o e inclus\u00e3o no maior circuito do Nordeste - eJornais\" \/>\n\t\t<meta name=\"twitter:description\" content=\"Domingo ensolarado e de corrida de rua, como \u00e9 de costume em Jo\u00e3o Pessoa, mas esse com um sabor especial. \u00c9 que a primeira edi\u00e7\u00e3o da Autismo Run, maior prova inclusiva do Nordeste, levou aproximadamente mil corredores para a Orla pessoense neste domingo (14), com percursos de 3km, 5km e 10km, al\u00e9m de 200 metros,\" \/>\n\t\t<script type=\"application\/ld+json\" class=\"aioseo-schema\">\n\t\t\t{\"@context\":\"https:\\\/\\\/schema.org\",\"@graph\":[{\"@type\":\"BlogPosting\",\"@id\":\"https:\\\/\\\/ejornais.com.br\\\/index.php\\\/2024\\\/04\\\/15\\\/autismo-run-reune-mil-corredores-na-orla-em-prol-da-conscientizacao-e-inclusao-no-maior-circuito-do-nordeste\\\/#blogposting\",\"name\":\"Autismo Run re\\u00fane mil corredores na Orla em prol da conscientiza\\u00e7\\u00e3o e inclus\\u00e3o no maior circuito do Nordeste - eJornais\",\"headline\":\"Autismo Run re\\u00fane mil corredores na Orla em prol da conscientiza\\u00e7\\u00e3o e inclus\\u00e3o no maior circuito do Nordeste\",\"author\":{\"@id\":\"https:\\\/\\\/ejornais.com.br\\\/index.php\\\/author\\\/#author\"},\"publisher\":{\"@id\":\"https:\\\/\\\/ejornais.com.br\\\/#organization\"},\"datePublished\":\"2024-04-15T02:12:00-03:00\",\"dateModified\":\"2024-04-15T02:12:00-03:00\",\"inLanguage\":\"pt-BR\",\"mainEntityOfPage\":{\"@id\":\"https:\\\/\\\/ejornais.com.br\\\/index.php\\\/2024\\\/04\\\/15\\\/autismo-run-reune-mil-corredores-na-orla-em-prol-da-conscientizacao-e-inclusao-no-maior-circuito-do-nordeste\\\/#webpage\"},\"isPartOf\":{\"@id\":\"https:\\\/\\\/ejornais.com.br\\\/index.php\\\/2024\\\/04\\\/15\\\/autismo-run-reune-mil-corredores-na-orla-em-prol-da-conscientizacao-e-inclusao-no-maior-circuito-do-nordeste\\\/#webpage\"},\"articleSection\":\"Cat\\u00e1logo de Jornais\"},{\"@type\":\"BreadcrumbList\",\"@id\":\"https:\\\/\\\/ejornais.com.br\\\/index.php\\\/2024\\\/04\\\/15\\\/autismo-run-reune-mil-corredores-na-orla-em-prol-da-conscientizacao-e-inclusao-no-maior-circuito-do-nordeste\\\/#breadcrumblist\",\"itemListElement\":[{\"@type\":\"ListItem\",\"@id\":\"https:\\\/\\\/ejornais.com.br#listItem\",\"position\":1,\"name\":\"In\\u00edcio\",\"item\":\"https:\\\/\\\/ejornais.com.br\",\"nextItem\":{\"@type\":\"ListItem\",\"@id\":\"https:\\\/\\\/ejornais.com.br\\\/index.php\\\/category\\\/ejornais\\\/#listItem\",\"name\":\"Cat\\u00e1logo de Jornais\"}},{\"@type\":\"ListItem\",\"@id\":\"https:\\\/\\\/ejornais.com.br\\\/index.php\\\/category\\\/ejornais\\\/#listItem\",\"position\":2,\"name\":\"Cat\\u00e1logo de Jornais\",\"item\":\"https:\\\/\\\/ejornais.com.br\\\/index.php\\\/category\\\/ejornais\\\/\",\"nextItem\":{\"@type\":\"ListItem\",\"@id\":\"https:\\\/\\\/ejornais.com.br\\\/index.php\\\/2024\\\/04\\\/15\\\/autismo-run-reune-mil-corredores-na-orla-em-prol-da-conscientizacao-e-inclusao-no-maior-circuito-do-nordeste\\\/#listItem\",\"name\":\"Autismo Run re\\u00fane mil corredores na Orla em prol da conscientiza\\u00e7\\u00e3o e inclus\\u00e3o no maior circuito do Nordeste\"},\"previousItem\":{\"@type\":\"ListItem\",\"@id\":\"https:\\\/\\\/ejornais.com.br#listItem\",\"name\":\"In\\u00edcio\"}},{\"@type\":\"ListItem\",\"@id\":\"https:\\\/\\\/ejornais.com.br\\\/index.php\\\/2024\\\/04\\\/15\\\/autismo-run-reune-mil-corredores-na-orla-em-prol-da-conscientizacao-e-inclusao-no-maior-circuito-do-nordeste\\\/#listItem\",\"position\":3,\"name\":\"Autismo Run re\\u00fane mil corredores na Orla em prol da conscientiza\\u00e7\\u00e3o e inclus\\u00e3o no maior circuito do Nordeste\",\"previousItem\":{\"@type\":\"ListItem\",\"@id\":\"https:\\\/\\\/ejornais.com.br\\\/index.php\\\/category\\\/ejornais\\\/#listItem\",\"name\":\"Cat\\u00e1logo de Jornais\"}}]},{\"@type\":\"Organization\",\"@id\":\"https:\\\/\\\/ejornais.com.br\\\/#organization\",\"name\":\"eJornais\",\"description\":\"Cat\\u00e1logo de Jornais no mundo, Not\\u00edcias, Blog e Esportes ao vivo\",\"url\":\"https:\\\/\\\/ejornais.com.br\\\/\"},{\"@type\":\"Person\",\"@id\":\"https:\\\/\\\/ejornais.com.br\\\/index.php\\\/author\\\/#author\",\"url\":\"https:\\\/\\\/ejornais.com.br\\\/index.php\\\/author\\\/\"},{\"@type\":\"WebPage\",\"@id\":\"https:\\\/\\\/ejornais.com.br\\\/index.php\\\/2024\\\/04\\\/15\\\/autismo-run-reune-mil-corredores-na-orla-em-prol-da-conscientizacao-e-inclusao-no-maior-circuito-do-nordeste\\\/#webpage\",\"url\":\"https:\\\/\\\/ejornais.com.br\\\/index.php\\\/2024\\\/04\\\/15\\\/autismo-run-reune-mil-corredores-na-orla-em-prol-da-conscientizacao-e-inclusao-no-maior-circuito-do-nordeste\\\/\",\"name\":\"Autismo Run re\\u00fane mil corredores na Orla em prol da conscientiza\\u00e7\\u00e3o e inclus\\u00e3o no maior circuito do Nordeste - eJornais\",\"description\":\"Domingo ensolarado e de corrida de rua, como \\u00e9 de costume em Jo\\u00e3o Pessoa, mas esse com um sabor especial. \\u00c9 que a primeira edi\\u00e7\\u00e3o da Autismo Run, maior prova inclusiva do Nordeste, levou aproximadamente mil corredores para a Orla pessoense neste domingo (14), com percursos de 3km, 5km e 10km, al\\u00e9m de 200 metros,\",\"inLanguage\":\"pt-BR\",\"isPartOf\":{\"@id\":\"https:\\\/\\\/ejornais.com.br\\\/#website\"},\"breadcrumb\":{\"@id\":\"https:\\\/\\\/ejornais.com.br\\\/index.php\\\/2024\\\/04\\\/15\\\/autismo-run-reune-mil-corredores-na-orla-em-prol-da-conscientizacao-e-inclusao-no-maior-circuito-do-nordeste\\\/#breadcrumblist\"},\"author\":{\"@id\":\"https:\\\/\\\/ejornais.com.br\\\/index.php\\\/author\\\/#author\"},\"creator\":{\"@id\":\"https:\\\/\\\/ejornais.com.br\\\/index.php\\\/author\\\/#author\"},\"datePublished\":\"2024-04-15T02:12:00-03:00\",\"dateModified\":\"2024-04-15T02:12:00-03:00\"},{\"@type\":\"WebSite\",\"@id\":\"https:\\\/\\\/ejornais.com.br\\\/#website\",\"url\":\"https:\\\/\\\/ejornais.com.br\\\/\",\"name\":\"eJornais\",\"description\":\"Cat\\u00e1logo de Jornais no mundo, Not\\u00edcias, Blog e Esportes ao vivo\",\"inLanguage\":\"pt-BR\",\"publisher\":{\"@id\":\"https:\\\/\\\/ejornais.com.br\\\/#organization\"}}]}\n\t\t<\/script>\n\t\t<!-- All in One SEO -->\n\n","aioseo_head_json":{"title":"Autismo Run re\u00fane mil corredores na Orla em prol da conscientiza\u00e7\u00e3o e inclus\u00e3o no maior circuito do Nordeste - eJornais","description":"Domingo ensolarado e de corrida de rua, como \u00e9 de costume em Jo\u00e3o Pessoa, mas esse com um sabor especial. \u00c9 que a primeira edi\u00e7\u00e3o da Autismo Run, maior prova inclusiva do Nordeste, levou aproximadamente mil corredores para a Orla pessoense neste domingo (14), com percursos de 3km, 5km e 10km, al\u00e9m de 200 metros,","canonical_url":"https:\/\/ejornais.com.br\/index.php\/2024\/04\/15\/autismo-run-reune-mil-corredores-na-orla-em-prol-da-conscientizacao-e-inclusao-no-maior-circuito-do-nordeste\/","robots":"max-image-preview:large","keywords":"","webmasterTools":{"miscellaneous":""},"schema":{"@context":"https:\/\/schema.org","@graph":[{"@type":"BlogPosting","@id":"https:\/\/ejornais.com.br\/index.php\/2024\/04\/15\/autismo-run-reune-mil-corredores-na-orla-em-prol-da-conscientizacao-e-inclusao-no-maior-circuito-do-nordeste\/#blogposting","name":"Autismo Run re\u00fane mil corredores na Orla em prol da conscientiza\u00e7\u00e3o e inclus\u00e3o no maior circuito do Nordeste - eJornais","headline":"Autismo Run re\u00fane mil corredores na Orla em prol da conscientiza\u00e7\u00e3o e inclus\u00e3o no maior circuito do Nordeste","author":{"@id":"https:\/\/ejornais.com.br\/index.php\/author\/#author"},"publisher":{"@id":"https:\/\/ejornais.com.br\/#organization"},"datePublished":"2024-04-15T02:12:00-03:00","dateModified":"2024-04-15T02:12:00-03:00","inLanguage":"pt-BR","mainEntityOfPage":{"@id":"https:\/\/ejornais.com.br\/index.php\/2024\/04\/15\/autismo-run-reune-mil-corredores-na-orla-em-prol-da-conscientizacao-e-inclusao-no-maior-circuito-do-nordeste\/#webpage"},"isPartOf":{"@id":"https:\/\/ejornais.com.br\/index.php\/2024\/04\/15\/autismo-run-reune-mil-corredores-na-orla-em-prol-da-conscientizacao-e-inclusao-no-maior-circuito-do-nordeste\/#webpage"},"articleSection":"Cat\u00e1logo de Jornais"},{"@type":"BreadcrumbList","@id":"https:\/\/ejornais.com.br\/index.php\/2024\/04\/15\/autismo-run-reune-mil-corredores-na-orla-em-prol-da-conscientizacao-e-inclusao-no-maior-circuito-do-nordeste\/#breadcrumblist","itemListElement":[{"@type":"ListItem","@id":"https:\/\/ejornais.com.br#listItem","position":1,"name":"In\u00edcio","item":"https:\/\/ejornais.com.br","nextItem":{"@type":"ListItem","@id":"https:\/\/ejornais.com.br\/index.php\/category\/ejornais\/#listItem","name":"Cat\u00e1logo de Jornais"}},{"@type":"ListItem","@id":"https:\/\/ejornais.com.br\/index.php\/category\/ejornais\/#listItem","position":2,"name":"Cat\u00e1logo de Jornais","item":"https:\/\/ejornais.com.br\/index.php\/category\/ejornais\/","nextItem":{"@type":"ListItem","@id":"https:\/\/ejornais.com.br\/index.php\/2024\/04\/15\/autismo-run-reune-mil-corredores-na-orla-em-prol-da-conscientizacao-e-inclusao-no-maior-circuito-do-nordeste\/#listItem","name":"Autismo Run re\u00fane mil corredores na Orla em prol da conscientiza\u00e7\u00e3o e inclus\u00e3o no maior circuito do Nordeste"},"previousItem":{"@type":"ListItem","@id":"https:\/\/ejornais.com.br#listItem","name":"In\u00edcio"}},{"@type":"ListItem","@id":"https:\/\/ejornais.com.br\/index.php\/2024\/04\/15\/autismo-run-reune-mil-corredores-na-orla-em-prol-da-conscientizacao-e-inclusao-no-maior-circuito-do-nordeste\/#listItem","position":3,"name":"Autismo Run re\u00fane mil corredores na Orla em prol da conscientiza\u00e7\u00e3o e inclus\u00e3o no maior circuito do Nordeste","previousItem":{"@type":"ListItem","@id":"https:\/\/ejornais.com.br\/index.php\/category\/ejornais\/#listItem","name":"Cat\u00e1logo de Jornais"}}]},{"@type":"Organization","@id":"https:\/\/ejornais.com.br\/#organization","name":"eJornais","description":"Cat\u00e1logo de Jornais no mundo, Not\u00edcias, Blog e Esportes ao vivo","url":"https:\/\/ejornais.com.br\/"},{"@type":"Person","@id":"https:\/\/ejornais.com.br\/index.php\/author\/#author","url":"https:\/\/ejornais.com.br\/index.php\/author\/"},{"@type":"WebPage","@id":"https:\/\/ejornais.com.br\/index.php\/2024\/04\/15\/autismo-run-reune-mil-corredores-na-orla-em-prol-da-conscientizacao-e-inclusao-no-maior-circuito-do-nordeste\/#webpage","url":"https:\/\/ejornais.com.br\/index.php\/2024\/04\/15\/autismo-run-reune-mil-corredores-na-orla-em-prol-da-conscientizacao-e-inclusao-no-maior-circuito-do-nordeste\/","name":"Autismo Run re\u00fane mil corredores na Orla em prol da conscientiza\u00e7\u00e3o e inclus\u00e3o no maior circuito do Nordeste - eJornais","description":"Domingo ensolarado e de corrida de rua, como \u00e9 de costume em Jo\u00e3o Pessoa, mas esse com um sabor especial. \u00c9 que a primeira edi\u00e7\u00e3o da Autismo Run, maior prova inclusiva do Nordeste, levou aproximadamente mil corredores para a Orla pessoense neste domingo (14), com percursos de 3km, 5km e 10km, al\u00e9m de 200 metros,","inLanguage":"pt-BR","isPartOf":{"@id":"https:\/\/ejornais.com.br\/#website"},"breadcrumb":{"@id":"https:\/\/ejornais.com.br\/index.php\/2024\/04\/15\/autismo-run-reune-mil-corredores-na-orla-em-prol-da-conscientizacao-e-inclusao-no-maior-circuito-do-nordeste\/#breadcrumblist"},"author":{"@id":"https:\/\/ejornais.com.br\/index.php\/author\/#author"},"creator":{"@id":"https:\/\/ejornais.com.br\/index.php\/author\/#author"},"datePublished":"2024-04-15T02:12:00-03:00","dateModified":"2024-04-15T02:12:00-03:00"},{"@type":"WebSite","@id":"https:\/\/ejornais.com.br\/#website","url":"https:\/\/ejornais.com.br\/","name":"eJornais","description":"Cat\u00e1logo de Jornais no mundo, Not\u00edcias, Blog e Esportes ao vivo","inLanguage":"pt-BR","publisher":{"@id":"https:\/\/ejornais.com.br\/#organization"}}]},"og:locale":"pt_BR","og:site_name":"eJornais - Cat\u00e1logo de Jornais no mundo, Not\u00edcias, Blog e Esportes ao vivo","og:type":"article","og:title":"Autismo Run re\u00fane mil corredores na Orla em prol da conscientiza\u00e7\u00e3o e inclus\u00e3o no maior circuito do Nordeste - eJornais","og:description":"Domingo ensolarado e de corrida de rua, como \u00e9 de costume em Jo\u00e3o Pessoa, mas esse com um sabor especial. \u00c9 que a primeira edi\u00e7\u00e3o da Autismo Run, maior prova inclusiva do Nordeste, levou aproximadamente mil corredores para a Orla pessoense neste domingo (14), com percursos de 3km, 5km e 10km, al\u00e9m de 200 metros,","og:url":"https:\/\/ejornais.com.br\/index.php\/2024\/04\/15\/autismo-run-reune-mil-corredores-na-orla-em-prol-da-conscientizacao-e-inclusao-no-maior-circuito-do-nordeste\/","article:published_time":"2024-04-15T05:12:00+00:00","article:modified_time":"2024-04-15T05:12:00+00:00","twitter:card":"summary_large_image","twitter:title":"Autismo Run re\u00fane mil corredores na Orla em prol da conscientiza\u00e7\u00e3o e inclus\u00e3o no maior circuito do Nordeste - eJornais","twitter:description":"Domingo ensolarado e de corrida de rua, como \u00e9 de costume em Jo\u00e3o Pessoa, mas esse com um sabor especial. \u00c9 que a primeira edi\u00e7\u00e3o da Autismo Run, maior prova inclusiva do Nordeste, levou aproximadamente mil corredores para a Orla pessoense neste domingo (14), com percursos de 3km, 5km e 10km, al\u00e9m de 200 metros,"},"aioseo_meta_data":{"post_id":"23123","title":null,"description":null,"keywords":null,"keyphrases":null,"primary_term":null,"canonical_url":null,"og_title":null,"og_description":null,"og_object_type":"default","og_image_type":"default","og_image_url":null,"og_image_width":null,"og_image_height":null,"og_image_custom_url":null,"og_image_custom_fields":null,"og_video":null,"og_custom_url":null,"og_article_section":null,"og_article_tags":null,"twitter_use_og":false,"twitter_card":"default","twitter_image_type":"default","twitter_image_url":null,"twitter_image_custom_url":null,"twitter_image_custom_fields":null,"twitter_title":null,"twitter_description":null,"schema":{"blockGraphs":[],"customGraphs":[],"default":{"data":{"Article":[],"Course":[],"Dataset":[],"FAQPage":[],"Movie":[],"Person":[],"Product":[],"ProductReview":[],"Car":[],"Recipe":[],"Service":[],"SoftwareApplication":[],"WebPage":[]},"graphName":"","isEnabled":true},"graphs":[]},"schema_type":"default","schema_type_options":null,"pillar_content":false,"robots_default":true,"robots_noindex":false,"robots_noarchive":false,"robots_nosnippet":false,"robots_nofollow":false,"robots_noimageindex":false,"robots_noodp":false,"robots_notranslate":false,"robots_max_snippet":null,"robots_max_videopreview":null,"robots_max_imagepreview":"large","priority":null,"frequency":null,"local_seo":null,"breadcrumb_settings":null,"limit_modified_date":false,"ai":null,"created":"2024-04-15 05:15:36","updated":"2025-06-05 09:09:00","seo_analyzer_scan_date":null,"focus_keyword":null,"additional_keywords":null,"truseo_locale":null},"aioseo_breadcrumb":"<div class=\"aioseo-breadcrumbs\"><span class=\"aioseo-breadcrumb\">\n\t\t\t<a href=\"https:\/\/ejornais.com.br\" title=\"In\u00edcio\">In\u00edcio<\/a>\n\t\t<\/span><span class=\"aioseo-breadcrumb-separator\">&raquo;<\/span><span class=\"aioseo-breadcrumb\">\n\t\t\t<a href=\"https:\/\/ejornais.com.br\/index.php\/category\/ejornais\/\" title=\"Cat\u00e1logo de Jornais\">Cat\u00e1logo de Jornais<\/a>\n\t\t<\/span><span class=\"aioseo-breadcrumb-separator\">&raquo;<\/span><span class=\"aioseo-breadcrumb\">\n\t\t\tAutismo Run re\u00fane mil corredores na Orla em prol da conscientiza\u00e7\u00e3o e inclus\u00e3o no maior circuito do Nordeste\n\t\t<\/span><\/div>","aioseo_breadcrumb_json":[{"label":"In\u00edcio","link":"https:\/\/ejornais.com.br"},{"label":"Cat\u00e1logo de Jornais","link":"https:\/\/ejornais.com.br\/index.php\/category\/ejornais\/"},{"label":"Autismo Run re\u00fane mil corredores na Orla em prol da conscientiza\u00e7\u00e3o e inclus\u00e3o no maior circuito do Nordeste","link":"https:\/\/ejornais.com.br\/index.php\/2024\/04\/15\/autismo-run-reune-mil-corredores-na-orla-em-prol-da-conscientizacao-e-inclusao-no-maior-circuito-do-nordeste\/"}],"amp_enabled":true,"_links":{"self":[{"href":"https:\/\/ejornais.com.br\/index.php\/wp-json\/wp\/v2\/posts\/23123","targetHints":{"allow":["GET"]}}],"collection":[{"href":"https:\/\/ejornais.com.br\/index.php\/wp-json\/wp\/v2\/posts"}],"about":[{"href":"https:\/\/ejornais.com.br\/index.php\/wp-json\/wp\/v2\/types\/post"}],"author":[{"embeddable":true,"href":"https:\/\/ejornais.com.br\/index.php\/wp-json\/wp\/v2\/users\/1"}],"replies":[{"embeddable":true,"href":"https:\/\/ejornais.com.br\/index.php\/wp-json\/wp\/v2\/comments?post=23123"}],"version-history":[{"count":0,"href":"https:\/\/ejornais.com.br\/index.php\/wp-json\/wp\/v2\/posts\/23123\/revisions"}],"wp:attachment":[{"href":"https:\/\/ejornais.com.br\/index.php\/wp-json\/wp\/v2\/media?parent=23123"}],"wp:term":[{"taxonomy":"category","embeddable":true,"href":"https:\/\/ejornais.com.br\/index.php\/wp-json\/wp\/v2\/categories?post=23123"},{"taxonomy":"post_tag","embeddable":true,"href":"https:\/\/ejornais.com.br\/index.php\/wp-json\/wp\/v2\/tags?post=23123"}],"curies":[{"name":"wp","href":"https:\/\/api.w.org\/{rel}","templated":true}]}}