{"id":23365,"date":"2024-04-18T08:10:46","date_gmt":"2024-04-18T11:10:46","guid":{"rendered":"https:\/\/ejornais.com.br\/index.php\/2024\/04\/18\/em-1-ano-de-integratiete-sabesp-leva-rede-de-esgoto-a-640-mil-pessoas\/"},"modified":"2024-04-18T08:10:46","modified_gmt":"2024-04-18T11:10:46","slug":"em-1-ano-de-integratiete-sabesp-leva-rede-de-esgoto-a-640-mil-pessoas","status":"publish","type":"post","link":"https:\/\/ejornais.com.br\/index.php\/2024\/04\/18\/em-1-ano-de-integratiete-sabesp-leva-rede-de-esgoto-a-640-mil-pessoas\/","title":{"rendered":"Em 1 ano de IntegraTiet\u00ea, Sabesp leva rede de esgoto a 640 mil pessoas"},"content":{"rendered":"<p><img decoding=\"async\" src=\"https:\/\/www.saopaulo.sp.gov.br\/wp-content\/uploads\/2024\/04\/ETE-BARUERI-1024x683-1.jpg\" \/><\/p>\n<div id=\"\">&#13;<br \/>\n                                <!-- Title -->&#13;<br \/>\n                                &#13;<br \/>\n&#13;<br \/>\n                                <!-- Excerpt -->&#13;<\/p>\n<p class=\"excerpt\">Expans\u00e3o de infraestrutura conecta mais de 211 mil im\u00f3veis ao sistema de coleta e tratamento, beneficiando tamb\u00e9m o meio ambiente<\/p>\n<p>&#13;<br \/>\n&#13;<br \/>\n                                &#13;\n                            <\/p><\/div>\n<div id=\"\">&#13;<\/p>\n<figure id=\"attachment_5864097\" style=\"width: 100%;max-width: 1024px\" class=\"wp-caption alignnone\"><figcaption class=\"wp-caption-text\">O programa prev\u00ea ainda o incremento de 1.568.087 novos domic\u00edlios no Alto Tiet\u00ea at\u00e9 2026<\/figcaption><\/figure>\n<p>Em um ano do lan\u00e7amento do\u00a0IntegraTiet\u00ea, a\u00a0Sabesp conectou ao sistema de coleta e tratamento de esgoto mais de 211 mil im\u00f3veis. Isso representa, al\u00e9m de ganhos ambientais, mais sa\u00fade e qualidade de vida para cerca de 640 mil moradores na Regi\u00e3o Metropolitana de S\u00e3o Paulo (RMSP), que passaram a ser atendidas com o ciclo completo do saneamento. O programa, lan\u00e7ado em mar\u00e7o de 2023 sob coordena\u00e7\u00e3o da Secretaria de Meio Ambiente, Infraestrutura e Log\u00edstica (Semil), visa a revitaliza\u00e7\u00e3o do Rio Tiet\u00ea e seus afluentes.<\/p>\n<p>\u201cCom o IntegraTiet\u00ea, buscamos uma combina\u00e7\u00e3o de esfor\u00e7os e a aplica\u00e7\u00e3o eficiente de recursos para construir a infraestrutura necess\u00e1ria para melhorar as condi\u00e7\u00f5es de vida dos moradores e a qualidade ambiental desse rio emblem\u00e1tico para os paulistas\u201d, explica o diretor-presidente da\u00a0Sabesp, Andr\u00e9 Salcedo. \u201cPara isso, estamos expandindo nossas redes e adotando nas esta\u00e7\u00f5es de tratamento um olhar inovador, em que buscamos a economia circular, o reaproveitamento. Isso aumenta a efici\u00eancia do processo e reduz o impacto ao meio ambiente.\u201d<\/p>\n<p>Por meio das melhorias das redes coletoras de esgotos, interceptores e coletores-tronco e aumento da capacidade de esta\u00e7\u00f5es de tratamento, a estimativa de investimentos passa de R$ 3,9 bilh\u00f5es para R$ 13,2 bilh\u00f5es, at\u00e9 2026, e chega a R$ 19,4 bilh\u00f5es, at\u00e9 2029.\u00a0No total, o programa prev\u00ea ainda o incremento de 1.568.087 novos domic\u00edlios no Alto Tiet\u00ea, no trecho que vai de Sales\u00f3polis at\u00e9 o encontro com o rio Pinheiros, at\u00e9 2026, e 2.218.243, at\u00e9 2029, benef\u00edcios que alcan\u00e7am, sobretudo, a Regi\u00e3o Metropolitana de S\u00e3o Paulo, reduzindo a carga org\u00e2nica no Tiet\u00ea e melhorando sua qualidade ambiental.<\/p>\n<p>Al\u00e9m da expans\u00e3o das redes coletoras, as a\u00e7\u00f5es em andamento da companhia no programa incluem a moderniza\u00e7\u00e3o e a amplia\u00e7\u00e3o da capacidade de cinco esta\u00e7\u00f5es de tratamento de esgoto do sistema integrado da RMSP: ABC, Barueri, Parque Novo Mundo, S\u00e3o Miguel e Suzano. Juntas, elas passar\u00e3o dos atuais 24,5 m\u00b3\/s de capacidade para 40,7 m\u00b3\/s, um aumento de 66%. Outras tr\u00eas esta\u00e7\u00f5es em Guarulhos ter\u00e3o sua produ\u00e7\u00e3o expandida de 0,5 m\u00b3\/s para 1,1 m\u00b3\/s, ou 120%: V\u00e1rzea do Pal\u00e1cio, S\u00e3o Jo\u00e3o e Bonsucesso.<\/p>\n<p>A moderniza\u00e7\u00e3o dessas ETEs vai prepar\u00e1-las para receber o novo volume coletado a partir de uma nova perspectiva, voltada para o reaproveitamento do potencial do esgoto com foco nos conceitos de economia circular e ESG (ambiente, social e governan\u00e7a, na sigla em ingl\u00eas). As obras v\u00e3o torn\u00e1-las esta\u00e7\u00f5es de recupera\u00e7\u00e3o de rios por meio de beneficiamento do lodo e do g\u00e1s gerados no processo e tamb\u00e9m da reciclagem do efluente para uso em ind\u00fastrias, poupando os mananciais. Essa nova estrat\u00e9gia vai diminuir o impacto ambiental e os custos operacionais, viabilizando usos sustent\u00e1veis do lodo e reduzindo de forma significativa a gera\u00e7\u00e3o dos gases de efeito estufa.<\/p>\n<p>O\u00a0IntegraTiet\u00ea\u00a0atua em frentes como a expans\u00e3o da coleta e tratamento de esgotos; controle de cheias; turismo e lazer; iniciativas de educa\u00e7\u00e3o ambiental, entre outras. A\u00a0Sabesp, integrante do eixo Sa\u00fade e qualidade de vida, adota no programa experi\u00eancias bem-sucedidas em a\u00e7\u00f5es anteriores, como, por exemplo, contratos de performance (que remuneram as empresas baseando-se nos resultados) e produ\u00e7\u00e3o de biog\u00e1s e \u00e1gua de reuso em esta\u00e7\u00f5es de tratamento.<\/p>\n<p>Siga o canal \u201cGoverno de S\u00e3o Paulo\u201d no WhatsApp:<br \/>https:\/\/bit.ly\/govspnozap<\/p>\n<\/p><\/div>\n","protected":false},"excerpt":{"rendered":"<p>&#13; &#13; &#13; &#13; &#13; Expans\u00e3o de infraestrutura conecta mais de 211 mil im\u00f3veis ao sistema de coleta e tratamento,<\/p>\n","protected":false},"author":1,"featured_media":0,"comment_status":"open","ping_status":"open","sticky":false,"template":"","format":"standard","meta":{"colormag_page_container_layout":"default_layout","colormag_page_sidebar_layout":"default_layout","footnotes":""},"categories":[1],"tags":[],"class_list":["post-23365","post","type-post","status-publish","format-standard","hentry","category-ejornais"],"aioseo_notices":[],"amp_enabled":true,"_links":{"self":[{"href":"https:\/\/ejornais.com.br\/index.php\/wp-json\/wp\/v2\/posts\/23365","targetHints":{"allow":["GET"]}}],"collection":[{"href":"https:\/\/ejornais.com.br\/index.php\/wp-json\/wp\/v2\/posts"}],"about":[{"href":"https:\/\/ejornais.com.br\/index.php\/wp-json\/wp\/v2\/types\/post"}],"author":[{"embeddable":true,"href":"https:\/\/ejornais.com.br\/index.php\/wp-json\/wp\/v2\/users\/1"}],"replies":[{"embeddable":true,"href":"https:\/\/ejornais.com.br\/index.php\/wp-json\/wp\/v2\/comments?post=23365"}],"version-history":[{"count":0,"href":"https:\/\/ejornais.com.br\/index.php\/wp-json\/wp\/v2\/posts\/23365\/revisions"}],"wp:attachment":[{"href":"https:\/\/ejornais.com.br\/index.php\/wp-json\/wp\/v2\/media?parent=23365"}],"wp:term":[{"taxonomy":"category","embeddable":true,"href":"https:\/\/ejornais.com.br\/index.php\/wp-json\/wp\/v2\/categories?post=23365"},{"taxonomy":"post_tag","embeddable":true,"href":"https:\/\/ejornais.com.br\/index.php\/wp-json\/wp\/v2\/tags?post=23365"}],"curies":[{"name":"wp","href":"https:\/\/api.w.org\/{rel}","templated":true}]}}